{"id":14187,"date":"2012-02-09T00:00:00","date_gmt":"2012-02-08T22:00:00","guid":{"rendered":"https:\/\/master.greenpeace.ch\/beitrag\/14187\/amazonas-kampagnen-direktor-und-waldschuetzer-wird-von-den-vereinten-nationen-zum-forest-hero-gekuert\/"},"modified":"2022-03-31T10:54:47","modified_gmt":"2022-03-31T08:54:47","slug":"amazonas-kampagnen-direktor-und-waldschuetzer-wird-von-den-vereinten-nationen-zum-forest-hero-gekuert","status":"publish","type":"post","link":"https:\/\/www.greenpeace.ch\/de\/story\/14187\/amazonas-kampagnen-direktor-und-waldschuetzer-wird-von-den-vereinten-nationen-zum-forest-hero-gekuert\/","title":{"rendered":"Amazonas Kampagnen Direktor und Waldsch\u00fctzer wird von den Vereinten Nationen zum \u00abForest-Hero\u00bb gek\u00fcrt."},"content":{"rendered":"<div class=\"post-content\">\n<p>Er ist nicht der Hardcore-Hero, der br\u00fcllend um sich schl\u00e4gt, Paulo Adario, ist vielmehr Leiter und Kopf der Amazonaskampagne. Und das sehr erfolgreich. Daf\u00fcr wird ihm heute ehrenvollerweise von den Vereinten Nationen die Auszeichnung des \u00abForest Hero\u00bb \u00fcberreicht. F\u00fcr das ausklingende Jahr des Waldes 2011 k\u00fcrten die Vereinten Nationen f\u00fcnf Waldsch\u00fctzer \u2013 Paulo ist der Preistr\u00e4ger aus Lateinamerika. Er ist auch keiner, der dies lautstark verk\u00fcnden w\u00fcrde, deshalb tun wir das f\u00fcr ihn.<\/p>\n<p>Seine Geschichte zum selbstlosen Schutz des Amazonas kann Inspiration f\u00fcr uns alle sein. Er verdeutlicht einmal mehr, was man erreichen kann, wenn man aktiv wird. Mitte der 1990er Jahre zog er deshalb von Rio de Janeiro nach Manaus \u2013 die Stadt mitten im Herz des Amazonas. Von dort begann er seine F\u00e4den f\u00fcr die Amazonas Kampagne zu ziehen. Er begann die Holzindustrie im Amazonas als Drahtzieher f\u00fcr die weitere Zerst\u00f6rung des Regenwaldes zu entlarven.<\/p>\n<p>2001 half er mit seinem Team dem Stamm der Deni, ihren Lebensraum \u2013 1,6 Millionen Hektar unber\u00fchrter Urwald \u2013 unter Schutz zu stellen. Die Kampagne gegen illegale Abholzung folgte im Anschluss und endete in einem Moratorium f\u00fcr den Handel mit Mahagoni-Holz 2003.<\/p>\n<p>Paulo brachte es dann auch die ersten Todesdrohungen ein. Aber so schnell liess sich Paulo nicht entmutigen. Er f\u00fchrte Gespr\u00e4che mit internationalen Unternehmen,\u00a0 um gegen die illegale Abholzung durch Soja und Rinderzucht anzuk\u00e4mpfen. Das Ergebnis waren das Soja- und Rinderzuchtmoratorium, die bis heute bestehen.<\/p>\n<p>Die Bilderstrecke ist nur ein kleiner Ausschnitt aus Paulo\u00b4s Geschichte und seinem Wirken im Amazones &#8211;\u00a0 aber sie zeigt einen wichtigen Teil unserer Arbeit in Brasilien und dem Amazonas Regenwald w\u00e4hrend der letzen 20 Jahre.<\/p>\n<\/div>\n","protected":false},"excerpt":{"rendered":"<p>\u00a0 Er ist nicht der Hardcore-Hero, der br\u00fcllend um sich schl\u00e4gt, Paulo Adario, ist vielmehr Leiter und Kopf der Amazonaskampagne. Und das sehr erfolgreich. Daf\u00fcr wird ihm heute ehrenvollerweise von&hellip;<\/p>\n","protected":false},"author":23,"featured_media":14189,"comment_status":"closed","ping_status":"open","sticky":false,"template":"","format":"standard","meta":{"_acf_changed":false,"_planet4_optimize_post_is_variant":false,"_planet4_optimize_experiment_name":"","_planet4_optimize_variant_name":"","ep_exclude_from_search":false,"p4_og_title":"","p4_og_description":"","p4_og_image":"","p4_og_image_id":"","p4_seo_canonical_url":"","p4_campaign_name":"not set","p4_local_project":"not set","p4_basket_name":"not set","p4_department":"","footnotes":""},"categories":[1],"tags":[40],"p4-page-type":[75],"gpch-article-type":[],"class_list":["post-14187","post","type-post","status-publish","format-standard","has-post-thumbnail","hentry","category-unkategorisiert","tag-wald","p4-page-type-story"],"acf":[],"_links":{"self":[{"href":"https:\/\/www.greenpeace.ch\/de\/wp-json\/wp\/v2\/posts\/14187","targetHints":{"allow":["GET"]}}],"collection":[{"href":"https:\/\/www.greenpeace.ch\/de\/wp-json\/wp\/v2\/posts"}],"about":[{"href":"https:\/\/www.greenpeace.ch\/de\/wp-json\/wp\/v2\/types\/post"}],"author":[{"embeddable":true,"href":"https:\/\/www.greenpeace.ch\/de\/wp-json\/wp\/v2\/users\/23"}],"replies":[{"embeddable":true,"href":"https:\/\/www.greenpeace.ch\/de\/wp-json\/wp\/v2\/comments?post=14187"}],"version-history":[{"count":0,"href":"https:\/\/www.greenpeace.ch\/de\/wp-json\/wp\/v2\/posts\/14187\/revisions"}],"wp:featuredmedia":[{"embeddable":true,"href":"https:\/\/www.greenpeace.ch\/de\/wp-json\/wp\/v2\/media\/14189"}],"wp:attachment":[{"href":"https:\/\/www.greenpeace.ch\/de\/wp-json\/wp\/v2\/media?parent=14187"}],"wp:term":[{"taxonomy":"category","embeddable":true,"href":"https:\/\/www.greenpeace.ch\/de\/wp-json\/wp\/v2\/categories?post=14187"},{"taxonomy":"post_tag","embeddable":true,"href":"https:\/\/www.greenpeace.ch\/de\/wp-json\/wp\/v2\/tags?post=14187"},{"taxonomy":"p4-page-type","embeddable":true,"href":"https:\/\/www.greenpeace.ch\/de\/wp-json\/wp\/v2\/p4-page-type?post=14187"},{"taxonomy":"gpch-article-type","embeddable":true,"href":"https:\/\/www.greenpeace.ch\/de\/wp-json\/wp\/v2\/gpch-article-type?post=14187"}],"curies":[{"name":"wp","href":"https:\/\/api.w.org\/{rel}","templated":true}]}}