{"id":14262,"date":"2011-12-22T00:00:00","date_gmt":"2011-12-21T22:00:00","guid":{"rendered":"https:\/\/master.greenpeace.ch\/beitrag\/14262\/tschechien-mit-gugelhupf-gegen-die-kohle\/"},"modified":"2019-05-30T12:29:20","modified_gmt":"2019-05-30T10:29:20","slug":"tschechien-mit-gugelhupf-gegen-die-kohle","status":"publish","type":"post","link":"https:\/\/www.greenpeace.ch\/de\/story\/14262\/tschechien-mit-gugelhupf-gegen-die-kohle\/","title":{"rendered":"Tschechien &#8211; Mit Gugelhupf gegen die Kohle"},"content":{"rendered":"<p><b>21 Greenpeace Aktivisten besetzten am 27. November in einer Kohlegrube bei Horn\u00ed Ji\u0159et\u00edn in Tschechien einen riesigen Kohlebagger. Die Bilder von der Aktion wirken gespenstisch. Neben dem riesigen Bagger scheinen unsere tschechischen Kollegen wie geschrumpft. Eine Aktivistin berichtet.<\/b><\/p>\n<div>\n<p><strong>Von Lucie Jake\u0161ov\u00e1, aufgezeichnet von Inga Laas.<\/strong><\/p>\n<p>\u00abIn meiner Heimat Tschechien wird fast die H\u00e4lfte des Energiebedarfs aus Kohle gedeckt. Anfang des Jahres hat Energieminister Kocourek angedroht, die 1991 festgesetzte Limite zur Kohlef\u00f6rderung aufzuheben, um noch mehr Kohle abbauen zu k\u00f6nnen. Dadurch sind nicht nur ganze Landschaften bedroht, sondern auch die Heimatorte vieler Menschen. So auch in Nordb\u00f6hmen. Hier w\u00fcrden durch eine Erweiterung der Braunkohletagebauten die Orte Horn\u00ed Ji\u0159et\u00edn und \u010cernice dem Erdboden gleich gemacht werden. Mehr als 2000 Menschen m\u00fcssten ihre Heimat verlassen. Das Verbrennen dieser Kohle w\u00fcrde 1,3 Milliarden Tonnen CO<sup>2<\/sup> mehr in der Atmosph\u00e4re bedeuten. Dagegen wollten wir ein Zeichen setzen.<\/p>\n<p><strong>Eisenmonster<\/strong><\/p>\n<p>Am Morgen des 27. November hatten wir Gl\u00fcck mit dem Wetter. Die Nacht war kalt und nass gewesen, aber es hatte nicht gefroren. Wir haben schon sehr fr\u00fch am Morgen mit der Aktion begonnen. Noch vor dem ersten Tageslicht waren wir dort. Als es d\u00e4mmerte, waren sechs unserer Aktivisten bereits auf den Bagger geklettert. Das Banner zu entrollen, war aber gar nicht so einfach: Die Motorschmiere der Maschine war rutschig und \u00fcberall.<\/p>\n<p>Wir wussten nat\u00fcrlich nicht, wie die Arbeiter an der Maschine reagieren w\u00fcrden. Wir hatten erwartet, dass sie eher sauer oder aggressiv werden. Aber es kam ganz anders! Wir sind in das Eisenmonster reingegangen und immer, wenn wir Arbeiter getroffen haben, haben wir ihnen hausgemachten Gugelhupf angeboten. Es klingt wirklich komisch, aber sie haben gelacht, den Kuchen angenommen und beobachtet, was wir machen. Die Kletterer konnten ohne Probleme bis zum Gipfel der Maschine hochsteigen. Das hatten wir \u00fcberhaupt nicht erwartet und waren \u00fcberrascht! Kletteraktion und Besetzung liefen also total friedlich.<\/p>\n<p><strong>Hat sich gelohnt!<\/strong><\/p>\n<p>Als die Polizei kam, wurden alle Aktivisten, Journalisten und Fotografen weggeschickt. Unser Campaigner hat dann einen anderen Ort gefunden, von wo aus man die Kletteraktion gut beobachten konnte. An der neuen Stelle haben wir keine Vorschriften missachtet, denn wir waren ja schon gar nicht mehr auf dem Gel\u00e4nde. Aber die Polizei war kompromisslos und hat uns alle unter Androhung einer Festnahme weggeschickt. Symbolisch hat unsere Aktion um 5 vor 12 geendet: Um unserem Regierungschef Ne\u010das zu zeigen, dass es h\u00f6chste Zeit ist, die Versprechungen zu halten und den Tagabbau von Braunkohle nicht zu erweitern.<\/p>\n<p>Wir sechs Kletterer wurden festgenommen, und es erwartet uns eine Strafe.<\/p>\n<p>Aber es ist nicht die erste, und gelohnt hat es sich allemal!\u00bb<\/p>\n<\/p>\n<div class=\"embedded-image-gallery promo general-form\">\n<h2>Tschechien &#8211; Mit Gugelhupf gegen die Kohle<\/h2>\n<div class=\"gallery\">\n<div class=\"img-nav\">\n<div class=\"carousel\">\n<ul class=\"img-list galleria\">\n<li class=\"active\">\n                            <a title=\"Besetzung der Kohlegrube Horn\u00ed Ji\u0159et\u00edn in Tschechien\" href=\"\/switzerland\/de\/News_Stories\/Multimedia\/Fotos\/Tschechien-Kohle\/Besetzung-der-Kohlegrube-Horni-Jietin-in-Tschechien\/\" rel=\"21 Greenpeace Aktivisten besetzen am 27. November in einer Kohlegrube bei Horn\u00ed Ji\u0159et\u00edn in Tschechien einen  Kohlebagger. Sie fordern die Regierung auf, den Tagabbau von Kohle nicht wie geplant zu erweitern.~^Greenpeace~^https:\/\/www.greenpeace.ch\/static\/planet4-switzerland-stateless\/2019\/05\/c3b85162-c3b85162-1112_rypadlo_celkove_web.jpg~^279643\"><br \/>\n                                <img decoding=\"async\" id=\"ctl00_cphContentArea_Property3_ctl00_ctl02_ctl00_repImages_ctl00_thumbImg\" title=\"Besetzung der Kohlegrube Horn\u00ed Ji\u0159et\u00edn in Tschechien\" src=\"https:\/\/www.greenpeace.ch\/static\/planet4-switzerland-stateless\/2019\/05\/c3b85162-c3b85162-1112_rypadlo_celkove_web.jpg\" alt=\"Besetzung der Kohlegrube Horn\u00ed Ji\u0159et\u00edn in Tschechien\" style=\"border-width:0px;\"><br \/>\n                            <\/a>\n                        <\/li>\n<li>\n                            <a title=\"Besetzung der Kohlegrube Horn\u00ed Ji\u0159et\u00edn in Tschechien\" href=\"\/switzerland\/de\/News_Stories\/Multimedia\/Fotos\/Tschechien-Kohle\/rypadlo_transparent_1jpg\/\" rel=\"21 Greenpeace Aktivisten besetzen am 27. November in einer Kohlegrube bei Horn\u00ed Ji\u0159et\u00edn in Tschechien einen  Kohlebagger. Sie fordern die Regierung auf, den Tagabbau von Kohle nicht wie geplant zu erweitern.~^Greenpeace~^https:\/\/www.greenpeace.ch\/static\/planet4-switzerland-stateless\/2019\/05\/84b2260d-84b2260d-rypadlo_transparent_1.jpg~^279619\"><br \/>\n                                <img decoding=\"async\" id=\"ctl00_cphContentArea_Property3_ctl00_ctl02_ctl00_repImages_ctl01_thumbImg\" title=\"Besetzung der Kohlegrube Horn\u00ed Ji\u0159et\u00edn in Tschechien\" src=\"https:\/\/www.greenpeace.ch\/static\/planet4-switzerland-stateless\/2019\/05\/84b2260d-84b2260d-rypadlo_transparent_1.jpg\" alt=\"Besetzung der Kohlegrube Horn\u00ed Ji\u0159et\u00edn in Tschechien\" style=\"border-width:0px;\"><br \/>\n                            <\/a>\n                        <\/li>\n<li>\n                            <a title=\"Aktivisten auf dem Kohlebagger\" href=\"\/switzerland\/de\/News_Stories\/Multimedia\/Fotos\/Tschechien-Kohle\/DSCF8455jpg\/\" rel=\"Mit Blick auf die besetzte Kohlegrube in Horn\u00ed Ji\u0159et\u00edn in Tschechien seilt sich ein Kletterer mit einem Transparent von einem riesigen Schaufelbagger ab.~^Greenpeace\/Zby\u0161ek Jakubowicz                                                                                                                                ~^https:\/\/www.greenpeace.ch\/static\/planet4-switzerland-stateless\/2019\/05\/66bed5df-66bed5df-dscf8455.jpg~^279593\"><br \/>\n                                <img decoding=\"async\" id=\"ctl00_cphContentArea_Property3_ctl00_ctl02_ctl00_repImages_ctl02_thumbImg\" title=\"Aktivisten auf dem Kohlebagger\" src=\"https:\/\/www.greenpeace.ch\/static\/planet4-switzerland-stateless\/2019\/05\/66bed5df-66bed5df-dscf8455.jpg\" alt=\"Aktivisten auf dem Kohlebagger\" style=\"border-width:0px;\"><br \/>\n                            <\/a>\n                        <\/li>\n<li>\n                            <a title=\"Aktivisten auf dem Kohlebagger\" href=\"\/switzerland\/de\/News_Stories\/Multimedia\/Fotos\/Tschechien-Kohle\/DSCF8417jpg\/\" rel=\"Mit Blick auf die besetzte Kohlegrube in Horn\u00ed Ji\u0159et\u00edn in Tschechien seilt sich ein Kletterer mit einem Transparent von einem riesigen Schaufelbagger ab.~^Greenpeace \/ Zby\u0161ek Jakubowicz                                                                                                ~^https:\/\/www.greenpeace.ch\/static\/planet4-switzerland-stateless\/2019\/05\/290c964d-290c964d-dscf8417.jpg~^279592\"><br \/>\n                                <img decoding=\"async\" id=\"ctl00_cphContentArea_Property3_ctl00_ctl02_ctl00_repImages_ctl03_thumbImg\" title=\"Aktivisten auf dem Kohlebagger\" src=\"https:\/\/www.greenpeace.ch\/static\/planet4-switzerland-stateless\/2019\/05\/290c964d-290c964d-dscf8417.jpg\" alt=\"Aktivisten auf dem Kohlebagger\" style=\"border-width:0px;\"><br \/>\n                            <\/a>\n                        <\/li>\n<li>\n                            <a title=\"Greenpeace Aktivisten entfalten Banner an Kohlebagger\" href=\"\/switzerland\/de\/News_Stories\/Multimedia\/Fotos\/Tschechien-Kohle\/DSCF8579jpg\/\" rel=\"Greenpeace Kletterer entfalten ein Transparent an einem Schaufelbagger in Horn\u00ed Ji\u0159et\u00edn in Tschechien.~^Greenpeace \/ Zby\u0161ek Jakubowicz                                                                                                                              ~^https:\/\/www.greenpeace.ch\/static\/planet4-switzerland-stateless\/2019\/05\/f3a71b61-f3a71b61-dscf8579.jpg~^279599\"><br \/>\n                                <img decoding=\"async\" id=\"ctl00_cphContentArea_Property3_ctl00_ctl02_ctl00_repImages_ctl04_thumbImg\" title=\"Greenpeace Aktivisten entfalten Banner an Kohlebagger\" src=\"https:\/\/www.greenpeace.ch\/static\/planet4-switzerland-stateless\/2019\/05\/f3a71b61-f3a71b61-dscf8579.jpg\" alt=\"Greenpeace Aktivisten entfalten Banner an Kohlebagger\" style=\"border-width:0px;\"><br \/>\n                            <\/a>\n                        <\/li>\n<li>\n                            <a title=\"Greenpeace Aktivisten entfalten Banner an Kohlebagger\" href=\"\/switzerland\/de\/News_Stories\/Multimedia\/Fotos\/Tschechien-Kohle\/DSCF8635jpg\/\" rel=\"Die Aktion aus der Sicht der Aktivisten: Blick auf ein geh\u00e4ngtes Banner am riesigen Kohlebagger in Horn\u00ed Ji\u0159et\u00edn in Tschechien.~^Greenpeace \/ Zby\u0161ek Jakubowicz                                                                                                                                ~^https:\/\/www.greenpeace.ch\/static\/planet4-switzerland-stateless\/2019\/05\/d1948807-d1948807-dscf8635.jpg~^279600\"><br \/>\n                                <img decoding=\"async\" id=\"ctl00_cphContentArea_Property3_ctl00_ctl02_ctl00_repImages_ctl05_thumbImg\" title=\"Greenpeace Aktivisten entfalten Banner an Kohlebagger\" src=\"https:\/\/www.greenpeace.ch\/static\/planet4-switzerland-stateless\/2019\/05\/d1948807-d1948807-dscf8635.jpg\" alt=\"Greenpeace Aktivisten entfalten Banner an Kohlebagger\" style=\"border-width:0px;\"><br \/>\n                            <\/a>\n                        <\/li>\n<li>\n                            <a title=\"Besetzung der Kohlegrube Horn\u00ed Ji\u0159et\u00edn in Tschechien \" href=\"\/switzerland\/de\/News_Stories\/Multimedia\/Fotos\/Tschechien-Kohle\/Greenpeace_excavator_29112011__01jpg\/\" rel=\"21 Greenpeace Aktivisten besetzen am 27. November in einer Kohlegrube bei Horn\u00ed Ji\u0159et\u00edn in Tschechien einen riesigen Kohlebagger. Die Bilder von der Aktion wirken gespenstisch. Neben dem riesigen Bagger scheinen unsere tschechischen Kollegen wie geschrumpft. ~^Greenpeace \/ Roman Rogner~^https:\/\/www.greenpeace.ch\/static\/planet4-switzerland-stateless\/2019\/05\/7dc4df82-7dc4df82-greenpeace_excavator_29112011__01.jpg~^279602\"><br \/>\n                                <img decoding=\"async\" id=\"ctl00_cphContentArea_Property3_ctl00_ctl02_ctl00_repImages_ctl06_thumbImg\" title=\"Besetzung der Kohlegrube Horn\u00ed Ji\u0159et\u00edn in Tschechien \" src=\"https:\/\/www.greenpeace.ch\/static\/planet4-switzerland-stateless\/2019\/05\/7dc4df82-7dc4df82-greenpeace_excavator_29112011__01.jpg\" alt=\"Besetzung der Kohlegrube Horn\u00ed Ji\u0159et\u00edn in Tschechien \" style=\"border-width:0px;\"><br \/>\n                            <\/a>\n                        <\/li>\n<li>\n                            <a title=\"Besetzung der Kohlegrube Horn\u00ed Ji\u0159et\u00edn in Tschechien\" href=\"\/switzerland\/de\/News_Stories\/Multimedia\/Fotos\/Tschechien-Kohle\/Greenpeace_excavator_29112011__08jpg\/\" rel=\"21 Greenpeace Aktivisten besetzen am 27. November in einer Kohlegrube bei Horn\u00ed Ji\u0159et\u00edn in Tschechien einen  Kohlebagger. Sie fordern die Regierung auf, den Tagabbau von Kohle nicht wie geplant zu erweitern.~^Greenpeace \/ Ibra Ibrahimovic~^https:\/\/www.greenpeace.ch\/static\/planet4-switzerland-stateless\/2019\/05\/84943e4d-84943e4d-greenpeace_excavator_29112011__08.jpg~^279609\"><br \/>\n                                <img decoding=\"async\" id=\"ctl00_cphContentArea_Property3_ctl00_ctl02_ctl00_repImages_ctl07_thumbImg\" title=\"Besetzung der Kohlegrube Horn\u00ed Ji\u0159et\u00edn in Tschechien\" src=\"https:\/\/www.greenpeace.ch\/static\/planet4-switzerland-stateless\/2019\/05\/84943e4d-84943e4d-greenpeace_excavator_29112011__08.jpg\" alt=\"Besetzung der Kohlegrube Horn\u00ed Ji\u0159et\u00edn in Tschechien\" style=\"border-width:0px;\"><br \/>\n                            <\/a>\n                        <\/li>\n<li>\n                            <a title=\"Besetzung der Kohlegrube Horn\u00ed Ji\u0159et\u00edn in Tschechien \" href=\"\/switzerland\/de\/News_Stories\/Multimedia\/Fotos\/Tschechien-Kohle\/Greenpeace_excavator_29112011__09jpg\/\" rel=\"21 Greenpeace Aktivisten besetzen am 27. November in einer Kohlegrube bei Horn\u00ed Ji\u0159et\u00edn in Tschechien einen riesigen Kohlebagger. Die Bilder von der Aktion wirken gespenstisch. Neben dem riesigen Bagger scheinen unsere tschechischen Kollegen wie geschrumpft. ~^Greenpeace \/ Ibra Ibrahimovic~^https:\/\/www.greenpeace.ch\/static\/planet4-switzerland-stateless\/2019\/05\/a5c73bdc-a5c73bdc-greenpeace_excavator_29112011__09.jpg~^279610\"><br \/>\n                                <img decoding=\"async\" id=\"ctl00_cphContentArea_Property3_ctl00_ctl02_ctl00_repImages_ctl08_thumbImg\" title=\"Besetzung der Kohlegrube Horn\u00ed Ji\u0159et\u00edn in Tschechien \" src=\"https:\/\/www.greenpeace.ch\/static\/planet4-switzerland-stateless\/2019\/05\/a5c73bdc-a5c73bdc-greenpeace_excavator_29112011__09.jpg\" alt=\"Besetzung der Kohlegrube Horn\u00ed Ji\u0159et\u00edn in Tschechien \" style=\"border-width:0px;\"><br \/>\n                            <\/a>\n                        <\/li>\n<li>\n                            <a title=\"Besetzung der Kohlegrube Horn\u00ed Ji\u0159et\u00edn in Tschechien\" href=\"\/switzerland\/de\/News_Stories\/Multimedia\/Fotos\/Tschechien-Kohle\/Greenpeace_excavator_29112011__10jpg\/\" rel=\"21 Greenpeace Aktivisten besetzen am 27. November in einer Kohlegrube bei Horn\u00ed Ji\u0159et\u00edn in Tschechien einen  Kohlebagger. Sie fordern die Regierung auf, den Tagabbau von Kohle nicht wie geplant zu erweitern.~^Greenpeace \/ Ibra Ibrahimovic~^https:\/\/www.greenpeace.ch\/static\/planet4-switzerland-stateless\/2019\/05\/69ce07a9-69ce07a9-greenpeace_excavator_29112011__10.jpg~^279611\"><br \/>\n                                <img decoding=\"async\" id=\"ctl00_cphContentArea_Property3_ctl00_ctl02_ctl00_repImages_ctl09_thumbImg\" title=\"Besetzung der Kohlegrube Horn\u00ed Ji\u0159et\u00edn in Tschechien\" src=\"https:\/\/www.greenpeace.ch\/static\/planet4-switzerland-stateless\/2019\/05\/69ce07a9-69ce07a9-greenpeace_excavator_29112011__10.jpg\" alt=\"Besetzung der Kohlegrube Horn\u00ed Ji\u0159et\u00edn in Tschechien\" style=\"border-width:0px;\"><br \/>\n                            <\/a>\n                        <\/li>\n<li>\n                            <a title=\"Besetzung der Kohlegrube Horn\u00ed Ji\u0159et\u00edn in Tschechien\" href=\"\/switzerland\/de\/News_Stories\/Multimedia\/Fotos\/Tschechien-Kohle\/Greenpeace_excavator_29112011__13jpg\/\" rel=\"21 Greenpeace Aktivisten besetzen am 27. November in einer Kohlegrube bei Horn\u00ed Ji\u0159et\u00edn in Tschechien einen  Kohlebagger. Sie fordern die Regierung auf, den Tagabbau von Kohle nicht wie geplant zu erweitern.~^Greenpeace \/ Ibra Ibrahimovic~^https:\/\/www.greenpeace.ch\/static\/planet4-switzerland-stateless\/2019\/05\/75695b8f-75695b8f-greenpeace_excavator_29112011__13.jpg~^279614\"><br \/>\n                                <img decoding=\"async\" id=\"ctl00_cphContentArea_Property3_ctl00_ctl02_ctl00_repImages_ctl10_thumbImg\" title=\"Besetzung der Kohlegrube Horn\u00ed Ji\u0159et\u00edn in Tschechien\" src=\"https:\/\/www.greenpeace.ch\/static\/planet4-switzerland-stateless\/2019\/05\/75695b8f-75695b8f-greenpeace_excavator_29112011__13.jpg\" alt=\"Besetzung der Kohlegrube Horn\u00ed Ji\u0159et\u00edn in Tschechien\" style=\"border-width:0px;\"><br \/>\n                            <\/a>\n                        <\/li>\n<li>\n                            <a title=\"Besetzung der Kohlegrube Horn\u00ed Ji\u0159et\u00edn in Tschechien\" href=\"\/switzerland\/de\/News_Stories\/Multimedia\/Fotos\/Tschechien-Kohle\/Besetzung-der-Kohlegrube-Horni-Jietin-in-Tschechien1\/\" rel=\"21 Greenpeace Aktivisten besetzen am 27. November in einer Kohlegrube bei Horn\u00ed Ji\u0159et\u00edn in Tschechien einen  Kohlebagger. Sie fordern die Regierung auf, den Tagabbau von Kohle nicht wie geplant zu erweitern.~^Greenpeace \/ Ibra Ibrahimovic~^https:\/\/www.greenpeace.ch\/static\/planet4-switzerland-stateless\/2019\/05\/74ef99c7-74ef99c7-1112_greenpeace_excavator_29112011__06_web.jpg~^279644\"><br \/>\n                                <img decoding=\"async\" id=\"ctl00_cphContentArea_Property3_ctl00_ctl02_ctl00_repImages_ctl11_thumbImg\" title=\"Besetzung der Kohlegrube Horn\u00ed Ji\u0159et\u00edn in Tschechien\" src=\"https:\/\/www.greenpeace.ch\/static\/planet4-switzerland-stateless\/2019\/05\/74ef99c7-74ef99c7-1112_greenpeace_excavator_29112011__06_web.jpg\" alt=\"Besetzung der Kohlegrube Horn\u00ed Ji\u0159et\u00edn in Tschechien\" style=\"border-width:0px;\"><br \/>\n                            <\/a>\n                        <\/li>\n<\/ul>\n<\/div>\n<\/div>\n<\/div>\n<div class=\"text\">\n<p class=\"description\">\n<p class=\"copyright\">\u00a9 Greenpeace<\/p>\n<\/div>\n<\/div>\n<div>\n<p><strong><br \/>Hintergrund: Falsche Energiewende<\/strong><\/p>\n<p> 1991 f\u00fchrte Tschechien ein Limite f\u00fcr die F\u00f6rderung von\u00a0 Braunkohle in Nordb\u00f6hmen ein. Zum Schutz und Erhalt der lokalen Landschaft. Es wurden Kohlelagerungsst\u00e4tten ausgesucht, in welchen gef\u00f6rdert werden durfte und solche Gebiete bestimmt, die von den Kohleunternehmen nicht angetastet werden sollten. Eine erfreuliche Entwicklung im Sinne der Energiewende.<\/p>\n<p>Nun aber hat Energieminister Kocourek anfang dieses Jahres angedroht, ebendiese alte Limite anzuheben, um mehr Kohle zu f\u00f6rdern. Sollte die Regierung Ne\u010das die F\u00f6rderungslimite zuk\u00fcnftig ignorieren, k\u00f6nnte der Ausbau der Kohlegruben Gemeinden wie Horn\u00ed Ji\u0159et\u00edn (Obergeorgenthal) vollst\u00e4ndig vernichten. Bleibt zu hoffen, dass David den Kampf gegen Goliath gewinnt und Tschechiens Premier Ne\u010da sich gegen die Kohle und f\u00fcr eine neue Energiepolitik entscheidet.<\/p>\n<\/div>\n<\/div>\n","protected":false},"excerpt":{"rendered":"<p>21 Greenpeace Aktivisten besetzten am 27. November in einer Kohlegrube bei Horn\u00ed Ji\u0159et\u00edn in Tschechien einen riesigen Kohlebagger. Die Bilder von der Aktion wirken gespenstisch. Neben dem riesigen Bagger scheinen&hellip;<\/p>\n","protected":false},"author":23,"featured_media":14264,"comment_status":"closed","ping_status":"open","sticky":false,"template":"","format":"standard","meta":{"_acf_changed":false,"_planet4_optimize_post_is_variant":false,"_planet4_optimize_experiment_name":"","_planet4_optimize_variant_name":"","ep_exclude_from_search":false,"p4_og_title":"","p4_og_description":"","p4_og_image":"","p4_og_image_id":"","p4_seo_canonical_url":"","p4_campaign_name":"","p4_local_project":"","p4_basket_name":"","p4_department":"","footnotes":""},"categories":[1],"tags":[],"p4-page-type":[75],"gpch-article-type":[],"class_list":["post-14262","post","type-post","status-publish","format-standard","has-post-thumbnail","hentry","category-unkategorisiert","p4-page-type-story"],"acf":[],"_links":{"self":[{"href":"https:\/\/www.greenpeace.ch\/de\/wp-json\/wp\/v2\/posts\/14262","targetHints":{"allow":["GET"]}}],"collection":[{"href":"https:\/\/www.greenpeace.ch\/de\/wp-json\/wp\/v2\/posts"}],"about":[{"href":"https:\/\/www.greenpeace.ch\/de\/wp-json\/wp\/v2\/types\/post"}],"author":[{"embeddable":true,"href":"https:\/\/www.greenpeace.ch\/de\/wp-json\/wp\/v2\/users\/23"}],"replies":[{"embeddable":true,"href":"https:\/\/www.greenpeace.ch\/de\/wp-json\/wp\/v2\/comments?post=14262"}],"version-history":[{"count":0,"href":"https:\/\/www.greenpeace.ch\/de\/wp-json\/wp\/v2\/posts\/14262\/revisions"}],"wp:featuredmedia":[{"embeddable":true,"href":"https:\/\/www.greenpeace.ch\/de\/wp-json\/wp\/v2\/media\/14264"}],"wp:attachment":[{"href":"https:\/\/www.greenpeace.ch\/de\/wp-json\/wp\/v2\/media?parent=14262"}],"wp:term":[{"taxonomy":"category","embeddable":true,"href":"https:\/\/www.greenpeace.ch\/de\/wp-json\/wp\/v2\/categories?post=14262"},{"taxonomy":"post_tag","embeddable":true,"href":"https:\/\/www.greenpeace.ch\/de\/wp-json\/wp\/v2\/tags?post=14262"},{"taxonomy":"p4-page-type","embeddable":true,"href":"https:\/\/www.greenpeace.ch\/de\/wp-json\/wp\/v2\/p4-page-type?post=14262"},{"taxonomy":"gpch-article-type","embeddable":true,"href":"https:\/\/www.greenpeace.ch\/de\/wp-json\/wp\/v2\/gpch-article-type?post=14262"}],"curies":[{"name":"wp","href":"https:\/\/api.w.org\/{rel}","templated":true}]}}