{"id":14304,"date":"2011-12-21T00:00:00","date_gmt":"2011-12-20T22:00:00","guid":{"rendered":"https:\/\/master.greenpeace.ch\/beitrag\/14304\/eu-legt-fischfangmengen-fuer-2012-fest\/"},"modified":"2019-05-30T12:30:09","modified_gmt":"2019-05-30T10:30:09","slug":"eu-legt-fischfangmengen-fuer-2012-fest","status":"publish","type":"post","link":"https:\/\/www.greenpeace.ch\/de\/story\/14304\/eu-legt-fischfangmengen-fuer-2012-fest\/","title":{"rendered":"EU legt Fischfangmengen f\u00fcr 2012 fest"},"content":{"rendered":"<p><b>Minister ignorieren erneut Wissenschafts-Rat<\/b><\/p>\n<div class=\"post-content\">\n<div>\n<h2><span>Minister ignorieren erneut Wissenschafts-Rat<\/span><\/h2>\n<p>Am Wochenende legten die EU-Fischereiminister in Br\u00fcssel die Fangquoten  f\u00fcr das kommende Jahr fest und entschieden damit, wie viel Fisch jedes  Mitgliedsland aus Nordsee und Atlantik 2012 herausfischen darf. Ein \u00abWeihnachtswunder\u00bb f\u00fcr so bekannte Speisefischarten wie Kabeljau,  Hering, Seezunge und Scholle blieb dabei, wie in den vergangenen Jahren,  aus.<\/p>\n<p>Die 27 EU-Minister haben erneut die Empfehlungen der Wissenschaftler ignoriert und stattdessen viel zu hohe Fangmengen freigegeben &#8211; mit fatalen Folgen f\u00fcr die Fischbest\u00e4nde.<\/p>\n<p>Die gr\u00f6ssten Unterschiede zu den Empfehlungen der Wissenschaftler:<\/p>\n<table border=\"0\" cellspacing=\"5\" cellpadding=\"5\" align=\"left\">\n<tbody style=\"vertical-align: top;\">\n<tr>\n<td>\n<div class=\"events-box small-box left\">\n<div class=\"frame reset-padding\">\n        <a class=\"open-img EnlargeImage\" href=\"https:\/\/www.greenpeace.ch\/static\/planet4-switzerland-stateless\/2019\/05\/2f14914d-2f14914d-kablejau-cod-gadus-morhua.jpg\" title=\"\"><br \/>\n            <img decoding=\"async\" id=\"ctl00_cphContentArea_epiEntryContent_ctl00_ctl02_Image1\" class=\"Thumbnail\" src=\"https:\/\/www.greenpeace.ch\/static\/planet4-switzerland-stateless\/2019\/05\/2f14914d-2f14914d-kablejau-cod-gadus-morhua.jpg\" alt=\"\" style=\"border-width:0px;\"><\/p>\n<p>        <\/a>\n    <\/div>\n<div class=\"hidden\">\n        <span class=\"date\"><\/span><br \/>\n        <strong><\/strong><\/p>\n<\/p>\n<\/div>\n<\/div>\n<\/td>\n<td>\n<p><strong>Kabeljau:<\/strong> W\u00e4hrend die Fischereibiologen des Internationalen Rates f\u00fcr Meeresforschung (ICES) f\u00fcr den Kabeljau im Kattegat und in der Irischen See eine Senkung der Fangmenge um 100 Prozent vorgeschlagen hatte, wurde die Quote nur um 30 Prozent gek\u00fcrzt.\u00a0Die EU-Kommission setzte sich aber mit dem Vorschlag durch, die Kabeljau-Fischerei im Gebiet Westschottland wegen \u00dcberfischung zu verbieten. Die Fangmengen f\u00fcr Kabeljau in der Nordsee liegen um einen Prozentpunkt unter dem Niveau des Vorjahrs.<\/p>\n<\/td>\n<\/tr>\n<tr>\n<td>\n<div class=\"events-box small-box left\">\n<div class=\"frame reset-padding\">\n        <a class=\"open-img EnlargeImage\" href=\"https:\/\/www.greenpeace.ch\/static\/planet4-switzerland-stateless\/2019\/05\/f41da3a2-f41da3a2-herring.jpg\" title=\"\"><br \/>\n            <img decoding=\"async\" id=\"ctl00_cphContentArea_epiEntryContent_ctl00_ctl04_Image1\" class=\"Thumbnail\" src=\"https:\/\/www.greenpeace.ch\/static\/planet4-switzerland-stateless\/2019\/05\/f41da3a2-f41da3a2-herring.jpg\" alt=\"\" style=\"border-width:0px;\"><\/p>\n<p>        <\/a>\n    <\/div>\n<div class=\"hidden\">\n        <span class=\"date\"><\/span><br \/>\n        <strong><\/strong><\/p>\n<\/p>\n<\/div>\n<\/div>\n<\/td>\n<td>\n<p><strong>Hering:<\/strong> 68 Prozent mehr Hering darf in der s\u00fcdlichen Nordsee (Fanggebiet IVc) gefangen werden, obwohl die Fischereibiologen hier nur eine Steigerung um 19 Prozent empfohlen hatten. Deutsche Kutter k\u00f6nnen gleich 140 Prozent mehr Hering fischen; 2012 werden damit insgesamt rund 405.000 Tonnen Nordsee-Hering gefischt.<\/p>\n<\/td>\n<\/tr>\n<tr>\n<td>\n<div class=\"events-box small-box left\">\n<div class=\"frame reset-padding\">\n        <a class=\"open-img EnlargeImage\" href=\"https:\/\/www.greenpeace.ch\/static\/planet4-switzerland-stateless\/2019\/05\/c507f966-c507f966-scholle-plaice.jpg\" title=\"\"><br \/>\n            <img decoding=\"async\" id=\"ctl00_cphContentArea_epiEntryContent_ctl00_ctl06_Image1\" class=\"Thumbnail\" src=\"https:\/\/www.greenpeace.ch\/static\/planet4-switzerland-stateless\/2019\/05\/c507f966-c507f966-scholle-plaice.jpg\" alt=\"\" style=\"border-width:0px;\"><\/p>\n<p>        <\/a>\n    <\/div>\n<div class=\"hidden\">\n        <span class=\"date\"><\/span><br \/>\n        <strong><\/strong><\/p>\n<\/p>\n<\/div>\n<\/div>\n<\/td>\n<td>\n<p><strong>Scholle:<\/strong> Auch f\u00fcr die Nordsee-Scholle gab es eine Erh\u00f6hung von 15 Prozent.<\/p>\n<\/td>\n<\/tr>\n<tr>\n<td>\n<div class=\"events-box small-box left\">\n<div class=\"frame reset-padding\">\n        <a class=\"open-img EnlargeImage\" href=\"https:\/\/www.greenpeace.ch\/static\/planet4-switzerland-stateless\/2019\/05\/671211af-671211af-angler-monkfish.jpg\" title=\"\"><br \/>\n            <img decoding=\"async\" id=\"ctl00_cphContentArea_epiEntryContent_ctl00_ctl08_Image1\" class=\"Thumbnail\" src=\"https:\/\/www.greenpeace.ch\/static\/planet4-switzerland-stateless\/2019\/05\/671211af-671211af-angler-monkfish.jpg\" alt=\"\" style=\"border-width:0px;\"><\/p>\n<p>        <\/a>\n    <\/div>\n<div class=\"hidden\">\n        <span class=\"date\"><\/span><br \/>\n        <strong><\/strong><\/p>\n<\/p>\n<\/div>\n<\/div>\n<\/td>\n<td>\n<p><strong>Seeteufel:<\/strong> Besonders die spanische Fischereiflotte kann sich freuen: Ihre zul\u00e4ssigen Fangmenge f\u00fcr Seeteufel steigt um 110 Prozent.<\/p>\n<\/td>\n<\/tr>\n<\/tbody>\n<\/table>\n<p>Bei den j\u00e4hrlich festgelegten Fangquoten (engl. TACs = total allowable catches) handelt es sich um Fangmengenbeschr\u00e4nkungen f\u00fcr die wichtigsten Speisefischarten. Die TACs werden von der EU-Kommission vorgeschlagen und basieren auf den wissenschaftlichen Gutachten des Internationalen Rates f\u00fcr Meeresforschung (ICES) zum Zustand der Fischbest\u00e4nde. Die endg\u00fcltige Entscheidung \u00fcber die Fangquoten liegt aber beim Rat der Fischereiminister der Mitgliedstaaten.<\/p>\n<p>\u00abWenn es mit der \u00dcberfischung so weitergeht, wird es bald keinen Fisch mehr geben, um den man verhandeln kann, stattdessen viele arbeitslose Fischer\u00bb, sagt Antje Helms, Meeresexpertin BEI Greenpeace \u00d6sterreich. \u00abDie Minister m\u00fcssen der Fischerei-Industrie die Rute ins Fenster stellen: Nur wenn jetzt \u00dcberkapazit\u00e4ten abgebaut werden und sich Fischbest\u00e4nde erholen k\u00f6nnen, hat die Branche \u00fcberhaupt eine Zukunft\u00bb.<\/p>\n<h4>Dramatische \u00dcberfischung<\/h4>\n<p>Die Lage der europ\u00e4ischen Fischbest\u00e4nde ist dramatisch: \u00dcber 70% der europ\u00e4ischen Best\u00e4nde gelten als \u00fcberfischt. Europas Fischerei-Management gilt als eines der schlechtesten auf der Welt. Daran ist die bisherige verfehlte Fischereipolitik der EU schuld: Fangquoten weit \u00fcber den wissenschaftlichen Empfehlungen waren bisher an der Tagesordnung.<\/p>\n<p>Die europ\u00e4ische Flotte fischt zudem zerst\u00f6rerisch und verschwenderisch. Ein Grossteil des jetzigen Fanges wird gefischt, get\u00f6tet und dann wieder \u00fcber Bord geworfen.\u00a0Damit sich Europas Fischbest\u00e4nde erholen k\u00f6nnen, fordert Greenpeace einen massiven Abbau derjenigen EU-Fangkapazit\u00e4ten, die die gr\u00f6ssten Umweltsch\u00e4den verursachen. Denn f\u00fcr die noch verbleibenden Fische ist die riesige EU-Fischereiflotte zu gross: Zu viele Fischer jagen zu wenig Fisch.<\/p>\n<p><img decoding=\"async\" src=\"..\/..\/..\/..\/..\/..\/Global\/austria\/grafiken\/act-arrow.png\" alt=\"\"> <a href=\"http:\/\/www.greenpeace.de\/themen\/meere\/nachrichten\/artikel\/supermarktranking_2011_fortschritte_beim_fischeinkauf\/\">Hier geht&#8217;s zum Fisch-Supermarktranking 2011 unserer Nachbarn in Deutschland<\/a><\/p>\n<p><a href=\"..\/..\/..\/..\/..\/..\/Globalhttps:\/\/www.greenpeace.ch\/wp-content\/uploads\/2017\/01\/110809meere_Karte_SylterAussenriff.pdf\"><img loading=\"lazy\" decoding=\"async\" src=\"..\/..\/..\/..\/..\/..\/Global\/austria\/grafiken\/act-arrow.png\" alt=\"\" width=\"10\" height=\"9\"><\/a> <a href=\"http:\/\/www.greenpeace.org\/austria\/de\/News\/Aktuelle-Meldungen\/Meere-News\/Schlechtes-Zeugnis-fur-Dosen-Tunfisch\/\">Hier geht&#8217;s zum Thunfisch-Dosen Ranking unserer Nachbarn in \u00d6sterreich<\/a><\/p>\n<p>\u00a0<\/p>\n<p><a title=\"Jetzt David werden!\" href=\"http:\/\/clk.tradedoubler.com\/click?p=212307&amp;loc=105153&amp;g=20065268\"><img loading=\"lazy\" decoding=\"async\" title=\"Jetzt David werden\" src=\"https:\/\/www.greenpeace.ch\/wp-content\/uploads\/2017\/01\/600_banner.jpg\" alt=\"Jetzt David werden\" width=\"600\" height=\"74\"><\/a><\/p>\n<\/div>\n<\/div>\n","protected":false},"excerpt":{"rendered":"<p>Minister ignorieren erneut Wissenschafts-Rat Minister ignorieren erneut Wissenschafts-Rat Am Wochenende legten die EU-Fischereiminister in Br\u00fcssel die Fangquoten f\u00fcr das kommende Jahr fest und entschieden damit, wie viel Fisch jedes Mitgliedsland&hellip;<\/p>\n","protected":false},"author":23,"featured_media":14306,"comment_status":"closed","ping_status":"open","sticky":false,"template":"","format":"standard","meta":{"_acf_changed":false,"_planet4_optimize_post_is_variant":false,"_planet4_optimize_experiment_name":"","_planet4_optimize_variant_name":"","ep_exclude_from_search":false,"p4_og_title":"","p4_og_description":"","p4_og_image":"","p4_og_image_id":"","p4_seo_canonical_url":"","p4_campaign_name":"","p4_local_project":"","p4_basket_name":"","p4_department":"","footnotes":""},"categories":[1],"tags":[41],"p4-page-type":[75],"gpch-article-type":[],"class_list":["post-14304","post","type-post","status-publish","format-standard","has-post-thumbnail","hentry","category-unkategorisiert","tag-meer","p4-page-type-story"],"acf":[],"_links":{"self":[{"href":"https:\/\/www.greenpeace.ch\/de\/wp-json\/wp\/v2\/posts\/14304","targetHints":{"allow":["GET"]}}],"collection":[{"href":"https:\/\/www.greenpeace.ch\/de\/wp-json\/wp\/v2\/posts"}],"about":[{"href":"https:\/\/www.greenpeace.ch\/de\/wp-json\/wp\/v2\/types\/post"}],"author":[{"embeddable":true,"href":"https:\/\/www.greenpeace.ch\/de\/wp-json\/wp\/v2\/users\/23"}],"replies":[{"embeddable":true,"href":"https:\/\/www.greenpeace.ch\/de\/wp-json\/wp\/v2\/comments?post=14304"}],"version-history":[{"count":0,"href":"https:\/\/www.greenpeace.ch\/de\/wp-json\/wp\/v2\/posts\/14304\/revisions"}],"wp:featuredmedia":[{"embeddable":true,"href":"https:\/\/www.greenpeace.ch\/de\/wp-json\/wp\/v2\/media\/14306"}],"wp:attachment":[{"href":"https:\/\/www.greenpeace.ch\/de\/wp-json\/wp\/v2\/media?parent=14304"}],"wp:term":[{"taxonomy":"category","embeddable":true,"href":"https:\/\/www.greenpeace.ch\/de\/wp-json\/wp\/v2\/categories?post=14304"},{"taxonomy":"post_tag","embeddable":true,"href":"https:\/\/www.greenpeace.ch\/de\/wp-json\/wp\/v2\/tags?post=14304"},{"taxonomy":"p4-page-type","embeddable":true,"href":"https:\/\/www.greenpeace.ch\/de\/wp-json\/wp\/v2\/p4-page-type?post=14304"},{"taxonomy":"gpch-article-type","embeddable":true,"href":"https:\/\/www.greenpeace.ch\/de\/wp-json\/wp\/v2\/gpch-article-type?post=14304"}],"curies":[{"name":"wp","href":"https:\/\/api.w.org\/{rel}","templated":true}]}}