{"id":14319,"date":"2011-12-13T00:00:00","date_gmt":"2011-12-12T22:00:00","guid":{"rendered":"https:\/\/master.greenpeace.ch\/beitrag\/14319\/fazit-durban\/"},"modified":"2019-05-30T12:30:27","modified_gmt":"2019-05-30T10:30:27","slug":"fazit-durban","status":"publish","type":"post","link":"https:\/\/www.greenpeace.ch\/de\/story\/14319\/fazit-durban\/","title":{"rendered":"Fazit Durban"},"content":{"rendered":"<p><b>Morgens um sieben sind wir nach der langen Nacht der Entscheidung ins  Bett gefallen. Wenige Stunden sp\u00e4ter war den Menschen in Durban  anzumerken, dass sie \u00fcber einen Abschluss sehr froh sind. Denn auf den  Schultern des gastgebenden Landes lastete eine gro\u00dfe Verantwortung.<\/b><\/p>\n<div class=\"post-content\">\n<div>\n<p>Morgens um sieben sind wir nach der langen Nacht der Entscheidung ins  Bett gefallen. Wenige Stunden sp\u00e4ter war den Menschen in Durban  anzumerken, dass sie \u00fcber einen Abschluss sehr froh sind. Denn auf den  Schultern des gastgebenden Landes lastete eine gro\u00dfe Verantwortung.<\/p>\n<p>Es war sicher ein wichtiger Faktor, dass S\u00fcdafrika, eines der  Schwellenl\u00e4nder, die Internationale Klimakonferenz (COP17) ausgerichtet  hat. Denn so mussten die Schwellenl\u00e4nder mit der neu geformten Allianz  bestehend aus der EU, einer Gruppe afrikanischer L\u00e4ner, kleinen  Inselstaaten (Aosis), lateinamerikanischen Staaten (Alba) sowie einer  Gruppe der am wenigsten entwickelten L\u00e4nder (LDC), Kompromisse eingehen.<\/p>\n<p>So werden nun auch China, Brasilien, S\u00fcdafrika und Indien  verbindliche Ziele akzeptieren und umsetzen. Die indische Ministerin  hatte im Abschlussplenum sehr viel \u00fcber globale Gerechtigkeit beim  Klimaschutz gesprochen. Dies wird ein zentrales Thema der Verhandlungen  in den n\u00e4chsten Jahren werden. Wie werden die Verpflichtungen, die  Emissionen zu mindern, gerecht auf die L\u00e4nder verteilt? Eines hat Durban  klargemacht: China und Indien m\u00fcssen im Zuge einer gerechten  Klimaordnung Minderungsziele f\u00fcr sich akzeptieren.<\/p>\n<p>Die Allianz hatte im Abschlussplenum f\u00fcr ein rechtlich verbindliches  Abkommen und f\u00fcr einen strengeren Zeitraum argumentiert: Ein  Weltklimaabkommen muss bis 2015 beschlossen und dann z\u00fcgig umgesetzt  werden. <a class=\"zoom\" href=\"http:\/\/www.greenpeace.de\/themen\/klima\/presseerklaerungen\/artikel\/greenpeace_rueckschlag_fuer_den_klimaschutz_in_durban\/\" target=\"_blank\" rel=\"noopener noreferrer\">Und nicht wie jetzt erst ab 2020 gehandelt werden<\/a>.  Das ist zu sp\u00e4t, um die Erderw\u00e4rmung auf zwei Grad zu beschr\u00e4nken. Die  Allianz sollte die Zeit jetzt nutzen, um die Beziehungen auszubauen und  ein verbindliches Abkommen vorantreiben.<\/p>\n<p><strong>Europ\u00e4isches Klimaschutzziel 2012 steigern!<\/strong><\/p>\n<p>Es bleibt abzuwarten, ob die USA dem Druck ihrer gewaltigen \u00d6l- und  Kohleindustrie widersteht, um beim Klimaschutz im eigenen Land  voranzukommen. Auch in der Schweiz und der EU muss die Klimapolitik neu  aufgestellt werden. Die EU hat mit der dringenden Aufforderung, bereits  jetzt die Klimaschutzziele zu steigern, eigentlich einen klaren Fahrplan  vorgelegt: Sie muss auch ihr eigenes Klimaschutzziel steigern und bis  2020 die CO2-Emissionen um 40 Prozent verglichen mit 1990 reduzieren.  Derzeit liegt das Ziel bei 20 Prozent.<\/p>\n<p>Europa war nach Jahren endlich mal wieder bei einer  Klimaschutzkonferenz relevant und hat zumindest bis zum Schluss  gek\u00e4mpft. Die schlechte Vorbereitung hat allerdings dazu gef\u00fchrt, dass  nicht noch mehr f\u00fcr die Menschen Afrikas sowie Europas herausgeholt  wurde. So war die Position der EU bis zur Klimakonferenz unklar, da sich  die Mitgliedsstaaten nicht einig waren. Da h\u00e4tte man viel fr\u00fcher an  einem Strang ziehen m\u00fcssen.<\/p>\n<p><em><span style=\"color: #888888;\">Martin Kaiser, Leiter Internationale Klimapolitik bei Greenpeace Deutschland, war w\u00e4hrend der Klimakonferenz COP17 in Durban vor Ort.<\/span><\/em><\/p>\n<\/div>\n<\/div>\n","protected":false},"excerpt":{"rendered":"<p>Morgens um sieben sind wir nach der langen Nacht der Entscheidung ins Bett gefallen. Wenige Stunden sp\u00e4ter war den Menschen in Durban anzumerken, dass sie \u00fcber einen Abschluss sehr froh&hellip;<\/p>\n","protected":false},"author":23,"featured_media":0,"comment_status":"closed","ping_status":"open","sticky":false,"template":"","format":"standard","meta":{"_acf_changed":false,"_planet4_optimize_post_is_variant":false,"_planet4_optimize_experiment_name":"","_planet4_optimize_variant_name":"","ep_exclude_from_search":false,"p4_og_title":"","p4_og_description":"","p4_og_image":"","p4_og_image_id":"","p4_seo_canonical_url":"","p4_campaign_name":"","p4_local_project":"","p4_basket_name":"","p4_department":"","footnotes":""},"categories":[1],"tags":[50],"p4-page-type":[75],"gpch-article-type":[],"class_list":["post-14319","post","type-post","status-publish","format-standard","hentry","category-unkategorisiert","tag-klima","p4-page-type-story"],"acf":[],"_links":{"self":[{"href":"https:\/\/www.greenpeace.ch\/de\/wp-json\/wp\/v2\/posts\/14319","targetHints":{"allow":["GET"]}}],"collection":[{"href":"https:\/\/www.greenpeace.ch\/de\/wp-json\/wp\/v2\/posts"}],"about":[{"href":"https:\/\/www.greenpeace.ch\/de\/wp-json\/wp\/v2\/types\/post"}],"author":[{"embeddable":true,"href":"https:\/\/www.greenpeace.ch\/de\/wp-json\/wp\/v2\/users\/23"}],"replies":[{"embeddable":true,"href":"https:\/\/www.greenpeace.ch\/de\/wp-json\/wp\/v2\/comments?post=14319"}],"version-history":[{"count":0,"href":"https:\/\/www.greenpeace.ch\/de\/wp-json\/wp\/v2\/posts\/14319\/revisions"}],"wp:attachment":[{"href":"https:\/\/www.greenpeace.ch\/de\/wp-json\/wp\/v2\/media?parent=14319"}],"wp:term":[{"taxonomy":"category","embeddable":true,"href":"https:\/\/www.greenpeace.ch\/de\/wp-json\/wp\/v2\/categories?post=14319"},{"taxonomy":"post_tag","embeddable":true,"href":"https:\/\/www.greenpeace.ch\/de\/wp-json\/wp\/v2\/tags?post=14319"},{"taxonomy":"p4-page-type","embeddable":true,"href":"https:\/\/www.greenpeace.ch\/de\/wp-json\/wp\/v2\/p4-page-type?post=14319"},{"taxonomy":"gpch-article-type","embeddable":true,"href":"https:\/\/www.greenpeace.ch\/de\/wp-json\/wp\/v2\/gpch-article-type?post=14319"}],"curies":[{"name":"wp","href":"https:\/\/api.w.org\/{rel}","templated":true}]}}