{"id":14361,"date":"2011-12-05T00:00:00","date_gmt":"2011-12-04T22:00:00","guid":{"rendered":"https:\/\/master.greenpeace.ch\/beitrag\/14361\/greenpeace-benennt-die-klimaschutz-saboteure\/"},"modified":"2019-05-30T12:31:29","modified_gmt":"2019-05-30T10:31:29","slug":"greenpeace-benennt-die-klimaschutz-saboteure","status":"publish","type":"post","link":"https:\/\/www.greenpeace.ch\/de\/story\/14361\/greenpeace-benennt-die-klimaschutz-saboteure\/","title":{"rendered":"Greenpeace benennt die Klimaschutz-Saboteure"},"content":{"rendered":"<p><b>Durban, 5. Dezember. Der Start in die zweite Verhandlungswoche der Klima-Konferenz war gleichzeitig \u201eGlobal Business Day\u201c. Gemeinsam mit anderen NGOs hat Greenpeace diesen Tag zum Anlass genommen, die \u201ezw\u00f6lf Dreckigen\u201c zu benennen und anzuprangern: jene CO2-intensiven Industrien, die wirksamen Klimaschutz sabotieren.<\/b><\/p>\n<div class=\"post-content\">\n<div>\n<p><strong>Durban, 5. Dezember. Der Start in die zweite Verhandlungswoche der Klima-Konferenz war gleichzeitig \u201eGlobal Business Day\u201c. Gemeinsam mit anderen NGOs hat Greenpeace diesen Tag zum Anlass genommen, die \u201ezw\u00f6lf Dreckigen\u201c zu benennen und anzuprangern: jene CO2-intensiven Industrien, die wirksamen Klimaschutz sabotieren.<\/strong><\/p>\n<p>Sechs friedlich protestierende Greenpeace-Aktivisten wurden dabei verhaftet. Sie hatten versucht, am Geb\u00e4ude des Weltkongresses f\u00fcr nachhaltige Entwicklung ein Banner zu befestigen mit der Aufschrift: \u201eListen to the People, not the Polluters.\u201c<\/p>\n<p>Mit dabei beim Protest waren lebensgrosse Puppen, welche die angeprangerten Multis verk\u00f6rperten. Darunter der \u00d6lkonzern Shell, der US-Gigant Koch Industries und das s\u00fcdafrikanische Stromversorgungsunternehmen Eskom \u2013 Unternehmen, die in Beziehung stehen zu Schl\u00fcsselfiguren auf dem internationalen klimapolitischen Parkett: zum Beispiel zum US-Kongress, zum EU-Kommissionspr\u00e4sident Barroso und zum Kanadischen Premierminister Harper.<\/p>\n<p>Kumi Naidoo, Chef von Greenpeace International, sagte dazu: \u201edie \u201ezw\u00f6lf Dreckigen\u201c sollten sich ihrer unr\u00fchmlichen Rolle sch\u00e4men: die laufenden Verhandlungen zu behindern, die von existentieller Bedeutung f\u00fcr unsere Zukunft sind und nicht weniger zum Ziel haben, als wirksamen Klimaschutz. Und damit die Rettung von Menschenleben, Lebensr\u00e4umen und Wirtschafssystemen. Kurzfristigen egoistischen Profit h\u00f6her zu gewichten als den Schutz der Bev\u00f6lkerung ist moralisch inakzeptabel. Unsere politischen Leader m\u00fcssen die Verhandlungst\u00fcren schliessen f\u00fcr dreckige Unternehmen, die ein Scheitern von Durban als Erfolg feiern w\u00fcrden.\u201c<\/p>\n<\/div>\n<\/div>\n","protected":false},"excerpt":{"rendered":"<p>Durban, 5. Dezember. Der Start in die zweite Verhandlungswoche der Klima-Konferenz war gleichzeitig \u201eGlobal Business Day\u201c. Gemeinsam mit anderen NGOs hat Greenpeace diesen Tag zum Anlass genommen, die \u201ezw\u00f6lf Dreckigen\u201c&hellip;<\/p>\n","protected":false},"author":23,"featured_media":0,"comment_status":"closed","ping_status":"open","sticky":false,"template":"","format":"standard","meta":{"_acf_changed":false,"_planet4_optimize_post_is_variant":false,"_planet4_optimize_experiment_name":"","_planet4_optimize_variant_name":"","ep_exclude_from_search":false,"p4_og_title":"","p4_og_description":"","p4_og_image":"","p4_og_image_id":"","p4_seo_canonical_url":"","p4_campaign_name":"","p4_local_project":"","p4_basket_name":"","p4_department":"","footnotes":""},"categories":[1],"tags":[50],"p4-page-type":[75],"gpch-article-type":[],"class_list":["post-14361","post","type-post","status-publish","format-standard","hentry","category-unkategorisiert","tag-klima","p4-page-type-story"],"acf":[],"_links":{"self":[{"href":"https:\/\/www.greenpeace.ch\/de\/wp-json\/wp\/v2\/posts\/14361","targetHints":{"allow":["GET"]}}],"collection":[{"href":"https:\/\/www.greenpeace.ch\/de\/wp-json\/wp\/v2\/posts"}],"about":[{"href":"https:\/\/www.greenpeace.ch\/de\/wp-json\/wp\/v2\/types\/post"}],"author":[{"embeddable":true,"href":"https:\/\/www.greenpeace.ch\/de\/wp-json\/wp\/v2\/users\/23"}],"replies":[{"embeddable":true,"href":"https:\/\/www.greenpeace.ch\/de\/wp-json\/wp\/v2\/comments?post=14361"}],"version-history":[{"count":0,"href":"https:\/\/www.greenpeace.ch\/de\/wp-json\/wp\/v2\/posts\/14361\/revisions"}],"wp:attachment":[{"href":"https:\/\/www.greenpeace.ch\/de\/wp-json\/wp\/v2\/media?parent=14361"}],"wp:term":[{"taxonomy":"category","embeddable":true,"href":"https:\/\/www.greenpeace.ch\/de\/wp-json\/wp\/v2\/categories?post=14361"},{"taxonomy":"post_tag","embeddable":true,"href":"https:\/\/www.greenpeace.ch\/de\/wp-json\/wp\/v2\/tags?post=14361"},{"taxonomy":"p4-page-type","embeddable":true,"href":"https:\/\/www.greenpeace.ch\/de\/wp-json\/wp\/v2\/p4-page-type?post=14361"},{"taxonomy":"gpch-article-type","embeddable":true,"href":"https:\/\/www.greenpeace.ch\/de\/wp-json\/wp\/v2\/gpch-article-type?post=14361"}],"curies":[{"name":"wp","href":"https:\/\/api.w.org\/{rel}","templated":true}]}}