{"id":14363,"date":"2011-12-06T00:00:00","date_gmt":"2011-12-05T22:00:00","guid":{"rendered":"https:\/\/master.greenpeace.ch\/beitrag\/14363\/der-atomausstieg-ist-beschlossen\/"},"modified":"2019-05-30T12:31:32","modified_gmt":"2019-05-30T10:31:32","slug":"der-atomausstieg-ist-beschlossen","status":"publish","type":"post","link":"https:\/\/www.greenpeace.ch\/de\/story\/14363\/der-atomausstieg-ist-beschlossen\/","title":{"rendered":"Der Atomausstieg ist beschlossen"},"content":{"rendered":"<p><b>Mit dem heutigen Entscheid des Nationalrats ist der  Atomausstieg der Schweiz auf parlamentarischer Ebene beschlossen. Nun muss\u00a0 der Bundesrat die konkrete Umsetzung vorantreiben. Gleichzeitig ist  dieser Entscheid ein klares Signal f\u00fcr die Schweizer Wirtschaft und  Gesellschaft, auf eine nachhaltige, zuk\u00fcnftige Stromversorgung der  Schweiz hinzuwirken.<\/b><\/p>\n<div class=\"post-content\">\n<div>\n<p><strong>Mit dem heutigen Entscheid des Nationalrats ist der  Atomausstieg der Schweiz auf parlamentarischer Ebene beschlossen. Nun muss\u00a0 der Bundesrat die konkrete Umsetzung vorantreiben. Gleichzeitig ist  dieser Entscheid ein klares Signal f\u00fcr die Schweizer Wirtschaft und  Gesellschaft, auf eine nachhaltige, zuk\u00fcnftige Stromversorgung der  Schweiz hinzuwirken.<\/strong><\/p>\n<p>Der Nationalrat ist in neuer Zusammensetzung der Linie von Bundesrat,  St\u00e4nderat und dem ehemaligen Plenum im Nationalrat gefolgt und hat die  abge\u00e4nderten Motionen 11.3257 Fraktion Gr\u00fcne, 11.3426 Fraktion BD und  11.3436 Schmidt zum Atomausstieg klar \u00fcberwiesen. Diese schliessen im  Wortlaut Rahmenbewilligungen f\u00fcr neue Atomkraftwerke aus. Der Bundesrat  hat jetzt die breite Abst\u00fctzung, mit der Energiestrategie 2050 die  Stromversorgung der Schweiz ohne neue AKW voranzutreiben.<\/p>\n<p><strong>Restrisiko bleibt bestehen<\/strong><\/p>\n<p>Damit sind die Probleme der Atomkraft allerdings nicht vom  Tisch. Die laufenden AKW produzieren weiterhin Atomm\u00fcll, die Endlagerung  ist nach wie vor ungel\u00f6st. Noch bedenklicher ist, dass alte,  gef\u00e4hrliche Risikoreaktoren wie das AKW M\u00fchleberg trotz bekannter M\u00e4ngel  immer noch am Netz sind. Solange diese betrieben werden, ist der  Atomausstieg nicht geschafft. Gesellschaft und Politik sind weiterhin  gefordert, um Ihre Stimme gegen die Atomkraft und f\u00fcr die Energiewende  zu erheben.<\/p>\n<p>(Text: Valentin Schmidt)<\/p>\n<\/div>\n<\/div>\n","protected":false},"excerpt":{"rendered":"<p>Mit dem heutigen Entscheid des Nationalrats ist der Atomausstieg der Schweiz auf parlamentarischer Ebene beschlossen. Nun muss\u00a0 der Bundesrat die konkrete Umsetzung vorantreiben. Gleichzeitig ist dieser Entscheid ein klares Signal&hellip;<\/p>\n","protected":false},"author":23,"featured_media":0,"comment_status":"closed","ping_status":"open","sticky":false,"template":"","format":"standard","meta":{"_acf_changed":false,"_planet4_optimize_post_is_variant":false,"_planet4_optimize_experiment_name":"","_planet4_optimize_variant_name":"","ep_exclude_from_search":false,"p4_og_title":"","p4_og_description":"","p4_og_image":"","p4_og_image_id":"","p4_seo_canonical_url":"","p4_campaign_name":"","p4_local_project":"","p4_basket_name":"","p4_department":"","footnotes":""},"categories":[1],"tags":[42],"p4-page-type":[75],"gpch-article-type":[],"class_list":["post-14363","post","type-post","status-publish","format-standard","hentry","category-unkategorisiert","tag-energie","p4-page-type-story"],"acf":[],"_links":{"self":[{"href":"https:\/\/www.greenpeace.ch\/de\/wp-json\/wp\/v2\/posts\/14363","targetHints":{"allow":["GET"]}}],"collection":[{"href":"https:\/\/www.greenpeace.ch\/de\/wp-json\/wp\/v2\/posts"}],"about":[{"href":"https:\/\/www.greenpeace.ch\/de\/wp-json\/wp\/v2\/types\/post"}],"author":[{"embeddable":true,"href":"https:\/\/www.greenpeace.ch\/de\/wp-json\/wp\/v2\/users\/23"}],"replies":[{"embeddable":true,"href":"https:\/\/www.greenpeace.ch\/de\/wp-json\/wp\/v2\/comments?post=14363"}],"version-history":[{"count":0,"href":"https:\/\/www.greenpeace.ch\/de\/wp-json\/wp\/v2\/posts\/14363\/revisions"}],"wp:attachment":[{"href":"https:\/\/www.greenpeace.ch\/de\/wp-json\/wp\/v2\/media?parent=14363"}],"wp:term":[{"taxonomy":"category","embeddable":true,"href":"https:\/\/www.greenpeace.ch\/de\/wp-json\/wp\/v2\/categories?post=14363"},{"taxonomy":"post_tag","embeddable":true,"href":"https:\/\/www.greenpeace.ch\/de\/wp-json\/wp\/v2\/tags?post=14363"},{"taxonomy":"p4-page-type","embeddable":true,"href":"https:\/\/www.greenpeace.ch\/de\/wp-json\/wp\/v2\/p4-page-type?post=14363"},{"taxonomy":"gpch-article-type","embeddable":true,"href":"https:\/\/www.greenpeace.ch\/de\/wp-json\/wp\/v2\/gpch-article-type?post=14363"}],"curies":[{"name":"wp","href":"https:\/\/api.w.org\/{rel}","templated":true}]}}