{"id":14376,"date":"2011-12-07T00:00:00","date_gmt":"2011-12-06T22:00:00","guid":{"rendered":"https:\/\/master.greenpeace.ch\/beitrag\/14376\/rettet-den-amazonas-petition-gegen-freibrief-zur-abholzung-in-brasilien\/"},"modified":"2019-05-30T12:31:56","modified_gmt":"2019-05-30T10:31:56","slug":"rettet-den-amazonas-petition-gegen-freibrief-zur-abholzung-in-brasilien","status":"publish","type":"post","link":"https:\/\/www.greenpeace.ch\/de\/story\/14376\/rettet-den-amazonas-petition-gegen-freibrief-zur-abholzung-in-brasilien\/","title":{"rendered":"Rettet den Amazonas \u2013 Petition gegen Freibrief zur Abholzung in Brasilien"},"content":{"rendered":"<p><b><\/b><\/p>\n<div class=\"post-content\">\n<div>\n<p><iframe loading=\"lazy\" width=\"640\" height=\"360\" src=\"https:\/\/www.youtube.com\/embed\/HZoCQ7dQQa0\" frameborder=\"0\" allowfullscreen=\"\"><\/iframe><\/p>\n<p>Wir n\u00e4hern uns im Amazonas-Regenwald einer \u00f6kologischen Katastrophe. Gestern hat der brasilianische Senat mehrheitlich f\u00fcr eine Vorlage zur Abschw\u00e4chung der Forstgesetze abgestimmt. Die geplanten Gesetzes\u00e4nderungen w\u00fcrden einer z\u00fcgellosen Zerst\u00f6rung des Amazonas-Regenwalds T\u00fcr und Tor \u00f6ffnen. Aber noch ist es nicht zu sp\u00e4t. <a href=\"\/switzerland\/de\/Kampagnen\/Wald\/Urwald-im-Amazonas\/Fordern-Sie-ein-Veto-von-Praesidentin-Dilma-Rousseff-zum-Forest-Code\/%20\">Fordern Sie mit Greenpeace zusammen Brasiliens Pr\u00e4sidentin Dilma Rousseff via Online-Petition auf, gegen die Gesetzesrevision ihr Veto einzulegen. <\/a><\/p>\n<p>Jede weitere Abholzung vom Amazonas-Regenwald ist f\u00fcr unseren Planeten und das Leben auf der Erde ein unvorstellbarer Verlust. Die Verabschiedung der neuen Forstgesetzgebung\u00a0 in Brasilien w\u00fcrde uns dieser schrecklichen Realit\u00e4t einen weiteren Schritt n\u00e4her bringen.<\/p>\n<p>Der Amazonas-Regenwald beheimatet nicht nur jede zehnte Art von Lebewesen auf dem Planeten und bildet die Lebensgrundlage der lokalen Gemeinschaften, er funktioniert auch als Kohlestoff-Speicher, der mithelfen kann, einige der\u00a0 schlimmsten Folgen des Klimawandels zu verhindern. Wenn jedoch Entwaldung und Zerst\u00f6rung des Amazonas weiterhin im gegenw\u00e4rtigen Tempo voranschreiten, k\u00f6nnte der <a href=\"http:\/\/news.mongabay.com\/2011\/1009-2010_amazon_drought_emissions.html\">Amazonas pl\u00f6tzlich Teil des Problems, statt Teil der L\u00f6sung werden<\/a>. Die Emissionen, die bei der Zerst\u00f6rung des Amazonas-Regenwaldes entstehen, sch\u00fcren einen Feedback-Zyklus, der nicht nur den Trend zur Erw\u00e4rmung verst\u00e4rkt und den Klimawandel verschlimmert, sondern auch die Intensit\u00e4t der Waldbr\u00e4nde in der Region erh\u00f6ht und damit dem Wald weiteren Schaden zuf\u00fcgt. Das neue Forstgesetz f\u00fchrt geradewegs auf diesen Teufelskreis zu und unter Wissenschaftern erw\u00e4gt man bereits die M\u00f6glichkeit, dass der Amazonas-Regenwald ganz verschwinden k\u00f6nnte. Stellen Sie sich eine Welt ohne Amazonas-Regenwald vor!<\/p>\n<p>Noch ist Zeit, diesen Trend umzukehren. <a href=\"\/switzerland\/de\/Kampagnen\/Wald\/Urwald-im-Amazonas\/Fordern-Sie-ein-Veto-von-Praesidentin-Dilma-Rousseff-zum-Forest-Code\/%20\">Greenpeace startet eine Petition<\/a> an die brasilianische Pr\u00e4sident Dilma, um ihr deutlich machen, dass es ihre Pflicht ist, den Amazonas-Regenwald zu sch\u00fctzen und ihr Veto gegen das neue Forstgesetz einzulegen. Wir alle, auch Pr\u00e4sidentin Dilma, haben ein Interesse am \u00dcberleben dieses faszinierenden \u00d6kosystems.<\/p>\n<\/p>\n<div class=\"events-box big-box left\">\n<div class=\"frame\">\n        <a class=\"open-img EnlargeImage\" href=\"https:\/\/www.greenpeace.ch\/static\/planet4-switzerland-stateless\/2019\/05\/d1cb2aa9-d1cb2aa9-111208-nb-wald-gp03c6w.jpg\" title=\"\"><br \/>\n            <img decoding=\"async\" id=\"ctl00_cphContentArea_epiEntryContent_ctl00_ctl04_Image1\" class=\"Thumbnail\" src=\"https:\/\/www.greenpeace.ch\/static\/planet4-switzerland-stateless\/2019\/05\/d1cb2aa9-d1cb2aa9-111208-nb-wald-gp03c6w.jpg\" alt=\"\" style=\"border-width:0px;\"><\/p>\n<p>        <\/a>\n    <\/div>\n<div class=\"events-content no-title\">\n        <span class=\"date\"><\/span><br \/>\n        <strong><\/strong><\/p>\n<p>\n            Greenpeace Aktivisten machen in Durban mit der Nachricht \u00abStoppt die Kettens\u00e4gen\u00bb auf die drohende Gesetztes\u00e4nderung zum Forest Code in Brasilien aufmerksam.<\/p>\n<p>\u00a9 Shayne Robinson \/ Greenpeace\n        <\/p>\n<\/p>\n<\/div>\n<\/div>\n<p>\u00a0\n<\/p>\n<\/div>\n<\/div>\n","protected":false},"excerpt":{"rendered":"<p>Wir n\u00e4hern uns im Amazonas-Regenwald einer \u00f6kologischen Katastrophe. Gestern hat der brasilianische Senat mehrheitlich f\u00fcr eine Vorlage zur Abschw\u00e4chung der Forstgesetze abgestimmt. Die geplanten Gesetzes\u00e4nderungen w\u00fcrden einer z\u00fcgellosen Zerst\u00f6rung des&hellip;<\/p>\n","protected":false},"author":23,"featured_media":14378,"comment_status":"closed","ping_status":"open","sticky":false,"template":"","format":"standard","meta":{"_acf_changed":false,"_planet4_optimize_post_is_variant":false,"_planet4_optimize_experiment_name":"","_planet4_optimize_variant_name":"","ep_exclude_from_search":false,"p4_og_title":"","p4_og_description":"","p4_og_image":"","p4_og_image_id":"","p4_seo_canonical_url":"","p4_campaign_name":"","p4_local_project":"","p4_basket_name":"","p4_department":"","footnotes":""},"categories":[1],"tags":[40],"p4-page-type":[75],"gpch-article-type":[],"class_list":["post-14376","post","type-post","status-publish","format-standard","has-post-thumbnail","hentry","category-unkategorisiert","tag-wald","p4-page-type-story"],"acf":[],"_links":{"self":[{"href":"https:\/\/www.greenpeace.ch\/de\/wp-json\/wp\/v2\/posts\/14376","targetHints":{"allow":["GET"]}}],"collection":[{"href":"https:\/\/www.greenpeace.ch\/de\/wp-json\/wp\/v2\/posts"}],"about":[{"href":"https:\/\/www.greenpeace.ch\/de\/wp-json\/wp\/v2\/types\/post"}],"author":[{"embeddable":true,"href":"https:\/\/www.greenpeace.ch\/de\/wp-json\/wp\/v2\/users\/23"}],"replies":[{"embeddable":true,"href":"https:\/\/www.greenpeace.ch\/de\/wp-json\/wp\/v2\/comments?post=14376"}],"version-history":[{"count":0,"href":"https:\/\/www.greenpeace.ch\/de\/wp-json\/wp\/v2\/posts\/14376\/revisions"}],"wp:featuredmedia":[{"embeddable":true,"href":"https:\/\/www.greenpeace.ch\/de\/wp-json\/wp\/v2\/media\/14378"}],"wp:attachment":[{"href":"https:\/\/www.greenpeace.ch\/de\/wp-json\/wp\/v2\/media?parent=14376"}],"wp:term":[{"taxonomy":"category","embeddable":true,"href":"https:\/\/www.greenpeace.ch\/de\/wp-json\/wp\/v2\/categories?post=14376"},{"taxonomy":"post_tag","embeddable":true,"href":"https:\/\/www.greenpeace.ch\/de\/wp-json\/wp\/v2\/tags?post=14376"},{"taxonomy":"p4-page-type","embeddable":true,"href":"https:\/\/www.greenpeace.ch\/de\/wp-json\/wp\/v2\/p4-page-type?post=14376"},{"taxonomy":"gpch-article-type","embeddable":true,"href":"https:\/\/www.greenpeace.ch\/de\/wp-json\/wp\/v2\/gpch-article-type?post=14376"}],"curies":[{"name":"wp","href":"https:\/\/api.w.org\/{rel}","templated":true}]}}