{"id":14384,"date":"2011-12-01T00:00:00","date_gmt":"2011-11-30T22:00:00","guid":{"rendered":"https:\/\/master.greenpeace.ch\/beitrag\/14384\/wird-amazonas-regenwald-zum-abholzen-freigegeben\/"},"modified":"2019-05-30T12:32:13","modified_gmt":"2019-05-30T10:32:13","slug":"wird-amazonas-regenwald-zum-abholzen-freigegeben","status":"publish","type":"post","link":"https:\/\/www.greenpeace.ch\/de\/story\/14384\/wird-amazonas-regenwald-zum-abholzen-freigegeben\/","title":{"rendered":"Wird Amazonas-Regenwald zum Abholzen freigegeben?"},"content":{"rendered":"<p><b><\/b><\/p>\n<div class=\"post-content\">\n<div>\n<div class=\"events-box small-box left\">\n<div class=\"frame\">\n        <a class=\"open-img EnlargeImage\" href=\"https:\/\/www.greenpeace.ch\/static\/planet4-switzerland-stateless\/2019\/05\/29efdaf3-29efdaf3-111201-nb-wald-amazonas-onlinepetitiongp_br_036.jpg\" title=\"\"><br \/>\n            <img decoding=\"async\" id=\"ctl00_cphContentArea_epiEntryContent_ctl00_ctl02_Image1\" class=\"Thumbnail\" src=\"https:\/\/www.greenpeace.ch\/static\/planet4-switzerland-stateless\/2019\/05\/29efdaf3-29efdaf3-111201-nb-wald-amazonas-onlinepetitiongp_br_036.jpg\" alt=\"\" style=\"border-width:0px;\"><\/p>\n<p>        <\/a>\n    <\/div>\n<div class=\"events-content no-title\">\n        <span class=\"date\"><\/span><br \/>\n        <strong><\/strong><\/p>\n<p>\n            Bern, 30. November 2011, Brasilianische Botschaft.<br \/>\n\u00a9 Greenpeace\/Ivan Suta\n        <\/p>\n<\/p>\n<\/div>\n<\/div>\n<p>Die Greenpeace-Regionalgruppe Bern und Greenteam-Kids haben heute der brasilianischen Botschaft in Bern einen Brief f\u00fcr die brasilianische Pr\u00e4sidentin Dilma Rousseff \u00fcbergeben. Sie posierten vor der Botschaft mit\u00a0 einem bunten Banner und einem Puzzle, das die Regenwaldzerst\u00f6rung eindr\u00fccklich aufzeigt. Der Grund des Besuches ist die f\u00fcr den Amazonas gef\u00e4hrliche Entwicklung im brasilianischen Parlament: Das massive Lobbying der Agrokonzerne und der Grossgrundbesitzer hat dazu gef\u00fchrt, dass eine Mehrheit der brasilianischen Abgeordneten ein neues Forstgesetz gutheisst, welches zu einer Zunahme der Zerst\u00f6rung des brasilianischen Regenwaldes f\u00fchren w\u00fcrde. Es ist ein eigentliches Kahlschlag-Gesetz.<\/p>\n<p>Senatoren in Brasilien haben letzte Woche einen neuen Gesetzestext verabschiedet, der die W\u00e4lder des Landes verdammt. Er ist das Resultat eines Handels zwischen Regierung und Agrobusiness, zustande gekommen in Hinterzimmern und geheimen Sitzungen. Die Senatoren lehnten auch einen Zusatz f\u00fcr ein zehnj\u00e4hriges Abholzungs-Moratorium im Amazonas ab. Das deckte die wahren Absichten hinter dem revidierten Forstgesetz auf \u2013 und den Sektor, der dahinter steht. Die Moratoriums-Gesetzes\u00e4nderung bot die Chance, offiziell zu machen, was wir in den vergangen Jahren, in denen die Abholzung in Brasilien abnahm, sehen konnten: Man muss die B\u00e4ume nicht abholzen, um die Produktion zu erh\u00f6hen. Doch nun hat der Agrobusiness-Sektor bei der Gesetzesrevision das Beste f\u00fcr sich herausgeholt. Das neue Forstgesetz ist nur ein Lippenbekenntnis zur Rettung der W\u00e4lder. In Wirklichkeit ebnet es den Weg f\u00fcr mehr Zerst\u00f6rung.<\/p>\n<p class=\"Standa\">Mit den vorgeschlagenen Bestimmungen des neuen Gesetzestextes w\u00e4ren mindestens 22 Millionen Hektar Urwald unmittelbar in Gefahr. Jeder einzelne brasilianische\u00a0 Bundesstaat h\u00e4tte neu das Recht, die Erlaubnis zur Rodung von Waldfl\u00e4chen zu erteilen, um neue Agrarfl\u00e4chen und neues Weideland zu schaffen. Dabei handelt es sich um Nutzungsfl\u00e4chen, deren B\u00f6den meist nach wenigen Jahren degradiert sind. Das Forstgesetz m\u00f6chte zudem erreichen, dass die bisherige illegale Entwaldung r\u00fcckwirkend legalisiert w\u00fcrde. Gem\u00e4ss einer wissenschaftlichen Studie der Universit\u00e4t Brasilien w\u00fcrde die Annahme des Forstgesetzes k\u00fcnftig zu einer Zunahme der Entwaldung von 50 Prozent f\u00fchren.<\/p>\n<p>Die definitive Abstimmung im Senat wird f\u00fcr diese Woche erwartet. Danach geht die Vorlage zur\u00fcck ins Repr\u00e4sentantenhaus \u2013 und dann wird sie Pr\u00e4sidentin Dilma Rousseff zur Genehmigung vorgelegt. Die Macht zur Rettung des Waldes liegt in den H\u00e4nden der Staatschefin. Sie muss gegen das neue Gesetz ihr Veto einlegen, um ihre gr\u00fcnen Kampagnenversprechen einzul\u00f6sen, die ihr halfen, die Wahl zur Pr\u00e4sidentin zu gewinnen.<\/p>\n<p>Brasilien hat beim Kampf gegen die Abholzung in den vergangenen Jahren deutliche Fortschritte gemacht, in den letzten sechs Jahren sind die Abholzungsraten gesunken. Das revidierte Forstgesetz bedroht diese Fortschritte.<\/p>\n<p>\u00a0<\/p>\n<\/div>\n<\/div>\n","protected":false},"excerpt":{"rendered":"<p>Bern, 30. November 2011, Brasilianische Botschaft. \u00a9 Greenpeace\/Ivan Suta Die Greenpeace-Regionalgruppe Bern und Greenteam-Kids haben heute der brasilianischen Botschaft in Bern einen Brief f\u00fcr die brasilianische Pr\u00e4sidentin Dilma Rousseff \u00fcbergeben.&hellip;<\/p>\n","protected":false},"author":23,"featured_media":14386,"comment_status":"closed","ping_status":"open","sticky":false,"template":"","format":"standard","meta":{"_acf_changed":false,"_planet4_optimize_post_is_variant":false,"_planet4_optimize_experiment_name":"","_planet4_optimize_variant_name":"","ep_exclude_from_search":false,"p4_og_title":"","p4_og_description":"","p4_og_image":"","p4_og_image_id":"","p4_seo_canonical_url":"","p4_campaign_name":"","p4_local_project":"","p4_basket_name":"","p4_department":"","footnotes":""},"categories":[1],"tags":[40],"p4-page-type":[75],"gpch-article-type":[],"class_list":["post-14384","post","type-post","status-publish","format-standard","has-post-thumbnail","hentry","category-unkategorisiert","tag-wald","p4-page-type-story"],"acf":[],"_links":{"self":[{"href":"https:\/\/www.greenpeace.ch\/de\/wp-json\/wp\/v2\/posts\/14384","targetHints":{"allow":["GET"]}}],"collection":[{"href":"https:\/\/www.greenpeace.ch\/de\/wp-json\/wp\/v2\/posts"}],"about":[{"href":"https:\/\/www.greenpeace.ch\/de\/wp-json\/wp\/v2\/types\/post"}],"author":[{"embeddable":true,"href":"https:\/\/www.greenpeace.ch\/de\/wp-json\/wp\/v2\/users\/23"}],"replies":[{"embeddable":true,"href":"https:\/\/www.greenpeace.ch\/de\/wp-json\/wp\/v2\/comments?post=14384"}],"version-history":[{"count":0,"href":"https:\/\/www.greenpeace.ch\/de\/wp-json\/wp\/v2\/posts\/14384\/revisions"}],"wp:featuredmedia":[{"embeddable":true,"href":"https:\/\/www.greenpeace.ch\/de\/wp-json\/wp\/v2\/media\/14386"}],"wp:attachment":[{"href":"https:\/\/www.greenpeace.ch\/de\/wp-json\/wp\/v2\/media?parent=14384"}],"wp:term":[{"taxonomy":"category","embeddable":true,"href":"https:\/\/www.greenpeace.ch\/de\/wp-json\/wp\/v2\/categories?post=14384"},{"taxonomy":"post_tag","embeddable":true,"href":"https:\/\/www.greenpeace.ch\/de\/wp-json\/wp\/v2\/tags?post=14384"},{"taxonomy":"p4-page-type","embeddable":true,"href":"https:\/\/www.greenpeace.ch\/de\/wp-json\/wp\/v2\/p4-page-type?post=14384"},{"taxonomy":"gpch-article-type","embeddable":true,"href":"https:\/\/www.greenpeace.ch\/de\/wp-json\/wp\/v2\/gpch-article-type?post=14384"}],"curies":[{"name":"wp","href":"https:\/\/api.w.org\/{rel}","templated":true}]}}