{"id":14388,"date":"2011-11-29T00:00:00","date_gmt":"2011-11-28T22:00:00","guid":{"rendered":"https:\/\/master.greenpeace.ch\/beitrag\/14388\/castor-transport-2011-nach-gorleben-d\/"},"modified":"2019-05-30T12:32:16","modified_gmt":"2019-05-30T10:32:16","slug":"castor-transport-2011-nach-gorleben-d","status":"publish","type":"post","link":"https:\/\/www.greenpeace.ch\/de\/story\/14388\/castor-transport-2011-nach-gorleben-d\/","title":{"rendered":"Castor Transport 2011 nach Gorleben (D)"},"content":{"rendered":"<p><b>Der 6. Tag, 28. November<\/b><\/p>\n<div class=\"post-content\">\n<div>\n<p><strong>Der 6. Tag, 28. November<\/strong><\/p>\n<\/p>\n<div><object classid=\"clsid:D27CDB6E-AE6D-11cf-96B8-444553540000\" style=\"width:420px;height:544px\" id=\"3d5ab85f-5b0b-cb00-3b57-6f5036d7aa86\"><param name=\"movie\" value=\"http:\/\/static.issuu.com\/webembed\/viewers\/style1\/v2\/IssuuReader.swf?mode=mini&amp;viewMode=singlePage&amp;backgroundColor=%23222222&amp;documentId=111128204901-4ad428d25b5c49a3883791cf39043a2f\"><param name=\"allowfullscreen\" value=\"true\"><param name=\"menu\" value=\"false\"><param name=\"wmode\" value=\"transparent\"><embed src=\"http:\/\/static.issuu.com\/webembed\/viewers\/style1\/v2\/IssuuReader.swf\" type=\"application\/x-shockwave-flash\" allowfullscreen=\"true\" menu=\"false\" wmode=\"transparent\" style=\"width:420px;height:544px\" flashvars=\"mode=mini&amp;viewMode=singlePage&amp;backgroundColor=%23222222&amp;documentId=111128204901-4ad428d25b5c49a3883791cf39043a2f\"><\/embed><\/object><\/p>\n<div style=\"width:420px;text-align:left;\"><a href=\"http:\/\/issuu.com\/greenpeacede\/docs\/castor6?mode=window&amp;backgroundColor=%23222222\" target=\"_blank\" rel=\"noopener noreferrer\">Open publication<\/a> &#8211; Free <a href=\"http:\/\/issuu.com\/\" target=\"_blank\" rel=\"noopener noreferrer\">publishing<\/a> &#8211; <a href=\"http:\/\/issuu.com\/search?q=aktion\" target=\"_blank\" rel=\"noopener noreferrer\">More aktion<\/a><\/div>\n<\/div>\n<p>\u00a0<\/p>\n<p><strong><\/p>\n<hr>\n<p>27. November, der 5. Tag<\/strong><\/p>\n<p class=\"description short-description\">Greenpeace h\u00e4lt an seiner  Strafanzeige gegen den nieders\u00e4chsischen Umweltminister fest. Derweil  gehen die Proteste gegen den illegalen Castortransport weiter.<\/p>\n<\/p>\n<div><object classid=\"clsid:D27CDB6E-AE6D-11cf-96B8-444553540000\" style=\"width:420px;height:544px\" id=\"ad2e5550-f818-7bf3-a6cd-5223614a7252\"><param name=\"movie\" value=\"http:\/\/static.issuu.com\/webembed\/viewers\/style1\/v2\/IssuuReader.swf?mode=mini&amp;viewMode=singlePage&amp;backgroundColor=%23222222&amp;documentId=111127224705-499689f5d92e4aa699e5abb4d54fadd3\"><param name=\"allowfullscreen\" value=\"true\"><param name=\"menu\" value=\"false\"><param name=\"wmode\" value=\"transparent\"><embed src=\"http:\/\/static.issuu.com\/webembed\/viewers\/style1\/v2\/IssuuReader.swf\" type=\"application\/x-shockwave-flash\" allowfullscreen=\"true\" menu=\"false\" wmode=\"transparent\" style=\"width:420px;height:544px\" flashvars=\"mode=mini&amp;viewMode=singlePage&amp;backgroundColor=%23222222&amp;documentId=111127224705-499689f5d92e4aa699e5abb4d54fadd3\"><\/embed><\/object><\/p>\n<div style=\"width:420px;text-align:left;\"><a href=\"http:\/\/issuu.com\/greenpeacede\/docs\/castor5?mode=window&amp;backgroundColor=%23222222\" target=\"_blank\" rel=\"noopener noreferrer\">Open publication<\/a> &#8211; Free <a href=\"http:\/\/issuu.com\/\" target=\"_blank\" rel=\"noopener noreferrer\">publishing<\/a> &#8211; <a href=\"http:\/\/issuu.com\/search?q=castor\" target=\"_blank\" rel=\"noopener noreferrer\">More castor<\/a><\/div>\n<\/div>\n<p>\u00a0<\/p>\n<p><strong> <\/strong><\/p>\n<hr>\n<p><strong>26. November, die Nacht des 4. Tages<\/strong><\/p>\n<p>Sieben Greenpeace Aktivisten haben sich gegen 19 Uhr an den Gleisen auf  der Castorstrecke zwischen L\u00fcneburg und Dannenberg, kurz hinter dem  Bahnhof L\u00fcneburg, festgemacht.<\/p>\n<\/p>\n<div><object classid=\"clsid:D27CDB6E-AE6D-11cf-96B8-444553540000\" style=\"width:420px;height:544px\" id=\"04bc2a27-0216-f1de-667c-17d5293c24bc\"><param name=\"movie\" value=\"http:\/\/static.issuu.com\/webembed\/viewers\/style1\/v2\/IssuuReader.swf?mode=mini&amp;viewMode=singlePage&amp;backgroundColor=%23222222&amp;documentId=111127223057-10116b5bfc3b493b95af92119d7d9755\"><param name=\"allowfullscreen\" value=\"true\"><param name=\"menu\" value=\"false\"><param name=\"wmode\" value=\"transparent\"><embed src=\"http:\/\/static.issuu.com\/webembed\/viewers\/style1\/v2\/IssuuReader.swf\" type=\"application\/x-shockwave-flash\" allowfullscreen=\"true\" menu=\"false\" wmode=\"transparent\" style=\"width:420px;height:544px\" flashvars=\"mode=mini&amp;viewMode=singlePage&amp;backgroundColor=%23222222&amp;documentId=111127223057-10116b5bfc3b493b95af92119d7d9755\"><\/embed><\/object><\/p>\n<div style=\"width:420px;text-align:left;\"><a href=\"http:\/\/issuu.com\/greenpeacede\/docs\/castor4_nacht?mode=window&amp;backgroundColor=%23222222\" target=\"_blank\" rel=\"noopener noreferrer\">Open publication<\/a> &#8211; Free <a href=\"http:\/\/issuu.com\/\" target=\"_blank\" rel=\"noopener noreferrer\">publishing<\/a> &#8211; <a href=\"http:\/\/issuu.com\/search?q=atomaustieg\" target=\"_blank\" rel=\"noopener noreferrer\">More atomaustieg<\/a><\/div>\n<\/div>\n<p>\u00a0<\/p>\n<p><strong> <\/strong><\/p>\n<hr>\n<p><strong>26. November, der 4. Tag<\/strong><\/p>\n<p class=\"description full-description\" style=\"display: inline;\">Immer  mehr Menschen str\u00f6men ins Wendland zur Gro\u00dfdemo gegen den Castor &#8211; ein  paar kommen von ganz weit weg. Sie kommen aus Japan, die Auswirkungen  der Atomkatastrophe sind Bestandteil ihres Alltags.<\/p>\n<\/p>\n<div><object classid=\"clsid:D27CDB6E-AE6D-11cf-96B8-444553540000\" style=\"width:420px;height:544px\" id=\"452871f4-d686-71de-4158-fa105c28193e\"><param name=\"movie\" value=\"http:\/\/static.issuu.com\/webembed\/viewers\/style1\/v2\/IssuuReader.swf?mode=mini&amp;viewMode=singlePage&amp;backgroundColor=%23222222&amp;documentId=111127223023-63b8cf43774b4acc84eb862d51b918c7\"><param name=\"allowfullscreen\" value=\"true\"><param name=\"menu\" value=\"false\"><param name=\"wmode\" value=\"transparent\"><embed src=\"http:\/\/static.issuu.com\/webembed\/viewers\/style1\/v2\/IssuuReader.swf\" type=\"application\/x-shockwave-flash\" allowfullscreen=\"true\" menu=\"false\" wmode=\"transparent\" style=\"width:420px;height:544px\" flashvars=\"mode=mini&amp;viewMode=singlePage&amp;backgroundColor=%23222222&amp;documentId=111127223023-63b8cf43774b4acc84eb862d51b918c7\"><\/embed><\/object><\/p>\n<div style=\"width:420px;text-align:left;\"><a href=\"http:\/\/issuu.com\/greenpeacede\/docs\/castor4?mode=window&amp;backgroundColor=%23222222\" target=\"_blank\" rel=\"noopener noreferrer\">Open publication<\/a> &#8211; Free <a href=\"http:\/\/issuu.com\/\" target=\"_blank\" rel=\"noopener noreferrer\">publishing<\/a> &#8211; <a href=\"http:\/\/issuu.com\/search?q=aktivist\" target=\"_blank\" rel=\"noopener noreferrer\">More aktivist<\/a><\/div>\n<\/div>\n<p>\u00a0<\/p>\n<p><strong> <\/strong><\/p>\n<hr>\n<p><strong>25. November, der 3. Tag<\/strong><\/p>\n<p>Greenpeace-Aktivsten dokumentieren mit einer w\u00e4rmeempfindlichen  Infrarotkamera die Hitzeentwicklung an den elf Castoren. Das Ziel dieser  hochradioaktiven Fracht ist nicht vor Terror gesch\u00fctzt.<\/p>\n<\/p>\n<div><object classid=\"clsid:D27CDB6E-AE6D-11cf-96B8-444553540000\" style=\"width:420px;height:544px\" id=\"f81cc3b6-51c4-a411-d42f-6ad55ef5e17f\"><param name=\"movie\" value=\"http:\/\/static.issuu.com\/webembed\/viewers\/style1\/v2\/IssuuReader.swf?mode=mini&amp;viewMode=singlePage&amp;backgroundColor=%23222222&amp;documentId=111127222531-a04a0f32b8c04d7f9722636ae6bb1159\"><param name=\"allowfullscreen\" value=\"true\"><param name=\"menu\" value=\"false\"><param name=\"wmode\" value=\"transparent\"><embed src=\"http:\/\/static.issuu.com\/webembed\/viewers\/style1\/v2\/IssuuReader.swf\" type=\"application\/x-shockwave-flash\" allowfullscreen=\"true\" menu=\"false\" wmode=\"transparent\" style=\"width:420px;height:544px\" flashvars=\"mode=mini&amp;viewMode=singlePage&amp;backgroundColor=%23222222&amp;documentId=111127222531-a04a0f32b8c04d7f9722636ae6bb1159\"><\/embed><\/object><\/p>\n<div style=\"width:420px;text-align:left;\"><a href=\"http:\/\/issuu.com\/greenpeacede\/docs\/castor3?mode=window&amp;backgroundColor=%23222222\" target=\"_blank\" rel=\"noopener noreferrer\">Open publication<\/a> &#8211; Free <a href=\"http:\/\/issuu.com\/\" target=\"_blank\" rel=\"noopener noreferrer\">publishing<\/a> &#8211; <a href=\"http:\/\/issuu.com\/search?q=atomaustieg\" target=\"_blank\" rel=\"noopener noreferrer\">More atomaustieg<\/a><\/div>\n<\/div>\n<p>\u00a0<\/p>\n<p><strong> <\/strong><\/p>\n<hr>\n<p><strong>24. November, der 2. Tag<\/strong><\/p>\n<p>Der Castor &#8211; inzwischen wieder unterwegs &#8211; stand in R\u00e9milly, Frankreich, 40 km Luftlinie von Saarbr\u00fccken  entfernt, weit entfernt vom Wendland. Doch die Lehrer an den Schulen im  Landkreis L\u00fcchow-Dannenberg stehen an diesem Morgen vor leeren St\u00fchlen.<\/p>\n<\/p>\n<div><object classid=\"clsid:D27CDB6E-AE6D-11cf-96B8-444553540000\" style=\"width:420px;height:544px\" id=\"bb7dd3ae-c004-f260-a500-9fcb20facba5\"><param name=\"movie\" value=\"http:\/\/static.issuu.com\/webembed\/viewers\/style1\/v2\/IssuuReader.swf?mode=mini&amp;viewMode=singlePage&amp;titleBarEnabled=true&amp;backgroundColor=%23222222&amp;documentId=111125140201-22258d055ba44c96860adff0c1c73ad7\"><param name=\"allowfullscreen\" value=\"true\"><param name=\"menu\" value=\"false\"><param name=\"wmode\" value=\"transparent\"><embed src=\"http:\/\/static.issuu.com\/webembed\/viewers\/style1\/v2\/IssuuReader.swf\" type=\"application\/x-shockwave-flash\" allowfullscreen=\"true\" menu=\"false\" wmode=\"transparent\" style=\"width:420px;height:544px\" flashvars=\"mode=mini&amp;viewMode=singlePage&amp;titleBarEnabled=true&amp;backgroundColor=%23222222&amp;documentId=111125140201-22258d055ba44c96860adff0c1c73ad7\"><\/embed><\/object><\/p>\n<div style=\"width:420px;text-align:left;\"><a href=\"http:\/\/issuu.com\/greenpeacede\/docs\/castor2?mode=window&amp;backgroundColor=%23222222\" target=\"_blank\" rel=\"noopener noreferrer\">Open publication<\/a> &#8211; Free <a href=\"http:\/\/issuu.com\/\" target=\"_blank\" rel=\"noopener noreferrer\">publishing<\/a> &#8211; <a href=\"http:\/\/issuu.com\/search?q=atomaustieg\" target=\"_blank\" rel=\"noopener noreferrer\">More atomaustieg<\/a><\/div>\n<\/div>\n<p>\u00a0<\/p>\n<p><strong> <\/strong><\/p>\n<hr>\n<p><strong>23. November, der 1. Tag:<\/strong><\/p>\n<p>Elf Castoren, beladen mit \u00fcber 120 Tonnen hochradioaktivem Atomm\u00fcll aus der franz\u00f6sischen Plutioniumfabrik La Hague, sollen\u00a0diesem November wieder auf die lange Reise ins Zwischenlager Gorleben geschickt werden. Die 44-fache Menge an Radioaktivit\u00e4t, die in Fukushima freigesetzt wurde, rollt damit durch unsere Nachbarl\u00e4nder Frankreich und Deutschland &#8211; und landet in einer Art Kartoffelscheune unweit des nieders\u00e4chsischen Elbdorfes Gorleben.\u00a0<\/p>\n<\/p>\n<div><object classid=\"clsid:D27CDB6E-AE6D-11cf-96B8-444553540000\" style=\"width:420px;height:544px\" id=\"9e12d440-bc68-4d04-a729-9183488e3775\"><param name=\"movie\" value=\"http:\/\/static.issuu.com\/webembed\/viewers\/style1\/v2\/IssuuReader.swf?mode=mini&amp;viewMode=singlePage&amp;titleBarEnabled=true&amp;backgroundColor=%23222222&amp;documentId=111125140106-1767807bcf8440f4ad62f231e59cbcc0\"><param name=\"allowfullscreen\" value=\"true\"><param name=\"menu\" value=\"false\"><param name=\"wmode\" value=\"transparent\"><embed src=\"http:\/\/static.issuu.com\/webembed\/viewers\/style1\/v2\/IssuuReader.swf\" type=\"application\/x-shockwave-flash\" allowfullscreen=\"true\" menu=\"false\" wmode=\"transparent\" style=\"width:420px;height:544px\" flashvars=\"mode=mini&amp;viewMode=singlePage&amp;titleBarEnabled=true&amp;backgroundColor=%23222222&amp;documentId=111125140106-1767807bcf8440f4ad62f231e59cbcc0\"><\/embed><\/object><\/p>\n<div style=\"width:420px;text-align:left;\"><a href=\"http:\/\/issuu.com\/greenpeacede\/docs\/castor01?mode=window&amp;backgroundColor=%23222222\" target=\"_blank\" rel=\"noopener noreferrer\">Open publication<\/a> &#8211; Free <a href=\"http:\/\/issuu.com\/\" target=\"_blank\" rel=\"noopener noreferrer\">publishing<\/a> &#8211; <a href=\"http:\/\/issuu.com\/search?q=atomaustieg\" target=\"_blank\" rel=\"noopener noreferrer\">More atomaustieg<\/a><\/div>\n<\/div>\n<p>\u00a0\n<\/p>\n<\/div>\n<\/div>\n","protected":false},"excerpt":{"rendered":"<p>Der 6. Tag, 28. November Der 6. Tag, 28. November Open publication &#8211; Free publishing &#8211; More aktion \u00a0 27. November, der 5. Tag Greenpeace h\u00e4lt an seiner Strafanzeige gegen&hellip;<\/p>\n","protected":false},"author":23,"featured_media":0,"comment_status":"closed","ping_status":"open","sticky":false,"template":"","format":"standard","meta":{"_acf_changed":false,"_planet4_optimize_post_is_variant":false,"_planet4_optimize_experiment_name":"","_planet4_optimize_variant_name":"","ep_exclude_from_search":false,"p4_og_title":"","p4_og_description":"","p4_og_image":"","p4_og_image_id":"","p4_seo_canonical_url":"","p4_campaign_name":"","p4_local_project":"","p4_basket_name":"","p4_department":"","footnotes":""},"categories":[1],"tags":[42],"p4-page-type":[75],"gpch-article-type":[],"class_list":["post-14388","post","type-post","status-publish","format-standard","hentry","category-unkategorisiert","tag-energie","p4-page-type-story"],"acf":[],"_links":{"self":[{"href":"https:\/\/www.greenpeace.ch\/de\/wp-json\/wp\/v2\/posts\/14388","targetHints":{"allow":["GET"]}}],"collection":[{"href":"https:\/\/www.greenpeace.ch\/de\/wp-json\/wp\/v2\/posts"}],"about":[{"href":"https:\/\/www.greenpeace.ch\/de\/wp-json\/wp\/v2\/types\/post"}],"author":[{"embeddable":true,"href":"https:\/\/www.greenpeace.ch\/de\/wp-json\/wp\/v2\/users\/23"}],"replies":[{"embeddable":true,"href":"https:\/\/www.greenpeace.ch\/de\/wp-json\/wp\/v2\/comments?post=14388"}],"version-history":[{"count":0,"href":"https:\/\/www.greenpeace.ch\/de\/wp-json\/wp\/v2\/posts\/14388\/revisions"}],"wp:attachment":[{"href":"https:\/\/www.greenpeace.ch\/de\/wp-json\/wp\/v2\/media?parent=14388"}],"wp:term":[{"taxonomy":"category","embeddable":true,"href":"https:\/\/www.greenpeace.ch\/de\/wp-json\/wp\/v2\/categories?post=14388"},{"taxonomy":"post_tag","embeddable":true,"href":"https:\/\/www.greenpeace.ch\/de\/wp-json\/wp\/v2\/tags?post=14388"},{"taxonomy":"p4-page-type","embeddable":true,"href":"https:\/\/www.greenpeace.ch\/de\/wp-json\/wp\/v2\/p4-page-type?post=14388"},{"taxonomy":"gpch-article-type","embeddable":true,"href":"https:\/\/www.greenpeace.ch\/de\/wp-json\/wp\/v2\/gpch-article-type?post=14388"}],"curies":[{"name":"wp","href":"https:\/\/api.w.org\/{rel}","templated":true}]}}