{"id":14390,"date":"2011-11-24T00:00:00","date_gmt":"2011-11-23T22:00:00","guid":{"rendered":"https:\/\/master.greenpeace.ch\/beitrag\/14390\/kauf-nix-tag-2011\/"},"modified":"2019-05-30T12:32:23","modified_gmt":"2019-05-30T10:32:23","slug":"kauf-nix-tag-2011","status":"publish","type":"post","link":"https:\/\/www.greenpeace.ch\/de\/story\/14390\/kauf-nix-tag-2011\/","title":{"rendered":"Kauf-nix-Tag 2011"},"content":{"rendered":"<p><b>Es ist wieder so weit: Die Regale bleiben voll und die L\u00e4den leer.<\/p>\n<p>Denn der letzte Samstag im November ist \u00abBuy Nothing Day\u00bb und damit Shopping-Pause! Der \u00abKauf-nix-Tag\u00bb ruft auf, 24 Stunden mal nicht zu konsumieren, dem Konsumsumpf zu entfliehen und Pause einzulegen.<\/b><\/p>\n<div>\n<p><!-- START DYNAMIC CONTENT --><\/p>\n<div class=\"events-box big-box left\">\n<div class=\"frame\">\n        <a class=\"open-img EnlargeImage\" href=\"https:\/\/www.greenpeace.ch\/static\/planet4-switzerland-stateless\/2019\/05\/6fd5e279-6fd5e279-30249_59391.jpg\" title=\"Am Samstag nichts einkaufen!\"><br \/>\n            <img decoding=\"async\" id=\"ctl00_cphContentArea_Property3_ctl00_ctl02_Image1\" title=\"Am Samstag nichts einkaufen!\" class=\"Thumbnail\" src=\"https:\/\/www.greenpeace.ch\/static\/planet4-switzerland-stateless\/2019\/05\/6fd5e279-6fd5e279-30249_59391.jpg\" alt=\"Am Samstag nichts einkaufen!\" style=\"border-width:0px;\"><\/p>\n<p>        <\/a>\n    <\/div>\n<div class=\"events-content hidden-paragraph\">\n        <span class=\"date\"><\/span><br \/>\n        <strong>Am Samstag nichts einkaufen!<\/strong><\/p>\n<\/p>\n<\/div>\n<\/div>\n<p> <!-- END DYNAMIC CONTENT --><\/p>\n<p>Shopping-Pause \u2013 die haben wir uns verdient. \u00abAlles in der Wirtschaft ist darauf ausgelegt, heute, jetzt, hier, sofort etwas zu kaufen. Ich war davon v\u00f6llig ersch\u00f6pft\u00bb, so Ted Dave, Gr\u00fcnder des <a href=\"http:\/\/www.adbusters.org\/campaigns\/bnd\">\u00abBuy Nothing Day\u00bb<\/a> (BND) \u00abIch dachte, es sei gut endlich\u00a0 mal eine Shopping-Pause einzulegen\u00bb. Das war 1991. Ein Jahr sp\u00e4ter \u00fcbernahm die <a href=\"http:\/\/www.adbusters.org\/\">Adbusters Media Foundation<\/a> den BND. In Sachen Kampagnen sind die Adbusters alte Hasen. Schon seit 1992 bringen sie Kampagnen wie die <em><a href=\"http:\/\/www.adbusters.org\/abtv\/slow_down_week.html\">Slow Down Week<\/a><\/em>, den <em><a href=\"http:\/\/kickitover.org\/\">Kick it over Tag<\/a><\/em> im April oder eben den <a href=\"http:\/\/www.buynothingday.org\/faq.html\">Buy nothing Day<\/a>\u00a0\u2013 deutsch \u00abKauf-nix-Tag\u00bb \u2013 im November, weltweit in \u00fcber 80 L\u00e4ndern unter die Leute. In Nordamerika findet er am \u00abBlack Friday\u00bb, also am Tag nach Thanksgiving, statt; weltweit am darauf folgenden Samstag.<\/p>\n<p><strong>Occupy Wallstreet, Occupy Xmas!<\/strong><\/p>\n<p>Die <a href=\"http:\/\/www.adbusters.org\/\">Adbusters Media Foundation<\/a> hat nur eine Mission: den Konsumwahn zu bek\u00e4mpfen. Und das macht sie gut. Ihr j\u00fcngster Beweis: Die Occupy Wallstreet Bewegung. Schon im Juli k\u00fcndigten riefen sie via Internet dazu auf, die Wallstreet zu besetzen. Vorbild war der Arabische Fr\u00fchling. Ihr Schlachtruf \u00abSeid ihr bereit f\u00fcr einen Tahrir-Moment? Dann str\u00f6mt am 17.\u00a0September nach Lower Manhattan, baut Zelte, K\u00fcchen, friedliche Barrikaden und besetzt die Wall Street.\u00bb fand seinen Weg bis in die kleinsten Ecken von linken Foren und erlangte nicht nur weltweite Ber\u00fchmtheit, sondern setzte sich durch. Auch nach zwei Monaten stirbt die Occupy Wallstreet Bewegung nicht ab.<\/p>\n<p class=\"article\"><strong>Das empfindlichste K\u00f6rperteil: Das Portemonaie<\/strong><\/p>\n<p class=\"article\">Der Kauf-nix-Tag feiert dieses Jahr seinen 20sten Geburtstag, ein guter Grund f\u00fcr frischen Wind in der Occupy Bewegung. Die OccupyXmas Bewegung soll \u00ab<a href=\"http:\/\/www.adbusters.org\/node\/2821\">die Reichen an ihrem empfindlichsten K\u00f6rperteil treffen: Dem Portemonaie<\/a>\u00bb, so die Adbusters Foundation. Ihr Kopf <a title=\"http:\/\/www.ag-friedensforschung.de\/themen\/Globalisierung\/lasn.html\" href=\"http:\/\/www.ag-friedensforschung.de\/themen\/Globalisierung\/lasn.html\" target=\"_blank\" rel=\"noopener noreferrer\">Kalle Lasn<\/a> fasst es knapp zusammen \u00abDer Planet stirbt, und wir liegen vor dem Fernseher wie verpr\u00fcgelte Hunde und tragen wie Sklaven an unserer Kleidung die Abzeichen von Unternehmen\u00bb.\u00a0\u00a0\u00a0\u00a0\u00a0\u00a0\u00a0\u00a0\u00a0\u00a0\u00a0\u00a0\u00a0\u00a0\u00a0\u00a0\u00a0\u00a0\u00a0\u00a0\u00a0\u00a0\u00a0\u00a0\u00a0\u00a0\u00a0\u00a0\u00a0\u00a0\u00a0\u00a0\u00a0\u00a0\u00a0\u00a0\u00a0\u00a0\u00a0\u00a0\u00a0\u00a0\u00a0\u00a0\u00a0\u00a0\u00a0\u00a0\u00a0\u00a0\u00a0\u00a0\u00a0\u00a0\u00a0\u00a0\u00a0\u00a0\u00a0\u00a0\u00a0\u00a0\u00a0\u00a0\u00a0\u00a0\u00a0\u00a0\u00a0\u00a0<\/p>\n<p class=\"article\">Deswegen, liebe Verbraucher: Legt eure Shopping-Pause ein! Entzieht euch dem \u00dcberangebot und verzichtet 24 Stunden lang auf das Paradigma Flachbildschirm, neuesten Videogames und Hightech \u2013 sondern besinnt euch (zum Beispiel auf euch selbst) und denkt nach \u2013 \u00fcber unser Konsumverhalten.<\/p>\n<p class=\"article\"><strong>Consumer Wonderland \u2013 wollen wir das wirklich?\u00a0\u00a0\u00a0\u00a0\u00a0\u00a0\u00a0\u00a0\u00a0\u00a0\u00a0\u00a0\u00a0\u00a0\u00a0\u00a0\u00a0\u00a0\u00a0\u00a0\u00a0\u00a0\u00a0\u00a0\u00a0\u00a0\u00a0\u00a0\u00a0\u00a0\u00a0\u00a0\u00a0\u00a0\u00a0\u00a0\u00a0\u00a0\u00a0\u00a0\u00a0\u00a0\u00a0\u00a0\u00a0\u00a0\u00a0\u00a0\u00a0\u00a0\u00a0\u00a0\u00a0\u00a0\u00a0\u00a0\u00a0\u00a0\u00a0\u00a0\u00a0\u00a0\u00a0\u00a0 \u00a0\u00a0\u00a0\u00a0\u00a0\u00a0\u00a0\u00a0\u00a0\u00a0\u00a0\u00a0\u00a0\u00a0\u00a0\u00a0<\/strong><\/p>\n<p class=\"article\">Es ist zwar egal, ob wir heute neue Schuhe kaufen oder n\u00e4chste Woche.\u00a0\u00a0\u00a0\u00a0\u00a0\u00a0\u00a0\u00a0\u00a0\u00a0\u00a0\u00a0\u00a0\u00a0\u00a0\u00a0\u00a0\u00a0\u00a0\u00a0\u00a0\u00a0\u00a0\u00a0 <br \/>Dem Gesch\u00e4ft wird das keine roten Zahlen bescheren. Aber das ist auch nicht das, worum es beim Kauf-nix-Tag geht. Der Buy Nothing Day soll anregen, aufwecken und inspirieren. Brauchen wir wirklich, was wir immer kaufen?\u00a0\u00a0\u00a0\u00a0\u00a0\u00a0\u00a0\u00a0\u00a0\u00a0\u00a0\u00a0\u00a0\u00a0\u00a0\u00a0\u00a0\u00a0\u00a0\u00a0\u00a0\u00a0\u00a0\u00a0\u00a0\u00a0\u00a0\u00a0\u00a0\u00a0\u00a0\u00a0 <br \/>Wir m\u00fcssen zwar konsumieren, da kommen wir kaum drum rum.\u00a0\u00a0\u00a0\u00a0\u00a0\u00a0\u00a0\u00a0\u00a0\u00a0\u00a0\u00a0\u00a0\u00a0\u00a0\u00a0\u00a0\u00a0\u00a0\u00a0\u00a0\u00a0\u00a0\u00a0\u00a0\u00a0\u00a0\u00a0\u00a0\u00a0\u00a0\u00a0\u00a0\u00a0\u00a0\u00a0\u00a0\u00a0\u00a0\u00a0\u00a0\u00a0 <br \/>Aber m\u00fcssen wir wirklich so viel konsumieren? Und, m\u00fcssen wir uns \u00fcberhaupt als Konsument definieren? Was w\u00e4re, wenn wir uns nicht als Konsumenten sondern als Revolution\u00e4re definieren w\u00fcrden? K\u00f6nnten Konsumenten sich als Gruppe organisieren, zu hunderten, zu tausenden, w\u00e4ren sie dann die neue Supermacht, f\u00e4hig ganze Industrien still zu legen, Politik zu ver\u00e4ndern und die Wirtschaft zu steuern? Im Konsumsumpf Amerika nehmen immer mehr Leute den Buy Nothing Day als Anlass aktiv zu verzichten. Mit <a href=\"http:\/\/www.buynothingchristmas.org\/resources\/index.html\">frechen wie kreativen Ideen<\/a> wird der Konsum angeklagt. Passende Songs wie <a href=\"http:\/\/www.buynothingchristmas.org\/images\/resources\/pdf\/BND_Song_Cards.pdf\">Consumer Wonderland<\/a> und Spr\u00fcche wie \u00abWhat would Jesus buy\u00bb mit <a href=\"http:\/\/www.adbusters.org\/files\/campaigns\/bnd\/Jesus_Mask.pdf\">Masken zum selber basteln<\/a> gibt es <a href=\"http:\/\/www.adbusters.org\/files\/campaigns\/bnd\/Jesus_Mask.pdf\">hier<\/a>.<\/p>\n<p class=\"article\"><strong><em>Inga Laas<\/em><\/strong> schreibt regelm\u00e4ssig f\u00fcr das Greenpeace Magazin.<\/p>\n<\/div>\n","protected":false},"excerpt":{"rendered":"<p>Es ist wieder so weit: Die Regale bleiben voll und die L\u00e4den leer. Denn der letzte Samstag im November ist \u00abBuy Nothing Day\u00bb und damit Shopping-Pause! Der \u00abKauf-nix-Tag\u00bb ruft auf,&hellip;<\/p>\n","protected":false},"author":23,"featured_media":14392,"comment_status":"closed","ping_status":"open","sticky":false,"template":"","format":"standard","meta":{"_acf_changed":false,"_planet4_optimize_post_is_variant":false,"_planet4_optimize_experiment_name":"","_planet4_optimize_variant_name":"","ep_exclude_from_search":false,"p4_og_title":"","p4_og_description":"","p4_og_image":"","p4_og_image_id":"","p4_seo_canonical_url":"","p4_campaign_name":"","p4_local_project":"","p4_basket_name":"","p4_department":"","footnotes":""},"categories":[1],"tags":[],"p4-page-type":[75],"gpch-article-type":[],"class_list":["post-14390","post","type-post","status-publish","format-standard","has-post-thumbnail","hentry","category-unkategorisiert","p4-page-type-story"],"acf":[],"_links":{"self":[{"href":"https:\/\/www.greenpeace.ch\/de\/wp-json\/wp\/v2\/posts\/14390","targetHints":{"allow":["GET"]}}],"collection":[{"href":"https:\/\/www.greenpeace.ch\/de\/wp-json\/wp\/v2\/posts"}],"about":[{"href":"https:\/\/www.greenpeace.ch\/de\/wp-json\/wp\/v2\/types\/post"}],"author":[{"embeddable":true,"href":"https:\/\/www.greenpeace.ch\/de\/wp-json\/wp\/v2\/users\/23"}],"replies":[{"embeddable":true,"href":"https:\/\/www.greenpeace.ch\/de\/wp-json\/wp\/v2\/comments?post=14390"}],"version-history":[{"count":0,"href":"https:\/\/www.greenpeace.ch\/de\/wp-json\/wp\/v2\/posts\/14390\/revisions"}],"wp:featuredmedia":[{"embeddable":true,"href":"https:\/\/www.greenpeace.ch\/de\/wp-json\/wp\/v2\/media\/14392"}],"wp:attachment":[{"href":"https:\/\/www.greenpeace.ch\/de\/wp-json\/wp\/v2\/media?parent=14390"}],"wp:term":[{"taxonomy":"category","embeddable":true,"href":"https:\/\/www.greenpeace.ch\/de\/wp-json\/wp\/v2\/categories?post=14390"},{"taxonomy":"post_tag","embeddable":true,"href":"https:\/\/www.greenpeace.ch\/de\/wp-json\/wp\/v2\/tags?post=14390"},{"taxonomy":"p4-page-type","embeddable":true,"href":"https:\/\/www.greenpeace.ch\/de\/wp-json\/wp\/v2\/p4-page-type?post=14390"},{"taxonomy":"gpch-article-type","embeddable":true,"href":"https:\/\/www.greenpeace.ch\/de\/wp-json\/wp\/v2\/gpch-article-type?post=14390"}],"curies":[{"name":"wp","href":"https:\/\/api.w.org\/{rel}","templated":true}]}}