{"id":14396,"date":"2011-11-24T00:00:00","date_gmt":"2011-11-23T22:00:00","guid":{"rendered":"https:\/\/master.greenpeace.ch\/beitrag\/14396\/chevron-bohrleck-bedroht-brasiliens-kueste\/"},"modified":"2019-05-30T12:32:32","modified_gmt":"2019-05-30T10:32:32","slug":"chevron-bohrleck-bedroht-brasiliens-kueste","status":"publish","type":"post","link":"https:\/\/www.greenpeace.ch\/de\/story\/14396\/chevron-bohrleck-bedroht-brasiliens-kueste\/","title":{"rendered":"Chevron-Bohrleck bedroht Brasiliens K\u00fcste"},"content":{"rendered":"<p><b><\/b><\/p>\n<div class=\"post-content\">\n<div>\n<div class=\"events-box middle-box left\">\n<div class=\"frame\">\n        <a class=\"open-img EnlargeImage\" href=\"https:\/\/www.greenpeace.ch\/static\/planet4-switzerland-stateless\/2019\/05\/a6537a9e-a6537a9e-111124_chevron.jpg\" title=\"\"><br \/>\n            <img decoding=\"async\" id=\"ctl00_cphContentArea_epiEntryContent_ctl00_ctl02_Image1\" class=\"Thumbnail\" src=\"https:\/\/www.greenpeace.ch\/static\/planet4-switzerland-stateless\/2019\/05\/a6537a9e-a6537a9e-111124_chevron.jpg\" alt=\"\" style=\"border-width:0px;\"><\/p>\n<p>        <\/a>\n    <\/div>\n<div class=\"events-content no-title\">\n        <span class=\"date\"><\/span><br \/>\n        <strong><\/strong><\/p>\n<p>\n            Greenpeace-Protest im September gegen ein riesiges Bohrschiff von Chevron vor der britischen K\u00fcste. Die Aktivisten verlangen \u00abGo Beyond Oil\u00bb \/ \u00a9 Will Rose \/ Greenpeace\n        <\/p>\n<\/p>\n<\/div>\n<\/div>\n<p>Seit Wochen tritt vor der K\u00fcste von Brasiliens Metropole Rio de Janeiro \u00d6l aus einer Bohranlage des US-\u00d6lriesen Chevron. Die brasilianische Regierung hat nun auf seinem Territorium vorl\u00e4ufig s\u00e4mtliche Bohraktivit\u00e4ten des Konzerns ausgesetzt, bis  die Ursachen und Verantwortlichkeiten f\u00fcr die \u00d6lpest gekl\u00e4rt und die  Sicherheitsbedingungen in der betroffenen Region wiederhergestellt  seien, erkl\u00e4rte die brasilianische \u00d6lbeh\u00f6rde ANP. Zugleich lehnte sie  einen Antrag von Chevron ab, die riesigen \u00d6lvorkommen auszubeuten, die  k\u00fcrzlich unter einer dichten Salzkruste im Meer entdeckt wurden.<\/p>\n<p>Die brasilianischen Beh\u00f6rden werfen dem US-Konzern unter  anderem \u00abFalschinformationen\u00bb hinsichtlich der Bem\u00fchungen zur Bek\u00e4mpfung  der \u00d6lpest vor. Rios Umweltminister Carlos Minc hatte das Ungl\u00fcck \u00abvermeidbar\u00bb genannt und Chevron \u00abNachl\u00e4ssigkeit\u00bb vorgeworfen.<\/p>\n<p>Der  Austritt des \u00d6ls war am 9. November entdeckt worden. Das betroffene  Bohrloch von Chevron befindet sich nahe dem \u00d6lfeld Campo Frade rund 370  Kilometer vor der brasilianischen K\u00fcste. Der \u00d6lteppich bewegt sich offenbar auf die K\u00fcste zu. In der N\u00e4he liegen Routen von  Walen und Delfinen.<\/p>\n<p>Nach Greenpeace-Sch\u00e4tzungen aufgrund von Satellitenbildern treten t\u00e4glich rund 3700 Barrel aus. Das sind rund 590&#8217;000 Liter. Der Unfall zeigt zum wiederholten Mal, wie verheerend die Suche nach \u00d6l gerade in \u00f6kologisch sensiblen Gebieten sein kann.<\/p>\n<\/div>\n<\/div>\n","protected":false},"excerpt":{"rendered":"<p>Greenpeace-Protest im September gegen ein riesiges Bohrschiff von Chevron vor der britischen K\u00fcste. Die Aktivisten verlangen \u00abGo Beyond Oil\u00bb \/ \u00a9 Will Rose \/ Greenpeace Seit Wochen tritt vor der&hellip;<\/p>\n","protected":false},"author":23,"featured_media":14398,"comment_status":"closed","ping_status":"open","sticky":false,"template":"","format":"standard","meta":{"_acf_changed":false,"_planet4_optimize_post_is_variant":false,"_planet4_optimize_experiment_name":"","_planet4_optimize_variant_name":"","ep_exclude_from_search":false,"p4_og_title":"","p4_og_description":"","p4_og_image":"","p4_og_image_id":"","p4_seo_canonical_url":"","p4_campaign_name":"","p4_local_project":"","p4_basket_name":"","p4_department":"","footnotes":""},"categories":[1],"tags":[41],"p4-page-type":[75],"gpch-article-type":[],"class_list":["post-14396","post","type-post","status-publish","format-standard","has-post-thumbnail","hentry","category-unkategorisiert","tag-meer","p4-page-type-story"],"acf":[],"_links":{"self":[{"href":"https:\/\/www.greenpeace.ch\/de\/wp-json\/wp\/v2\/posts\/14396","targetHints":{"allow":["GET"]}}],"collection":[{"href":"https:\/\/www.greenpeace.ch\/de\/wp-json\/wp\/v2\/posts"}],"about":[{"href":"https:\/\/www.greenpeace.ch\/de\/wp-json\/wp\/v2\/types\/post"}],"author":[{"embeddable":true,"href":"https:\/\/www.greenpeace.ch\/de\/wp-json\/wp\/v2\/users\/23"}],"replies":[{"embeddable":true,"href":"https:\/\/www.greenpeace.ch\/de\/wp-json\/wp\/v2\/comments?post=14396"}],"version-history":[{"count":0,"href":"https:\/\/www.greenpeace.ch\/de\/wp-json\/wp\/v2\/posts\/14396\/revisions"}],"wp:featuredmedia":[{"embeddable":true,"href":"https:\/\/www.greenpeace.ch\/de\/wp-json\/wp\/v2\/media\/14398"}],"wp:attachment":[{"href":"https:\/\/www.greenpeace.ch\/de\/wp-json\/wp\/v2\/media?parent=14396"}],"wp:term":[{"taxonomy":"category","embeddable":true,"href":"https:\/\/www.greenpeace.ch\/de\/wp-json\/wp\/v2\/categories?post=14396"},{"taxonomy":"post_tag","embeddable":true,"href":"https:\/\/www.greenpeace.ch\/de\/wp-json\/wp\/v2\/tags?post=14396"},{"taxonomy":"p4-page-type","embeddable":true,"href":"https:\/\/www.greenpeace.ch\/de\/wp-json\/wp\/v2\/p4-page-type?post=14396"},{"taxonomy":"gpch-article-type","embeddable":true,"href":"https:\/\/www.greenpeace.ch\/de\/wp-json\/wp\/v2\/gpch-article-type?post=14396"}],"curies":[{"name":"wp","href":"https:\/\/api.w.org\/{rel}","templated":true}]}}