{"id":14408,"date":"2011-11-25T00:00:00","date_gmt":"2011-11-24T22:00:00","guid":{"rendered":"https:\/\/master.greenpeace.ch\/beitrag\/14408\/der-klimawandel-ist-jetzt-auf-nach-durban-frau-leuthard\/"},"modified":"2019-05-30T12:32:49","modified_gmt":"2019-05-30T10:32:49","slug":"der-klimawandel-ist-jetzt-auf-nach-durban-frau-leuthard","status":"publish","type":"post","link":"https:\/\/www.greenpeace.ch\/de\/story\/14408\/der-klimawandel-ist-jetzt-auf-nach-durban-frau-leuthard\/","title":{"rendered":"Der Klimawandel ist jetzt \u2013 auf nach Durban, Frau Leuthard!"},"content":{"rendered":"<p><b>Wer dieser Tage in den Bergen unterwegs ist, kann schon mal durstig ausgehen, wenn er endlich im Ausflugsrestaurant ankommt. Nicht nur wegen der vielen Ausfl\u00fcgler, die das klare Wetter dem tristen Nebel vorziehen, sondern weil es derzeit so trocken ist, dass manchen Bergbeizen das Wasser ausgeht. So zum Beispiel im Restaurant H\u00f6rnli im Z\u00fcrcher Oberland, wo tagelang kein Tropfen mehr aus dem Hahn oder aus der Dusche kam.<\/b><\/p>\n<div class=\"post-content\">\n<div>\n<p>Wer dieser Tage in den Bergen unterwegs ist, kann schon mal durstig ausgehen, wenn er endlich im Ausflugsrestaurant ankommt. Nicht nur wegen der vielen Ausfl\u00fcgler, die das klare Wetter dem tristen Nebel vorziehen, sondern weil es derzeit so trocken ist, dass manchen Bergbeizen das Wasser ausgeht. So zum Beispiel im Restaurant H\u00f6rnli im Z\u00fcrcher Oberland, wo tagelang kein Tropfen mehr aus dem Hahn oder aus der Dusche kam.<\/p>\n<p>Seit \u00fcber einem Monat hat es in der Schweiz praktisch nicht mehr geregnet. Die Situation ist an manchen Orten prek\u00e4rer als im Jahrhundert-Hitzesommer 2003. In der Westschweiz bahnt sich die schlimmste Trockenphase seit 150 Jahren an. Hier im Kanton Z\u00fcrich fielen gerade mal zwei Millimeter Regen, wo in unseren Breitengraden in den Herbstmonaten 70 bis 90 Millimeter als normal gelten. Die Quellen versiegen, die Grundwasserspiegel sinken. Bereits musste die Gemeinde Fischenthal von der Nachbargemeinde Bauma Wasser pumpen wegen akuter Knappheit.<\/p>\n<p>Keine Frage: Das Klima \u00e4ndert sich dramatisch. \u00a0Hier. Jetzt. Und auf dem ganzen Planeten. Gem\u00e4ss einer brandneuen Studie in Nature Geoscience schmilzt das arktische Eissschild in horrendem Tempo und Ausmass. Seit dem ausgehenden letzten Jahrhundert ist es um Schwindel erregende zwei Millionen Quadratkilometer geschrumpft. Das entspricht beinahe der Fl\u00e4che des Mittelmeers (2.5 Mio. km2).\u00a0<\/p>\n<p>Am Montag startet die j\u00e4hrliche Klimakonferenz, welche dieses Mal in Durban abgehalten wird. Zwei Wochen haben die teilnehmenden 193 Staaten Zeit, die Basis f\u00fcr ein neues wirkungsvolles Klimaschutzabkommen und ein Finanzierungsmodell f\u00fcr den n\u00f6tigen Klimafonds zu erarbeiten. Ich blicke gespannt auf diese Zeit. Allen Unkenrufern zum Trotz, welche Durban totsagen wollen, bevor es \u00fcberhaupt angefangen hat. Die verhandelnden Nationen haben die Verpflichtung, es mit dem weltweiten Klimaschutz besser zu machen als mit ihren Finanzhaushalten: zu handeln, bevor die Sache total aus dem Ruder l\u00e4uft.\u00a0<\/p>\n<p>Auch die Schweiz als Industrienation hat in diesen Wochen eine grosse Verantwortung und muss mit hohen Reduktionszielen Farbe bekennen.<\/p>\n<p>Dazu f\u00e4llt mir die Dusche aus der Z\u00fcrcher Bergbeiz wieder ein, die wegen Trockenheit ausser Betrieb fiel. Vielleicht erinnern Sie sich an den (zumindest informellen) Slogan, mit dem unsere Bundesr\u00e4tin Doris Leuthard in den sp\u00e4ten 90-ern Furore machte und in den Nationalrat gew\u00e4hlt wurde? \u201eDuschen mit Doris\u201c. \u00a0Sie liess damals Tausende von Duschbeuteln mit ihrem Konterfei bedrucken. Wenn Bundesr\u00e4tin Leuthard in der zweiten Verhandlungs-Woche f\u00fcr die Schweiz nach Durban fliegt, hat sie Gelegenheit, diesem Slogan alle Ehre zu machen. Indem sie sich f\u00fcr wirkungsvollen Klimaschutz und einen substantiellen Schweizer Beitrag stark macht. Und damit letztlich auch daf\u00fcr, dass unser Wasserhaushalt nicht komplett aus den Fugen ger\u00e4t.<\/p>\n<\/div>\n<\/div>\n","protected":false},"excerpt":{"rendered":"<p>Wer dieser Tage in den Bergen unterwegs ist, kann schon mal durstig ausgehen, wenn er endlich im Ausflugsrestaurant ankommt. Nicht nur wegen der vielen Ausfl\u00fcgler, die das klare Wetter dem&hellip;<\/p>\n","protected":false},"author":23,"featured_media":0,"comment_status":"closed","ping_status":"open","sticky":false,"template":"","format":"standard","meta":{"_acf_changed":false,"_planet4_optimize_post_is_variant":false,"_planet4_optimize_experiment_name":"","_planet4_optimize_variant_name":"","ep_exclude_from_search":false,"p4_og_title":"","p4_og_description":"","p4_og_image":"","p4_og_image_id":"","p4_seo_canonical_url":"","p4_campaign_name":"","p4_local_project":"","p4_basket_name":"","p4_department":"","footnotes":""},"categories":[1],"tags":[50],"p4-page-type":[75],"gpch-article-type":[],"class_list":["post-14408","post","type-post","status-publish","format-standard","hentry","category-unkategorisiert","tag-klima","p4-page-type-story"],"acf":[],"_links":{"self":[{"href":"https:\/\/www.greenpeace.ch\/de\/wp-json\/wp\/v2\/posts\/14408","targetHints":{"allow":["GET"]}}],"collection":[{"href":"https:\/\/www.greenpeace.ch\/de\/wp-json\/wp\/v2\/posts"}],"about":[{"href":"https:\/\/www.greenpeace.ch\/de\/wp-json\/wp\/v2\/types\/post"}],"author":[{"embeddable":true,"href":"https:\/\/www.greenpeace.ch\/de\/wp-json\/wp\/v2\/users\/23"}],"replies":[{"embeddable":true,"href":"https:\/\/www.greenpeace.ch\/de\/wp-json\/wp\/v2\/comments?post=14408"}],"version-history":[{"count":0,"href":"https:\/\/www.greenpeace.ch\/de\/wp-json\/wp\/v2\/posts\/14408\/revisions"}],"wp:attachment":[{"href":"https:\/\/www.greenpeace.ch\/de\/wp-json\/wp\/v2\/media?parent=14408"}],"wp:term":[{"taxonomy":"category","embeddable":true,"href":"https:\/\/www.greenpeace.ch\/de\/wp-json\/wp\/v2\/categories?post=14408"},{"taxonomy":"post_tag","embeddable":true,"href":"https:\/\/www.greenpeace.ch\/de\/wp-json\/wp\/v2\/tags?post=14408"},{"taxonomy":"p4-page-type","embeddable":true,"href":"https:\/\/www.greenpeace.ch\/de\/wp-json\/wp\/v2\/p4-page-type?post=14408"},{"taxonomy":"gpch-article-type","embeddable":true,"href":"https:\/\/www.greenpeace.ch\/de\/wp-json\/wp\/v2\/gpch-article-type?post=14408"}],"curies":[{"name":"wp","href":"https:\/\/api.w.org\/{rel}","templated":true}]}}