{"id":14426,"date":"2011-11-12T00:00:00","date_gmt":"2011-11-11T22:00:00","guid":{"rendered":"https:\/\/master.greenpeace.ch\/beitrag\/14426\/axpo-sistiert-uranbezug-aus-mayak\/"},"modified":"2019-05-30T12:33:17","modified_gmt":"2019-05-30T10:33:17","slug":"axpo-sistiert-uranbezug-aus-mayak","status":"publish","type":"post","link":"https:\/\/www.greenpeace.ch\/de\/story\/14426\/axpo-sistiert-uranbezug-aus-mayak\/","title":{"rendered":"Axpo sistiert Uranbezug aus Mayak"},"content":{"rendered":"<p><b>Wie die Axpo heute in einer Pressemitteilung erkl\u00e4rt, verzichtet der Konzern bis auf weiteres auf Uranlieferungen aus der umstrittenen russischen Wiederaufbereitungsanlage Mayak. Axpo begr\u00fcndet dies mit der fehlenden Transparenz bez\u00fcglich der dort herrschenden Produktionsbedingungen.<\/b><\/p>\n<div class=\"post-content\">\n<div>\n<p>Wie die Axpo heute in einer Pressemitteilung erkl\u00e4rt, verzichtet der Konzern bis auf weiteres auf Uranlieferungen aus der umstrittenen russischen Wiederaufbereitungsanlage Mayak. Axpo begr\u00fcndet dies mit der fehlenden Transparenz bez\u00fcglich der dort herrschenden Produktionsbedingungen.<\/p>\n<p>Indem sich die Axpo nun offenbar doch darum bem\u00fcht, ihren Uranbezug von der Transparenz- und Informationspolitik des Lieferanten abh\u00e4ngig zu machen, bewegt sie sich endlich in die gute Richtung.\u00a0<\/p>\n<p>Erstaunlich ist aber, dass die Axpo weiterhin Uran aus Seversk beziehen will. Dort werden radioaktive Abf\u00e4lle direkt in den Boden eingespritzt, was zwar nach russischem Recht offenbar erlaubt ist, aber in keinem europ\u00e4ischen Land denkbar w\u00e4re. Der Uranbezug aus Seversk steht im klaren Widerspruch zu den so oft gepriesenen Nachhaltigkeitsbem\u00fchungen der Axpo. Denn: Atomm\u00fcll einfach zu vergraben hat mit Nachhaltigkeit nichts zu tun.<\/p>\n<p>Greenpeace hat in den letzten Monaten verschiedene Indizien an den Tag gebracht, welche die Umweltvertr\u00e4glichkeit der Uranproduktion in Mayak und Seversk in Frage stellen. Mehrmals hat Greenpeace die Axpo mit diesen Hinweisen konfrontiert und sie nach Erkl\u00e4rungen gefragt.\u00a0Wir sind gespannt, wie die Axpo die aufgeworfenen Fragen an ihrer Pressekonferenz am kommenden Montagmorgen \u00a0beantworten wird.<\/p>\n<p><a title=\"Dosser Mayak\" href=\"http:\/\/www.greenpeace.org\/switzerland\/de\/Kampagnen\/Stromzukunft-Schweiz\/Atomstrom\/Sicherheit-und-Gesundheit\/Mayak\/\" target=\"_blank\" rel=\"noopener noreferrer\">Zum Dossier Mayak<\/a><\/p>\n<\/div>\n<\/div>\n","protected":false},"excerpt":{"rendered":"<p>Wie die Axpo heute in einer Pressemitteilung erkl\u00e4rt, verzichtet der Konzern bis auf weiteres auf Uranlieferungen aus der umstrittenen russischen Wiederaufbereitungsanlage Mayak. Axpo begr\u00fcndet dies mit der fehlenden Transparenz bez\u00fcglich&hellip;<\/p>\n","protected":false},"author":23,"featured_media":0,"comment_status":"closed","ping_status":"open","sticky":false,"template":"","format":"standard","meta":{"_acf_changed":false,"_planet4_optimize_post_is_variant":false,"_planet4_optimize_experiment_name":"","_planet4_optimize_variant_name":"","ep_exclude_from_search":false,"p4_og_title":"","p4_og_description":"","p4_og_image":"","p4_og_image_id":"","p4_seo_canonical_url":"","p4_campaign_name":"","p4_local_project":"","p4_basket_name":"","p4_department":"","footnotes":""},"categories":[1],"tags":[42],"p4-page-type":[75],"gpch-article-type":[],"class_list":["post-14426","post","type-post","status-publish","format-standard","hentry","category-unkategorisiert","tag-energie","p4-page-type-story"],"acf":[],"_links":{"self":[{"href":"https:\/\/www.greenpeace.ch\/de\/wp-json\/wp\/v2\/posts\/14426","targetHints":{"allow":["GET"]}}],"collection":[{"href":"https:\/\/www.greenpeace.ch\/de\/wp-json\/wp\/v2\/posts"}],"about":[{"href":"https:\/\/www.greenpeace.ch\/de\/wp-json\/wp\/v2\/types\/post"}],"author":[{"embeddable":true,"href":"https:\/\/www.greenpeace.ch\/de\/wp-json\/wp\/v2\/users\/23"}],"replies":[{"embeddable":true,"href":"https:\/\/www.greenpeace.ch\/de\/wp-json\/wp\/v2\/comments?post=14426"}],"version-history":[{"count":0,"href":"https:\/\/www.greenpeace.ch\/de\/wp-json\/wp\/v2\/posts\/14426\/revisions"}],"wp:attachment":[{"href":"https:\/\/www.greenpeace.ch\/de\/wp-json\/wp\/v2\/media?parent=14426"}],"wp:term":[{"taxonomy":"category","embeddable":true,"href":"https:\/\/www.greenpeace.ch\/de\/wp-json\/wp\/v2\/categories?post=14426"},{"taxonomy":"post_tag","embeddable":true,"href":"https:\/\/www.greenpeace.ch\/de\/wp-json\/wp\/v2\/tags?post=14426"},{"taxonomy":"p4-page-type","embeddable":true,"href":"https:\/\/www.greenpeace.ch\/de\/wp-json\/wp\/v2\/p4-page-type?post=14426"},{"taxonomy":"gpch-article-type","embeddable":true,"href":"https:\/\/www.greenpeace.ch\/de\/wp-json\/wp\/v2\/gpch-article-type?post=14426"}],"curies":[{"name":"wp","href":"https:\/\/api.w.org\/{rel}","templated":true}]}}