{"id":14432,"date":"2011-11-16T00:00:00","date_gmt":"2011-11-15T22:00:00","guid":{"rendered":"https:\/\/master.greenpeace.ch\/beitrag\/14432\/schweizer-konzern-danzer-an-menschenrechtsverletzungen-beteiligt\/"},"modified":"2022-03-31T10:28:31","modified_gmt":"2022-03-31T08:28:31","slug":"schweizer-konzern-danzer-an-menschenrechtsverletzungen-beteiligt","status":"publish","type":"post","link":"https:\/\/www.greenpeace.ch\/de\/story\/14432\/schweizer-konzern-danzer-an-menschenrechtsverletzungen-beteiligt\/","title":{"rendered":"Schweizer Konzern Danzer an Menschenrechtsverletzungen beteiligt"},"content":{"rendered":"<p><b>Mach mit bei unserer Petition, und forder Bundesrat und Parlament auf daf\u00fcr zu sorgen, dass Firmen mit Sitz in der Schweiz die Menschenrechte und die Umwelt weltweit respektieren m\u00fcssen:<\/b><\/p>\n<div class=\"post-content\">\n<p>In der Demokratischen Republik Kongo (DRC) ist Gewalt im Zusammenhang mit Holzfirmen nichts Ungew\u00f6hnliches. Von Greenpeace gesammelte Beweise und Zeugenaussagen zeigen nun aber besonders schwerwiegende und schockierende Menschenrechtsverletzungen, in die der Schweizer Konzern Danzer beteiligt ist.<\/p>\n<p>In der Nacht vom 2. Mai 2011 haben bis zu 60 Soldaten und Polizisten die Waldgemeinde <em>Yalisika<\/em> im Dorf Bosanga (im Gebiet von Bumba &#8211; \u00c9quateur Province) brutal angegriffen. Bei den \u00dcbergriffen kam der Dorfbewohner Frederic Moloma Tuka\u00a0 ums Leben und mehrere Frauen, darunter minderj\u00e4hrige M\u00e4dchen, wurden von den Eindringlingen vergewaltigt. Eine Reihe weiterer unschuldiger Personen wurde geschlagen und abgef\u00fchrt.<\/p>\n<p>Doch was hat das alles mit der Schweiz zun tun? Die in Baar ZG ans\u00e4ssige Danzer Group begann durch die Tochtergesellschaft SIFORCO im Jahr 1993\u00a0 in dieser Region Holz abzubauen. Der Konzern unterzeichnete dabei eine Vereinbarung mit der lokalen Bev\u00f6lkerung und verpflichtete sich, die Menschen vor Ort f\u00fcr den Verlust der W\u00e4lder zu entsch\u00e4digen: konkret wurden den Menschen in Yalisika der Bau einer \u00a0Schule und eine Gesundheitseinrichtung versprochen. Danzer hat diese Versprechen jedoch bis heute nicht erf\u00fcllt, aber weiterhin die W\u00e4lder abgeholzt.<\/p>\n<p>Doch nicht nur das: Der Greenpeace-Report \u00abThe logging Fields \u2013 Conflicts and violence in Congo\u2019s rainforests\u00bb deckt nun auf, dass der Danzer-Konzern direkt in die Menschenrechtsverletzungen vom 2. Mai 2011 verwickelt ist. Die Tochtergesellschaft SIFORCO der Danzer Group lieferte die Logistik f\u00fcr den \u00dcbergriff, einschliesslich einem Lastwagen mit Fahrer, und bezahlte die Soldaten- und Polizeitrupps, die diese \u00abVergeltungsmission\u00bb gegen die Dorfbewohner ausf\u00fchrten, welche einfach nur ihre rechtm\u00e4ssige Entsch\u00e4digung einforderten.<\/p>\n<p>Dies ist nicht das erste Mal, dass solche Schreckenstaten ans Licht kommen. Diese traurige Geschichte steht beispielhaft daf\u00fcr, wie das Gesch\u00e4ft mit dem Holzeinschlag in der Demokratischen Republik Kongo funktioniert.<\/p>\n<p>In der Folge an diese Vorkommnisse haben die Dorfbewohner ihren Kampf gegen das Unternehmen fortgesetzt und Ende August offiziell Anklage erhoben: ein nie da gewesener Fall im Kampf gegen die Straflosigkeit von Unternehmen in der DRC. Greenpeace w\u00fcrdigt den Mut dieser Dorfbewohner. Die Danzer Group scheint unterdessen \u00fcber eine aussergerichtliche Einigung der ihr zur Last gelegten Straftaten eingehen zu wollen um sich so aus der Verantwortung zu stehlen.<\/p>\n<p>Immer wieder kommen Schweizer Unternehmen bei ihren Aktivit\u00e4ten im Ausland mit Menschenrechten und Umweltstandards in Konflikt. Greenpeace Schweiz hat sich deshalb mit anderen Nichtregierungsorganisationen zusammengeschlossen, um mit der Kampagne \u00abRecht ohne Grenzen\u00bb von Bundesrat und Parlament zwingende \u00f6kologische und soziale Bestimmungen f\u00fcr Firmen mit Sitz in der Schweiz einzufordern. Menschenrechte und Umweltschutz sind zu wichtige Anliegen, um sie einfach dem Gutd\u00fcnken der Konzerne zu \u00fcberlassen.<\/p>\n<\/div>\n","protected":false},"excerpt":{"rendered":"<p>Mach mit bei unserer Petition, und forder Bundesrat und Parlament auf daf\u00fcr zu sorgen, dass Firmen mit Sitz in der Schweiz die Menschenrechte und die Umwelt weltweit respektieren m\u00fcssen: Mach&hellip;<\/p>\n","protected":false},"author":23,"featured_media":14434,"comment_status":"closed","ping_status":"open","sticky":false,"template":"","format":"standard","meta":{"_acf_changed":false,"_planet4_optimize_post_is_variant":false,"_planet4_optimize_experiment_name":"","_planet4_optimize_variant_name":"","ep_exclude_from_search":false,"p4_og_title":"","p4_og_description":"","p4_og_image":"","p4_og_image_id":"","p4_seo_canonical_url":"","p4_campaign_name":"not set","p4_local_project":"not set","p4_basket_name":"not set","p4_department":"","footnotes":""},"categories":[1],"tags":[40],"p4-page-type":[75],"gpch-article-type":[],"class_list":["post-14432","post","type-post","status-publish","format-standard","has-post-thumbnail","hentry","category-unkategorisiert","tag-wald","p4-page-type-story"],"acf":[],"_links":{"self":[{"href":"https:\/\/www.greenpeace.ch\/de\/wp-json\/wp\/v2\/posts\/14432","targetHints":{"allow":["GET"]}}],"collection":[{"href":"https:\/\/www.greenpeace.ch\/de\/wp-json\/wp\/v2\/posts"}],"about":[{"href":"https:\/\/www.greenpeace.ch\/de\/wp-json\/wp\/v2\/types\/post"}],"author":[{"embeddable":true,"href":"https:\/\/www.greenpeace.ch\/de\/wp-json\/wp\/v2\/users\/23"}],"replies":[{"embeddable":true,"href":"https:\/\/www.greenpeace.ch\/de\/wp-json\/wp\/v2\/comments?post=14432"}],"version-history":[{"count":0,"href":"https:\/\/www.greenpeace.ch\/de\/wp-json\/wp\/v2\/posts\/14432\/revisions"}],"wp:featuredmedia":[{"embeddable":true,"href":"https:\/\/www.greenpeace.ch\/de\/wp-json\/wp\/v2\/media\/14434"}],"wp:attachment":[{"href":"https:\/\/www.greenpeace.ch\/de\/wp-json\/wp\/v2\/media?parent=14432"}],"wp:term":[{"taxonomy":"category","embeddable":true,"href":"https:\/\/www.greenpeace.ch\/de\/wp-json\/wp\/v2\/categories?post=14432"},{"taxonomy":"post_tag","embeddable":true,"href":"https:\/\/www.greenpeace.ch\/de\/wp-json\/wp\/v2\/tags?post=14432"},{"taxonomy":"p4-page-type","embeddable":true,"href":"https:\/\/www.greenpeace.ch\/de\/wp-json\/wp\/v2\/p4-page-type?post=14432"},{"taxonomy":"gpch-article-type","embeddable":true,"href":"https:\/\/www.greenpeace.ch\/de\/wp-json\/wp\/v2\/gpch-article-type?post=14432"}],"curies":[{"name":"wp","href":"https:\/\/api.w.org\/{rel}","templated":true}]}}