{"id":14452,"date":"2011-11-07T00:00:00","date_gmt":"2011-11-06T22:00:00","guid":{"rendered":"https:\/\/master.greenpeace.ch\/beitrag\/14452\/greenpeace-aktivistinnen-besetzten-kohlekraftwerk-in-suedafrika\/"},"modified":"2022-03-31T10:29:54","modified_gmt":"2022-03-31T08:29:54","slug":"greenpeace-aktivistinnen-besetzten-kohlekraftwerk-in-suedafrika","status":"publish","type":"post","link":"https:\/\/www.greenpeace.ch\/de\/story\/14452\/greenpeace-aktivistinnen-besetzten-kohlekraftwerk-in-suedafrika\/","title":{"rendered":"Greenpeace-AktivistInnen besetzten Kohlekraftwerk in S\u00fcdafrika"},"content":{"rendered":"<p><span style=\"font-size: 1.125rem; color: initial; font-family: -apple-system, BlinkMacSystemFont, 'Segoe UI', Roboto, Oxygen-Sans, Ubuntu, Cantarell, 'Helvetica Neue', sans-serif; font-weight: var(--bs-body-font-weight); text-align: var(--bs-body-text-align);\">Heute Morgen haben Greenpeace AktivistInnen einen Baukran des geplanten \u00abKusile\u00bb Kohlekraftwerkes in S\u00fcdafrika <\/span>besetzt<span style=\"font-size: 1.125rem; color: initial; font-family: -apple-system, BlinkMacSystemFont, 'Segoe UI', Roboto, Oxygen-Sans, Ubuntu, Cantarell, 'Helvetica Neue', sans-serif; font-weight: var(--bs-body-font-weight); text-align: var(--bs-body-text-align);\">. Sie forderten vom staatlichen Energiekonzern ESKOM die sofortige Aufgabe des Projektes und stattdessen die Investition der geplanten Gelder in erneuerbare Energien.<\/span><\/p>\n<div class=\"post-content\">\n<p>Kusile w\u00fcrde, gemessen an seinem CO2-Ausstoss, das weltweit viertgr\u00f6sste Kohlekraftwerk. Ein k\u00fcrzlich ver\u00f6ffentlichter Bericht von Greenpeace zeigt zudem auf, dass das Projekt nicht nur den Klimawandel anheizt, sondern dass f\u00fcr die Steuerzahler in S\u00fcdafrika versteckte Kosten von rund 8 Milliarden Dollar pro Jahr entstehen.<\/p>\n<p>Ab dem 28. November findet im S\u00fcdafrikanischen Durban die 17. Internationale Klimakonferenz statt. Greenpeace fordert S\u00fcdafrika auf, als Gastgeberland mit gutem Beispiel voranzugehen und die Chance zu nutzen, eine f\u00fchrende Rolle im Klimaschutz zu \u00fcbernehmen. Es darf nicht sein, dass der Staat in schmutzige Kohle investiert<\/p>\n<p>Das Greenpeace-B\u00fcro in S\u00fcdafrika wurde 2008 er\u00f6ffnet. Es war dies die erste grosse Klima-Aktion.<\/p>\n<div class=\"embedded-image-gallery promo general-form\">\n<div class=\"text\">\n<p class=\"copyright\">\n<\/div>\n<\/div>\n<\/div>\n","protected":false},"excerpt":{"rendered":"<p>\u2026und so sieht die Baustelle von oben aus. \u00a9 Greenpeace \/ Mike Baillie Heute Morgen haben Greenpeace AktivistInnen einen Baukran des geplanten \u00abKusile\u00bb Kohlekraftwerkes in S\u00fcdafrika besetzt. Sie forderten vom&hellip;<\/p>\n","protected":false},"author":23,"featured_media":14454,"comment_status":"closed","ping_status":"open","sticky":false,"template":"","format":"standard","meta":{"_acf_changed":false,"_planet4_optimize_post_is_variant":false,"_planet4_optimize_experiment_name":"","_planet4_optimize_variant_name":"","ep_exclude_from_search":false,"p4_og_title":"","p4_og_description":"","p4_og_image":"","p4_og_image_id":"","p4_seo_canonical_url":"","p4_campaign_name":"not set","p4_local_project":"not set","p4_basket_name":"not set","p4_department":"","footnotes":""},"categories":[1],"tags":[50],"p4-page-type":[75],"gpch-article-type":[],"class_list":["post-14452","post","type-post","status-publish","format-standard","has-post-thumbnail","hentry","category-unkategorisiert","tag-klima","p4-page-type-story"],"acf":[],"_links":{"self":[{"href":"https:\/\/www.greenpeace.ch\/de\/wp-json\/wp\/v2\/posts\/14452","targetHints":{"allow":["GET"]}}],"collection":[{"href":"https:\/\/www.greenpeace.ch\/de\/wp-json\/wp\/v2\/posts"}],"about":[{"href":"https:\/\/www.greenpeace.ch\/de\/wp-json\/wp\/v2\/types\/post"}],"author":[{"embeddable":true,"href":"https:\/\/www.greenpeace.ch\/de\/wp-json\/wp\/v2\/users\/23"}],"replies":[{"embeddable":true,"href":"https:\/\/www.greenpeace.ch\/de\/wp-json\/wp\/v2\/comments?post=14452"}],"version-history":[{"count":0,"href":"https:\/\/www.greenpeace.ch\/de\/wp-json\/wp\/v2\/posts\/14452\/revisions"}],"wp:featuredmedia":[{"embeddable":true,"href":"https:\/\/www.greenpeace.ch\/de\/wp-json\/wp\/v2\/media\/14454"}],"wp:attachment":[{"href":"https:\/\/www.greenpeace.ch\/de\/wp-json\/wp\/v2\/media?parent=14452"}],"wp:term":[{"taxonomy":"category","embeddable":true,"href":"https:\/\/www.greenpeace.ch\/de\/wp-json\/wp\/v2\/categories?post=14452"},{"taxonomy":"post_tag","embeddable":true,"href":"https:\/\/www.greenpeace.ch\/de\/wp-json\/wp\/v2\/tags?post=14452"},{"taxonomy":"p4-page-type","embeddable":true,"href":"https:\/\/www.greenpeace.ch\/de\/wp-json\/wp\/v2\/p4-page-type?post=14452"},{"taxonomy":"gpch-article-type","embeddable":true,"href":"https:\/\/www.greenpeace.ch\/de\/wp-json\/wp\/v2\/gpch-article-type?post=14452"}],"curies":[{"name":"wp","href":"https:\/\/api.w.org\/{rel}","templated":true}]}}