{"id":14481,"date":"2011-10-21T00:00:00","date_gmt":"2011-10-20T22:00:00","guid":{"rendered":"https:\/\/master.greenpeace.ch\/beitrag\/14481\/ein-regenbogenkrieger-auf-jungfernfahrt\/"},"modified":"2019-05-30T12:35:12","modified_gmt":"2019-05-30T10:35:12","slug":"ein-regenbogenkrieger-auf-jungfernfahrt","status":"publish","type":"post","link":"https:\/\/www.greenpeace.ch\/de\/story\/14481\/ein-regenbogenkrieger-auf-jungfernfahrt\/","title":{"rendered":"Ein Regenbogenkrieger auf Jungfernfahrt"},"content":{"rendered":"<p><b>Die Rainbow Warrior III ist zu ihrer ersten Tour angetreten. Am Mittwoch verliess das neue Greenpeace-Flaggschiff mit seiner Besatzung die Fassmer Werft in Berne Richtung Nordsee. Am Donnerstagvormittag lief das 58 Meter lange Segelschiff im Hamburger Hafen &#8211; dem ersten Tourstopp &#8211; ein. Begleitet wurde sie dabei von der Beluga II und einer Greenpeace-Schlauchbootflotte.<\/b><\/p>\n<div class=\"post-content\">\n<div>\n<p>Die Rainbow Warrior III ist zu ihrer ersten Tour angetreten. Am Mittwoch verliess das neue Greenpeace-Flaggschiff mit seiner Besatzung die Fassmer Werft in Berne Richtung Nordsee. Am Donnerstagvormittag lief das 58 Meter lange Segelschiff im Hamburger Hafen &#8211; dem ersten Tourstopp &#8211; ein. Begleitet wurde sie dabei von der Beluga II und einer Greenpeace-Schlauchbootflotte.<\/p>\n<p><!-- START DYNAMIC CONTENT --><\/p>\n<div class=\"events-box middle-box left\">\n<div class=\"frame\">\n        <a class=\"open-img EnlargeImage\" href=\"https:\/\/www.greenpeace.ch\/static\/planet4-switzerland-stateless\/2019\/05\/6a0f1beb-6a0f1beb-rwiii_hamburg.jpg\" title=\"Rainbow Warrior III\"><br \/>\n            <img decoding=\"async\" id=\"ctl00_cphContentArea_epiEntryContent_ctl00_ctl02_Image1\" title=\"Rainbow Warrior III\" class=\"Thumbnail\" src=\"https:\/\/www.greenpeace.ch\/static\/planet4-switzerland-stateless\/2019\/05\/6a0f1beb-6a0f1beb-rwiii_hamburg.jpg\" alt=\"Rainbow Warrior III\" style=\"border-width:0px;\"><\/p>\n<p>        <\/a>\n    <\/div>\n<div class=\"events-content\">\n        <span class=\"date\"><\/span><br \/>\n        <strong>Rainbow Warrior III<\/strong><\/p>\n<p>\n            Das neue Greenpeace Flaggschiff, die Rainbow Warrior III, l\u00e4uft im Hamburger Hafen ein.<br \/>\n\u00a9 Oliver Tjaden \/ Greenpeace\n        <\/p>\n<\/p>\n<\/div>\n<\/div>\n<p> <!-- END DYNAMIC CONTENT --><\/p>\n<p>Auch f\u00fcr Greenpeace-Mitarbeiter\/innen war es ein besonderes Ereignis. Da das deutsche Greenpeace-B\u00fcro direkt an der Elbe liegt, konnten alle Kollegen und Kolleginnen die Rainbow Warrior III am Hamburger Fischmarkt begr\u00fcssen. Winkende und lachende Menschen schauten aus den Fenstern und das B\u00fcrogeb\u00e4ude war mit einem Transparent geschm\u00fcckt. &#171;Save our Oceans &#8211; Rettet unsere Meere&#187; war die Botschaft.<\/p>\n<p>Unsere neue Rainbow Warrior soll ein Symbol f\u00fcr Umweltschutz und Frieden sein, sagt Brigitte Behrens, Gesch\u00e4ftsf\u00fchrerin von Greenpeace Deutschland. Mit dem Besuch unseres neuen Flaggschiffs in Hamburg wollen wir allen unseren Unterst\u00fctzern von Herzen danken. Gleichzeitig ist das neue Schiff das Versprechen, dass wir uns auch in den n\u00e4chsten Jahrzehnten f\u00fcr eine gr\u00fcne und friedliche Zukunft einsetzen.<\/p>\n<p>Die Rainbow Warrior III ist ein sehr spezielles Schiff. Nur wenige Schiffe verf\u00fcgen \u00fcber einen Helikopter-Landeplatz und brauchen in der Folge einen 3000 Liter fassenden Tank f\u00fcr Heli-Benzin. Und auf kaum einem Deck findet man eine Batterie unterschiedlicher Schlauchboote, die von Spezialkr\u00e4nen blitzschnell zu Wasser gelassen werden k\u00f6nnen.<\/p>\n<p>Die Liste ihrer Spezialit\u00e4ten ist lang: Modernste Kommunikationssysteme, mit denen Medienschaffende mitten auf dem Ozean mit Bildern beliefert werden, ein Kampagnenb\u00fcro, ein Konferenzraum f\u00fcr 50 Personen, ein kleines Hospital, aber auch die sehr ungew\u00f6hnliche Takelage und der nicht allt\u00e4gliche elektrische Antrieb der Propellerwelle.<\/p>\n<p>Dazu kommen etwa ein Stauraum f\u00fcr Schweissflaschen sowie Werkst\u00e4tten f\u00fcr Reparaturen an Schiff, Beibooten und Motoren, oder auch der Raum f\u00fcr die Abfalltrennung in dem zwei M\u00fcllpressen stehen sowie ein Ger\u00e4t, das Glasflaschen zerkleinert.<\/p>\n<p>Zudem ist die Rainbow Warrior III ein richtiges Segelschiff: Und nicht bloss &#8211; wie ihre ber\u00fchmten Vorg\u00e4ngerinnen gleichen Namens &#8211; ein Fischkutter, dem Greenpeace das Segeln beigebracht hat. Die neue Rainbow Warrior soll 90 Prozent ihrer Fahrten unter Segeln bew\u00e4ltigen und den Motor nur bei Flaute oder in schwierigen Situationen einsetzen.<\/p>\n<p>Die Rainbow Warrior III kann am 22. und 23. Oktober an der \u00dcberseebr\u00fccke am Hamburger Hafen angeschaut werden. Von 10 bis 16 Uhr ist Open Boat und Interessierte k\u00f6nnen die Rainbow Warrior III in aller Ruhe erkunden.<\/p>\n<p><!-- START DYNAMIC CONTENT --><iframe loading=\"lazy\" width=\"600\" height=\"335\" src=\"https:\/\/www.youtube.com\/embed\/0LPO3P9CZug\" frameborder=\"0\" allowfullscreen=\"\"><\/iframe> <!-- END DYNAMIC CONTENT --><\/p>\n<\/div>\n<\/div>\n","protected":false},"excerpt":{"rendered":"<p>Die Rainbow Warrior III ist zu ihrer ersten Tour angetreten. Am Mittwoch verliess das neue Greenpeace-Flaggschiff mit seiner Besatzung die Fassmer Werft in Berne Richtung Nordsee. Am Donnerstagvormittag lief das&hellip;<\/p>\n","protected":false},"author":23,"featured_media":14483,"comment_status":"closed","ping_status":"open","sticky":false,"template":"","format":"standard","meta":{"_acf_changed":false,"_planet4_optimize_post_is_variant":false,"_planet4_optimize_experiment_name":"","_planet4_optimize_variant_name":"","ep_exclude_from_search":false,"p4_og_title":"","p4_og_description":"","p4_og_image":"","p4_og_image_id":"","p4_seo_canonical_url":"","p4_campaign_name":"","p4_local_project":"","p4_basket_name":"","p4_department":"","footnotes":""},"categories":[1],"tags":[32],"p4-page-type":[75],"gpch-article-type":[],"class_list":["post-14481","post","type-post","status-publish","format-standard","has-post-thumbnail","hentry","category-unkategorisiert","tag-flotte","p4-page-type-story"],"acf":[],"_links":{"self":[{"href":"https:\/\/www.greenpeace.ch\/de\/wp-json\/wp\/v2\/posts\/14481","targetHints":{"allow":["GET"]}}],"collection":[{"href":"https:\/\/www.greenpeace.ch\/de\/wp-json\/wp\/v2\/posts"}],"about":[{"href":"https:\/\/www.greenpeace.ch\/de\/wp-json\/wp\/v2\/types\/post"}],"author":[{"embeddable":true,"href":"https:\/\/www.greenpeace.ch\/de\/wp-json\/wp\/v2\/users\/23"}],"replies":[{"embeddable":true,"href":"https:\/\/www.greenpeace.ch\/de\/wp-json\/wp\/v2\/comments?post=14481"}],"version-history":[{"count":0,"href":"https:\/\/www.greenpeace.ch\/de\/wp-json\/wp\/v2\/posts\/14481\/revisions"}],"wp:featuredmedia":[{"embeddable":true,"href":"https:\/\/www.greenpeace.ch\/de\/wp-json\/wp\/v2\/media\/14483"}],"wp:attachment":[{"href":"https:\/\/www.greenpeace.ch\/de\/wp-json\/wp\/v2\/media?parent=14481"}],"wp:term":[{"taxonomy":"category","embeddable":true,"href":"https:\/\/www.greenpeace.ch\/de\/wp-json\/wp\/v2\/categories?post=14481"},{"taxonomy":"post_tag","embeddable":true,"href":"https:\/\/www.greenpeace.ch\/de\/wp-json\/wp\/v2\/tags?post=14481"},{"taxonomy":"p4-page-type","embeddable":true,"href":"https:\/\/www.greenpeace.ch\/de\/wp-json\/wp\/v2\/p4-page-type?post=14481"},{"taxonomy":"gpch-article-type","embeddable":true,"href":"https:\/\/www.greenpeace.ch\/de\/wp-json\/wp\/v2\/gpch-article-type?post=14481"}],"curies":[{"name":"wp","href":"https:\/\/api.w.org\/{rel}","templated":true}]}}