{"id":14493,"date":"2011-10-14T00:00:00","date_gmt":"2011-10-13T22:00:00","guid":{"rendered":"https:\/\/master.greenpeace.ch\/beitrag\/14493\/energie-sinnlos-verheizen-fuer-nur-149-franken\/"},"modified":"2019-05-30T12:35:31","modified_gmt":"2019-05-30T10:35:31","slug":"energie-sinnlos-verheizen-fuer-nur-149-franken","status":"publish","type":"post","link":"https:\/\/www.greenpeace.ch\/de\/story\/14493\/energie-sinnlos-verheizen-fuer-nur-149-franken\/","title":{"rendered":"Energie sinnlos verheizen f\u00fcr nur 149 Franken"},"content":{"rendered":"<p><b>Langsam wird es k\u00e4lter. Geh\u00f6rt sich auch so Mitte Oktober, k\u00f6nnte man meinen. Doch f\u00fcr Aldi sind die herbstlichen Temperaturen Anlass, um f\u00fcr ein Schn\u00e4ppchen der absurden Art zu werben: den elektrischen \u201eTerrassenw\u00e4rmer\u201c.<\/b><\/p>\n<div class=\"post-content\">\n<div>\n<p><strong>Langsam wird es k\u00e4lter. Geh\u00f6rt sich auch so Mitte Oktober, k\u00f6nnte man meinen. Doch f\u00fcr Aldi sind die herbstlichen Temperaturen Anlass, um f\u00fcr ein Schn\u00e4ppchen der absurden Art zu werben: den elektrischen \u201eTerrassenw\u00e4rmer\u201c.<\/strong><\/p>\n<p>Heizen mit Elektrizit\u00e4t, und das auch noch im Freien: sinnloser l\u00e4sst sich Energie kaum verschleudern. Die Energiebilanz von elektrischen Heizungen f\u00e4llt grunds\u00e4tzlich miserabel aus, weil energetisch hochwertiger (Prozessenergie-)Strom in (niederwertige) W\u00e4rme umgewandelt wird. Deswegen k\u00e4mpft Greenpeace seit vielen Jahren f\u00fcr ein Elektroheizungs-Verbot. Skandal\u00f6s wird es nun, wenn elektrische W\u00e4rme auch noch ins Blaue hinaus verheizt wird. Zum Vergleich: Wenn der Terrassenheizer von Aldi an Stelle einer Wolldecke eine Stunde lang kuschelige W\u00e4rme verbreitet, braucht das gleich viel Strom wie zehn Stunden fernsehen. Oder: Wenn vier solcher Heizstrahler einen Tag lang in Betrieb sind, verbrauchen sie gleich viel Energie wie ein gut isoliertes Einfamilienhaus an einem Wintertag.<\/p>\n<p><strong>Heizungen im Freien geh\u00f6ren verboten<\/strong><\/p>\n<p>Der Bund sollte daher ein landesweites verbindliches Verbot von Aussenheizungen erlassen.Heizungen im Freien, ob mit Elektrizit\u00e4t oder Gas betrieben, lassen sich nicht \u00a0mit der neuen Energiepolitik des Bundes und seinen Bem\u00fchungen f\u00fcr mehr Stromeffizienz vereinen.<\/p>\n<p>Von Aldi fordert Greenpeace, diese Umwelt sch\u00e4digenden Ger\u00e4te sofort aus dem Sortiment zu nehmen. Mit diesem Angebot verleitet Aldi die Konsumenten zur unsinnigsten Energieverschleuderung \u00fcberhaupt. Aldi muss in Zukunft bei seiner Angebotsauswahl Stromverschwendung vermeiden und bei seinen Produkten auf Energieeffizienz achten.<\/p>\n<p>Auch Touring-Club Schweiz und der Biber-Versand werben zurzeit f\u00fcr \u00e4hnliche Energischleudern.<\/p>\n<p><strong>Wenn Sie auch finden, dass solche Produkte nicht auf den Markt geh\u00f6ren, setzen Sie ein Zeichen und schreiben Sie <a title=\"aldi\" href=\"https:\/\/www.aldi-suisse.ch\/ch\/html\/contact_DEU_HTML.php\" target=\"_blank\" rel=\"noopener noreferrer\">Aldi<\/a>, <a title=\"tcs\" href=\"http:\/\/www.tcs.ch\/main\/de\/home\/touring\/services\/shop\/heizstrahler.productdetail.html\" target=\"_blank\" rel=\"noopener noreferrer\">Touring Club Schweiz<\/a> <\/strong><strong>und <a title=\"biber.com\" href=\"http:\/\/www.biber.ch\/kontakt-0-0-0-3300-3.html\" target=\"_blank\" rel=\"noopener noreferrer\">Biber.<\/a><\/strong><\/p>\n<\/p>\n<\/div>\n<\/div>\n","protected":false},"excerpt":{"rendered":"<p>Langsam wird es k\u00e4lter. Geh\u00f6rt sich auch so Mitte Oktober, k\u00f6nnte man meinen. Doch f\u00fcr Aldi sind die herbstlichen Temperaturen Anlass, um f\u00fcr ein Schn\u00e4ppchen der absurden Art zu werben:&hellip;<\/p>\n","protected":false},"author":23,"featured_media":0,"comment_status":"closed","ping_status":"open","sticky":false,"template":"","format":"standard","meta":{"_acf_changed":false,"_planet4_optimize_post_is_variant":false,"_planet4_optimize_experiment_name":"","_planet4_optimize_variant_name":"","ep_exclude_from_search":false,"p4_og_title":"","p4_og_description":"","p4_og_image":"","p4_og_image_id":"","p4_seo_canonical_url":"","p4_campaign_name":"","p4_local_project":"","p4_basket_name":"","p4_department":"","footnotes":""},"categories":[1],"tags":[50],"p4-page-type":[75],"gpch-article-type":[],"class_list":["post-14493","post","type-post","status-publish","format-standard","hentry","category-unkategorisiert","tag-klima","p4-page-type-story"],"acf":[],"_links":{"self":[{"href":"https:\/\/www.greenpeace.ch\/de\/wp-json\/wp\/v2\/posts\/14493","targetHints":{"allow":["GET"]}}],"collection":[{"href":"https:\/\/www.greenpeace.ch\/de\/wp-json\/wp\/v2\/posts"}],"about":[{"href":"https:\/\/www.greenpeace.ch\/de\/wp-json\/wp\/v2\/types\/post"}],"author":[{"embeddable":true,"href":"https:\/\/www.greenpeace.ch\/de\/wp-json\/wp\/v2\/users\/23"}],"replies":[{"embeddable":true,"href":"https:\/\/www.greenpeace.ch\/de\/wp-json\/wp\/v2\/comments?post=14493"}],"version-history":[{"count":0,"href":"https:\/\/www.greenpeace.ch\/de\/wp-json\/wp\/v2\/posts\/14493\/revisions"}],"wp:attachment":[{"href":"https:\/\/www.greenpeace.ch\/de\/wp-json\/wp\/v2\/media?parent=14493"}],"wp:term":[{"taxonomy":"category","embeddable":true,"href":"https:\/\/www.greenpeace.ch\/de\/wp-json\/wp\/v2\/categories?post=14493"},{"taxonomy":"post_tag","embeddable":true,"href":"https:\/\/www.greenpeace.ch\/de\/wp-json\/wp\/v2\/tags?post=14493"},{"taxonomy":"p4-page-type","embeddable":true,"href":"https:\/\/www.greenpeace.ch\/de\/wp-json\/wp\/v2\/p4-page-type?post=14493"},{"taxonomy":"gpch-article-type","embeddable":true,"href":"https:\/\/www.greenpeace.ch\/de\/wp-json\/wp\/v2\/gpch-article-type?post=14493"}],"curies":[{"name":"wp","href":"https:\/\/api.w.org\/{rel}","templated":true}]}}