{"id":14495,"date":"2011-10-19T00:00:00","date_gmt":"2011-10-18T22:00:00","guid":{"rendered":"https:\/\/master.greenpeace.ch\/beitrag\/14495\/bundesrat-zeigt-wenig-effort-bei-der-stromeffizienz\/"},"modified":"2019-05-30T12:35:34","modified_gmt":"2019-05-30T10:35:34","slug":"bundesrat-zeigt-wenig-effort-bei-der-stromeffizienz","status":"publish","type":"post","link":"https:\/\/www.greenpeace.ch\/de\/story\/14495\/bundesrat-zeigt-wenig-effort-bei-der-stromeffizienz\/","title":{"rendered":"Bundesrat zeigt wenig Effort bei der Stromeffizienz"},"content":{"rendered":"<p><b>Der Bundesrat hat heute neue Stromverbrauchsvorschriften f\u00fcr Ger\u00e4te in Kraft gesetzt. Er h\u00e4tte es in der Hand gehabt, mehr als doppelt soviel Strom einzusparen wie das AKW M\u00fchleberg j\u00e4hrlich produziert. Stattdessen erl\u00e4sst er eine Energie-Verordnung, die ausgerechnet grosse Stromfresser wie Ventilatoren, Staubsauger, W\u00e4rmepumpen, und industrielle Pumpen nicht erfasst und den Schweizer Stromverbrauch um gerade mal 2 Prozent reduziert. Mit konsequenteren Vorschriften liesse sich f\u00fcnf mal soviel Strom und CO2 sparen und die Rechnung der Schweizer Stromkonsumenten w\u00fcrde um 1 Milliarde Franken pro Jahr entlastet. Der \u201eEffort beim Stromsparen\u201c, wie ihn sich der Bundesrat anl\u00e4sslich seines Atomausstiegsbeschlusses selber auferlegt hat, ist mit dieser Vorlage leider bisher ausgeblieben.<\/b><\/p>\n<div class=\"post-content\">\n<div>\n<p>Der Bundesrat hat heute neue Stromverbrauchsvorschriften f\u00fcr Ger\u00e4te in Kraft gesetzt. Er h\u00e4tte es in der Hand gehabt, mehr als doppelt soviel Strom einzusparen wie das AKW M\u00fchleberg j\u00e4hrlich produziert. Stattdessen erl\u00e4sst er eine Energie-Verordnung, die ausgerechnet grosse Stromfresser wie Ventilatoren, Staubsauger, W\u00e4rmepumpen, und industrielle Pumpen nicht erfasst und den Schweizer Stromverbrauch um gerade mal 2 Prozent reduziert. Mit konsequenteren Vorschriften liesse sich f\u00fcnf mal soviel Strom und CO2 sparen und die Rechnung der Schweizer Stromkonsumenten w\u00fcrde um 1 Milliarde Franken pro Jahr entlastet. Der \u201eEffort beim Stromsparen\u201c, wie ihn sich der Bundesrat anl\u00e4sslich seines Atomausstiegsbeschlusses selber auferlegt hat, ist mit dieser Vorlage leider bisher ausgeblieben.<\/p>\n<p>Mindestanforderungen an Ger\u00e4te: <a href=\"http:\/\/www.greenpeace.org\/switzerland\/de\/Uber-uns\/Medienstelle\/Medienmitteilungen\/Revision-der-Energieverordnung-Vorlage-ungenugend-\/\" target=\"_blank\" rel=\"noopener noreferrer\">Die Forderungen der Umweltverb\u00e4nde<\/a><br \/>Die <a href=\"http:\/\/www.umweltallianz.ch\/stromzukunft\" target=\"_blank\" rel=\"noopener noreferrer\">10 Bausteine zum Atomausstieg<\/a><\/p>\n<\/div>\n<\/div>\n","protected":false},"excerpt":{"rendered":"<p>Der Bundesrat hat heute neue Stromverbrauchsvorschriften f\u00fcr Ger\u00e4te in Kraft gesetzt. Er h\u00e4tte es in der Hand gehabt, mehr als doppelt soviel Strom einzusparen wie das AKW M\u00fchleberg j\u00e4hrlich produziert.&hellip;<\/p>\n","protected":false},"author":23,"featured_media":0,"comment_status":"closed","ping_status":"open","sticky":false,"template":"","format":"standard","meta":{"_acf_changed":false,"_planet4_optimize_post_is_variant":false,"_planet4_optimize_experiment_name":"","_planet4_optimize_variant_name":"","ep_exclude_from_search":false,"p4_og_title":"","p4_og_description":"","p4_og_image":"","p4_og_image_id":"","p4_seo_canonical_url":"","p4_campaign_name":"","p4_local_project":"","p4_basket_name":"","p4_department":"","footnotes":""},"categories":[1],"tags":[50],"p4-page-type":[75],"gpch-article-type":[],"class_list":["post-14495","post","type-post","status-publish","format-standard","hentry","category-unkategorisiert","tag-klima","p4-page-type-story"],"acf":[],"_links":{"self":[{"href":"https:\/\/www.greenpeace.ch\/de\/wp-json\/wp\/v2\/posts\/14495","targetHints":{"allow":["GET"]}}],"collection":[{"href":"https:\/\/www.greenpeace.ch\/de\/wp-json\/wp\/v2\/posts"}],"about":[{"href":"https:\/\/www.greenpeace.ch\/de\/wp-json\/wp\/v2\/types\/post"}],"author":[{"embeddable":true,"href":"https:\/\/www.greenpeace.ch\/de\/wp-json\/wp\/v2\/users\/23"}],"replies":[{"embeddable":true,"href":"https:\/\/www.greenpeace.ch\/de\/wp-json\/wp\/v2\/comments?post=14495"}],"version-history":[{"count":0,"href":"https:\/\/www.greenpeace.ch\/de\/wp-json\/wp\/v2\/posts\/14495\/revisions"}],"wp:attachment":[{"href":"https:\/\/www.greenpeace.ch\/de\/wp-json\/wp\/v2\/media?parent=14495"}],"wp:term":[{"taxonomy":"category","embeddable":true,"href":"https:\/\/www.greenpeace.ch\/de\/wp-json\/wp\/v2\/categories?post=14495"},{"taxonomy":"post_tag","embeddable":true,"href":"https:\/\/www.greenpeace.ch\/de\/wp-json\/wp\/v2\/tags?post=14495"},{"taxonomy":"p4-page-type","embeddable":true,"href":"https:\/\/www.greenpeace.ch\/de\/wp-json\/wp\/v2\/p4-page-type?post=14495"},{"taxonomy":"gpch-article-type","embeddable":true,"href":"https:\/\/www.greenpeace.ch\/de\/wp-json\/wp\/v2\/gpch-article-type?post=14495"}],"curies":[{"name":"wp","href":"https:\/\/api.w.org\/{rel}","templated":true}]}}