{"id":14497,"date":"2011-10-18T00:00:00","date_gmt":"2011-10-17T22:00:00","guid":{"rendered":"https:\/\/master.greenpeace.ch\/beitrag\/14497\/wettlauf-gegen-die-zeit-in-neuseeland\/"},"modified":"2019-05-30T12:35:41","modified_gmt":"2019-05-30T10:35:41","slug":"wettlauf-gegen-die-zeit-in-neuseeland","status":"publish","type":"post","link":"https:\/\/www.greenpeace.ch\/de\/story\/14497\/wettlauf-gegen-die-zeit-in-neuseeland\/","title":{"rendered":"Wettlauf gegen die Zeit in Neuseeland"},"content":{"rendered":"<p><b><\/b><\/p>\n<div class=\"post-content\">\n<div>\n<p><!-- START DYNAMIC CONTENT --><\/p>\n<div class=\"events-box middle-box left\">\n<div class=\"frame\">\n        <a class=\"open-img EnlargeImage\" href=\"https:\/\/www.greenpeace.ch\/static\/planet4-switzerland-stateless\/2019\/05\/194f9bf3-194f9bf3-111018_nzl.jpg\" title=\"\"><br \/>\n            <img decoding=\"async\" id=\"ctl00_cphContentArea_epiEntryContent_ctl00_ctl02_Image1\" class=\"Thumbnail\" src=\"https:\/\/www.greenpeace.ch\/static\/planet4-switzerland-stateless\/2019\/05\/194f9bf3-194f9bf3-111018_nzl.jpg\" alt=\"\" style=\"border-width:0px;\"><\/p>\n<p>        <\/a>\n    <\/div>\n<div class=\"events-content no-title\">\n        <span class=\"date\"><\/span><br \/>\n        <strong><\/strong><\/p>\n<p>\n            Helfer reinigen den Strand von Papamoa Beach in der paradiesischen Bay of Plenty \/ \u00a9 Gregory Novak \/ Greenpeace\n        <\/p>\n<\/p>\n<\/div>\n<\/div>\n<p> <!-- END DYNAMIC CONTENT --><\/p>\n<p>Der in <a href=\"http:\/\/www.greenpeace.org\/switzerland\/de\/Multimedia\/Fotos\/oelpest-durch-die-Rena-in-Neuseeland\/\">Neuseeland auf ein Riff aufgelaufene Frachter Rena<\/a> droht auseinanderzubrechen. In der Bay of Plenty, einem Paradies mit wundervollen Nationalparks, einer reichhaltigen Tier- und Pflanzenwelt und der mystischen Vulkaninsel White Island hat f\u00fcr die Rettungskr\u00e4fte l\u00e4ngst ein Wettlauf gegen die Zeit begonnen.<\/p>\n<p>\u00abDas Schiff ist in einem sehr dynamischen Zustand\u00bb, sagte Andrew Berry  von der Schifffahrtsbeh\u00f6rde Maritime New Zealand. Das Heck, das im Gegensatz zum Bug nicht  auf dem Riff festsitze, bewege sich r\u00fcckw\u00e4rts und vorw\u00e4rts.  Wahrscheinlich werde das auf beiden Seiten eingerissene Schiff mit seinen 1250 Tonnen \u00d6l an Bord nur noch  durch innere Strukturen und das Riff zusammengehalten.<\/p>\n<p>Nachdem die Rettungskr\u00e4fte die Rena wegen des schlechten Wetters zwei Tage lang ihrem Schicksal \u00fcberlassen mussten, k\u00f6nnen sie nun wieder \u00d6l abpumpen.  Das Wetter soll \u00fcber das Wochenende stabil bleiben.<\/p>\n<p>F\u00fcr den Fall, dass das 236 Meter Schiff tats\u00e4chlich auseinander  bricht, hoffen die Bergungsverantwortlichen, dass sie den hinteren  Teil rechtzeitig zum Riff oder in seichteres Gew\u00e4sser ziehen k\u00f6nnen.  Sonst sinkt er 56 Meter tief auf den Meeresboden, was das Abpumpen des  \u00d6ls theoretisch zwar nicht verunm\u00f6glichen, aber doch wesentlich  erschweren w\u00fcrde.<\/p>\n<p><strong>Von Schweizer Firma gechartert<\/strong><\/p>\n<p>Wie inzwischen bekannt wurde, hat die Firma, die den Frachter gechartert hatte, ihren Hauptsitz in Genf. Die Mediterranean Shipping Company (MSC) l\u00e4sst Neuseeland Geld f\u00fcr die S\u00e4uberungsarbeiten zukommen.  Wie der Verantwortliche des Unternehmens f\u00fcr Australien und Neuseeland, Kevin Clarke, mitteilte, wird sein Unternehmen der Regierung rund 700&#8217;000 Franken zur Verf\u00fcgung stellen. Er betonte, dass es sich dabei um eine freiwillige Spende handle, um \u00abein Geschenk\u00bb, und keineswegs um ein Schuldeingest\u00e4ndnis. \u00abDie MSC ist nicht die Eigent\u00fcmerin des Schiffs\u00bb, so Clarke \u00abWir haben weder die Crew angestellt noch sind wir f\u00fcr den Unterhalt oder den Betrieb des Frachters verantwortlich.\u00bb Das Unternehmen habe die Rena lediglich f\u00fcr den G\u00fctertransport gechartert. Weil aber auch MSC besorgt und betr\u00fcbt sei \u00fcber die \u00f6kologischen und \u00f6konomischen Folgen des Ungl\u00fccks, sei man bereit, einen Beitrag zu leisten.<\/p>\n<\/div>\n<\/div>\n","protected":false},"excerpt":{"rendered":"<p>Helfer reinigen den Strand von Papamoa Beach in der paradiesischen Bay of Plenty \/ \u00a9 Gregory Novak \/ Greenpeace Der in Neuseeland auf ein Riff aufgelaufene Frachter Rena droht auseinanderzubrechen.&hellip;<\/p>\n","protected":false},"author":23,"featured_media":14499,"comment_status":"closed","ping_status":"open","sticky":false,"template":"","format":"standard","meta":{"_acf_changed":false,"_planet4_optimize_post_is_variant":false,"_planet4_optimize_experiment_name":"","_planet4_optimize_variant_name":"","ep_exclude_from_search":false,"p4_og_title":"","p4_og_description":"","p4_og_image":"","p4_og_image_id":"","p4_seo_canonical_url":"","p4_campaign_name":"","p4_local_project":"","p4_basket_name":"","p4_department":"","footnotes":""},"categories":[1],"tags":[41],"p4-page-type":[75],"gpch-article-type":[],"class_list":["post-14497","post","type-post","status-publish","format-standard","has-post-thumbnail","hentry","category-unkategorisiert","tag-meer","p4-page-type-story"],"acf":[],"_links":{"self":[{"href":"https:\/\/www.greenpeace.ch\/de\/wp-json\/wp\/v2\/posts\/14497","targetHints":{"allow":["GET"]}}],"collection":[{"href":"https:\/\/www.greenpeace.ch\/de\/wp-json\/wp\/v2\/posts"}],"about":[{"href":"https:\/\/www.greenpeace.ch\/de\/wp-json\/wp\/v2\/types\/post"}],"author":[{"embeddable":true,"href":"https:\/\/www.greenpeace.ch\/de\/wp-json\/wp\/v2\/users\/23"}],"replies":[{"embeddable":true,"href":"https:\/\/www.greenpeace.ch\/de\/wp-json\/wp\/v2\/comments?post=14497"}],"version-history":[{"count":0,"href":"https:\/\/www.greenpeace.ch\/de\/wp-json\/wp\/v2\/posts\/14497\/revisions"}],"wp:featuredmedia":[{"embeddable":true,"href":"https:\/\/www.greenpeace.ch\/de\/wp-json\/wp\/v2\/media\/14499"}],"wp:attachment":[{"href":"https:\/\/www.greenpeace.ch\/de\/wp-json\/wp\/v2\/media?parent=14497"}],"wp:term":[{"taxonomy":"category","embeddable":true,"href":"https:\/\/www.greenpeace.ch\/de\/wp-json\/wp\/v2\/categories?post=14497"},{"taxonomy":"post_tag","embeddable":true,"href":"https:\/\/www.greenpeace.ch\/de\/wp-json\/wp\/v2\/tags?post=14497"},{"taxonomy":"p4-page-type","embeddable":true,"href":"https:\/\/www.greenpeace.ch\/de\/wp-json\/wp\/v2\/p4-page-type?post=14497"},{"taxonomy":"gpch-article-type","embeddable":true,"href":"https:\/\/www.greenpeace.ch\/de\/wp-json\/wp\/v2\/gpch-article-type?post=14497"}],"curies":[{"name":"wp","href":"https:\/\/api.w.org\/{rel}","templated":true}]}}