{"id":14525,"date":"2011-10-11T00:00:00","date_gmt":"2011-10-10T22:00:00","guid":{"rendered":"https:\/\/master.greenpeace.ch\/beitrag\/14525\/jugendsolar-freiwilliger-gewinnt-solarpreis-2011\/"},"modified":"2019-07-05T14:39:48","modified_gmt":"2019-07-05T12:39:48","slug":"jugendsolar-freiwilliger-gewinnt-solarpreis-2011","status":"publish","type":"post","link":"https:\/\/www.greenpeace.ch\/de\/story\/14525\/jugendsolar-freiwilliger-gewinnt-solarpreis-2011\/","title":{"rendered":"Jugendsolar-Freiwilliger gewinnt Solarpreis 2011"},"content":{"rendered":"\n<p><b>Der Gymnasiast Jonas Rosenmund ist 21 Jahre alt und Unternehmer. Der aktive \u00abJugendsolar by Greenpeace\u00bb-Freiwillige sucht die Energiewende nicht nur auf sonnenreichen Schweizer D\u00e4chern, sondern hilft von der Solarzellen-Montage bis zum Stromverkauf tatkr\u00e4ftig mit, um diese in Gang zu bringen. F\u00fcr sein aussergew\u00f6hnliches Engagement erntet er verdienstvoll den Schweizer Solarpreis 2011 in der Kategorie \u00abPersonen und Institutionen\u00bb.<\/b><\/p>\n\n<p>Der Solarpreis unterst\u00fctzt Projekte im Bereich der Solarenergie und belohnt den Pioniergeist der Erbauer. Preise wurden in den Kategorien \u00abPers\u00f6nlichkeiten und Institutionen\u00bb, \u00abEnergieanlagen f\u00fcr erneuerbare Energie\u00bb und \u00abNeubauten und Bausanierungen\u00bb vergeben. Der regionale Jungunternehmer Rosenmund erhielt wie angek\u00fcndigt einen der Preise in der Kategorie Personen.<\/p>\n\n<p>Die Vergabe des Preises kam f\u00fcr Rosenmund sehr \u00fcberraschend. Er rechnete nicht damit, den Preis bereits in diesem Jahr zu erhalten. Rosenmund ber\u00e4t als selfmade Unternehmer einerseits Familien, die ihr Haus mit Solarpanels neuster Technologie ausr\u00fcsteten wollen. Andererseits agiert er auch f\u00fcr Firmen als Bindeglied zwischen Planung und Umsetzung bei der Geb\u00e4udeaufwertung auf einen PlusEnergieBau\u00ae-Standard.<\/p>\n\n<p>Konkret wird er mit dem Solarpreis f\u00fcr seine Arbeit an seinen beiden Projekten auf dem Schulhaus Margelacker in Muttenz und dem Werkhof in Arlesheim belohnt. Er plante bei beiden Projekten die Realisation der Photovoltaikanlagen auf den Geb\u00e4uden und war ebenso beim Bau aktiv beteiligt.<\/p>\n\n<p>Es ist nun schon das dritte Mal, dass ein \u00abJugendsolar by Greenpeace\u00bb-Freiwilliger einen Solarpreis gewinnt. Die Arbeit mit Jonas war jedoch mehr als nur ein Freiwilligereinsatz f\u00fcr \u00abJugendsolar by Greenpeace\u00bb: \u00abWann immer m\u00f6glich wurde versucht, die Projekte gemeinsam umzusetzen und so das Wissen und das Netzwerk zu teilen\u00bb, meint Retze Koen von&nbsp;<a href=\"https:\/\/www.greenpeace.ch\/switzerland\/de\/Kampagnen\/Jugendsolar\/\">Jugendsolar<\/a>.<\/p>\n","protected":false},"excerpt":{"rendered":"<p>Der Gymnasiast Jonas Rosenmund ist 21 Jahre alt und Unternehmer. Der aktive \u00abJugendsolar by Greenpeace\u00bb-Freiwillige sucht die Energiewende nicht nur auf sonnenreichen Schweizer D\u00e4chern, sondern hilft von der Solarzellen-Montage bis&hellip;<\/p>\n","protected":false},"author":23,"featured_media":0,"comment_status":"closed","ping_status":"open","sticky":false,"template":"","format":"standard","meta":{"_acf_changed":false,"_planet4_optimize_post_is_variant":false,"_planet4_optimize_experiment_name":"","_planet4_optimize_variant_name":"","ep_exclude_from_search":false,"p4_og_title":"","p4_og_description":"","p4_og_image":"","p4_og_image_id":"","p4_seo_canonical_url":"","p4_campaign_name":"","p4_local_project":"","p4_basket_name":"","p4_department":"","footnotes":""},"categories":[1],"tags":[50],"p4-page-type":[75],"gpch-article-type":[],"class_list":["post-14525","post","type-post","status-publish","format-standard","hentry","category-unkategorisiert","tag-klima","p4-page-type-story"],"acf":[],"_links":{"self":[{"href":"https:\/\/www.greenpeace.ch\/de\/wp-json\/wp\/v2\/posts\/14525","targetHints":{"allow":["GET"]}}],"collection":[{"href":"https:\/\/www.greenpeace.ch\/de\/wp-json\/wp\/v2\/posts"}],"about":[{"href":"https:\/\/www.greenpeace.ch\/de\/wp-json\/wp\/v2\/types\/post"}],"author":[{"embeddable":true,"href":"https:\/\/www.greenpeace.ch\/de\/wp-json\/wp\/v2\/users\/23"}],"replies":[{"embeddable":true,"href":"https:\/\/www.greenpeace.ch\/de\/wp-json\/wp\/v2\/comments?post=14525"}],"version-history":[{"count":0,"href":"https:\/\/www.greenpeace.ch\/de\/wp-json\/wp\/v2\/posts\/14525\/revisions"}],"wp:attachment":[{"href":"https:\/\/www.greenpeace.ch\/de\/wp-json\/wp\/v2\/media?parent=14525"}],"wp:term":[{"taxonomy":"category","embeddable":true,"href":"https:\/\/www.greenpeace.ch\/de\/wp-json\/wp\/v2\/categories?post=14525"},{"taxonomy":"post_tag","embeddable":true,"href":"https:\/\/www.greenpeace.ch\/de\/wp-json\/wp\/v2\/tags?post=14525"},{"taxonomy":"p4-page-type","embeddable":true,"href":"https:\/\/www.greenpeace.ch\/de\/wp-json\/wp\/v2\/p4-page-type?post=14525"},{"taxonomy":"gpch-article-type","embeddable":true,"href":"https:\/\/www.greenpeace.ch\/de\/wp-json\/wp\/v2\/gpch-article-type?post=14525"}],"curies":[{"name":"wp","href":"https:\/\/api.w.org\/{rel}","templated":true}]}}