{"id":14527,"date":"2011-10-11T00:00:00","date_gmt":"2011-10-10T22:00:00","guid":{"rendered":"https:\/\/master.greenpeace.ch\/beitrag\/14527\/havariertes-containerschiff-evakuiert\/"},"modified":"2019-05-30T12:36:29","modified_gmt":"2019-05-30T10:36:29","slug":"havariertes-containerschiff-evakuiert","status":"publish","type":"post","link":"https:\/\/www.greenpeace.ch\/de\/story\/14527\/havariertes-containerschiff-evakuiert\/","title":{"rendered":"Havariertes Containerschiff evakuiert"},"content":{"rendered":"<p><b><\/b><\/p>\n<div class=\"post-content\">\n<div>\n<p><!-- START DYNAMIC CONTENT --><\/p>\n<div class=\"events-box middle-box left\">\n<div class=\"frame\">\n        <a class=\"open-img EnlargeImage\" href=\"https:\/\/www.greenpeace.ch\/static\/planet4-switzerland-stateless\/2019\/05\/adf88dcb-adf88dcb-111011_oilpeoplenzl.jpg\" title=\"\"><br \/>\n            <img decoding=\"async\" id=\"ctl00_cphContentArea_epiEntryContent_ctl00_ctl02_Image1\" class=\"Thumbnail\" src=\"https:\/\/www.greenpeace.ch\/static\/planet4-switzerland-stateless\/2019\/05\/adf88dcb-adf88dcb-111011_oilpeoplenzl.jpg\" alt=\"\" style=\"border-width:0px;\"><\/p>\n<p>        <\/a>\n    <\/div>\n<div class=\"events-content no-title\">\n        <span class=\"date\"><\/span><br \/>\n        <strong><\/strong><\/p>\n<p>\n            Juli 2010: Anti-\u00d6l-Protest in Neuseeland,<br \/>\n\u00a9 Greenpeace \/ Fraser Newman\n        <\/p>\n<\/p>\n<\/div>\n<\/div>\n<p> <!-- END DYNAMIC CONTENT --><\/p>\n<p>Das Containerschiff Rena, das vergangene Woche in der Bay of Plenty vor  der neuseel\u00e4ndischen K\u00fcste <a href=\"http:\/\/www.greenpeace.org\/switzerland\/de\/News_Stories\/Newsblog\/neuseelndische-kste-in-gefahr\/blog\/37232\/\">auf ein Riff aufgelaufen ist,<\/a> wurde evakuiert. Der Grund  daf\u00fcr war zu hoher Wellengang. Die Abpumparbeiten wurden unterbrochen.<\/p>\n<p>Der Rumpf des Schiffes soll durch die vier bis f\u00fcnf Meter hohen  Wellen weiter besch\u00e4digt worden sein. Auch einer der vier Tanks soll  Medienberichten zufolge geborsten sein. Nach Angaben der staatlichen  Schifffahrts- und Meeresschutzbeh\u00f6rde (MNZ) sollen bislang 200 bis 300  Tonnen \u00d6l ins Meer gelaufen sein. Bereits gestern erreichten die ersten  \u00d6lklumpen zwei Tage fr\u00fcher als erwartet die K\u00fcste.<\/p>\n<p>Wie der neuseel\u00e4ndische Rundfunk mitteilt, wurde am Strand von Mount  Maunganui \u00d6l entdeckt. Der Strand gilt als beliebter Badeort. Zudem  kalben in der Bucht regelm\u00e4ssig Blauwale und Delfine. Eine \u00d6lpest k\u00f6nnte diesen Lebensraum nun zerst\u00f6ren.<\/p>\n<p>Schilder der Gesundheitsbeh\u00f6rden sollen unterdessen Menschen an der  K\u00fcste darauf hinweisen, Meeresfr\u00fcchte und verseuchten Fisch nicht zu  essen. Auch die MNZ  ruft auf ihrer Homepage dazu auf, sich vom \u00d6l fernzuhalten und  keinesfalls damit in Ber\u00fchrung zu kommen. So warnt sie davor, mit den S\u00e4uberungsaktionen des Strandes auf eigene Faust  zu beginnen. Experten seien auf dem Weg.<\/p>\n<h3>\u00d6lfluss nicht gestoppt<\/h3>\n<p>Die  ersten Teile des \u00d6lteppichs an der neuseel\u00e4ndischen K\u00fcste k\u00f6nnten nur  ein Vorgeschmack auf eine st\u00e4rkere \u00d6lpest sein. Immer noch l\u00e4uft  Schwer\u00f6l ins Meer &#8211; nach Angaben von Verkehrsminister Steven Joyce  k\u00f6nnten bislang rund 50 Tonnen in den S\u00fcdpazifik gelangt sein. Weitere  50 Tonnen ausgelaufenes Schwer\u00f6l sollen sich im Schiffskiel befinden.  Andere Medien berichten von rund 30 Tonnen Schwer\u00f6l, die ins Meer  gelangt seien.<\/p>\n<p>Die Abpumparbeiten haben bereits begonnen. Allerdings verhinderte das  st\u00fcrmische Wetter gr\u00f6ssere Erfolge &#8211; lediglich 10 Tonnen der insgesamt  1700 Tonnen Schwer\u00f6l konnten aus den Tanks gepumpt werden. Insgesamt  sollen die Arbeiten bis zu 40 Stunden dauern. Neben dem Schwer\u00f6l sollen  sich nach neuesten Erkenntnissen auch 200 Tonnen Diesel an Bord  befinden.<\/p>\n<p>Unterdessen berichtete die Gewerkschaft der Seeleute Maritime Union  von bereits bekannten M\u00e4ngeln, die bei einer fr\u00fcheren Inspektion  festgestellt wurden. Angeblich sollen auch Probleme bei den Seekarten  entdeckt worden sein. Diese Vorw\u00fcrfe wies die Reederei des  Frachtschiffes allerdings zur\u00fcck.<\/p>\n<\/div>\n<\/div>\n","protected":false},"excerpt":{"rendered":"<p>Juli 2010: Anti-\u00d6l-Protest in Neuseeland, \u00a9 Greenpeace \/ Fraser Newman Das Containerschiff Rena, das vergangene Woche in der Bay of Plenty vor der neuseel\u00e4ndischen K\u00fcste auf ein Riff aufgelaufen ist,&hellip;<\/p>\n","protected":false},"author":23,"featured_media":14529,"comment_status":"closed","ping_status":"open","sticky":false,"template":"","format":"standard","meta":{"_acf_changed":false,"_planet4_optimize_post_is_variant":false,"_planet4_optimize_experiment_name":"","_planet4_optimize_variant_name":"","ep_exclude_from_search":false,"p4_og_title":"","p4_og_description":"","p4_og_image":"","p4_og_image_id":"","p4_seo_canonical_url":"","p4_campaign_name":"","p4_local_project":"","p4_basket_name":"","p4_department":"","footnotes":""},"categories":[1],"tags":[41],"p4-page-type":[75],"gpch-article-type":[],"class_list":["post-14527","post","type-post","status-publish","format-standard","has-post-thumbnail","hentry","category-unkategorisiert","tag-meer","p4-page-type-story"],"acf":[],"_links":{"self":[{"href":"https:\/\/www.greenpeace.ch\/de\/wp-json\/wp\/v2\/posts\/14527","targetHints":{"allow":["GET"]}}],"collection":[{"href":"https:\/\/www.greenpeace.ch\/de\/wp-json\/wp\/v2\/posts"}],"about":[{"href":"https:\/\/www.greenpeace.ch\/de\/wp-json\/wp\/v2\/types\/post"}],"author":[{"embeddable":true,"href":"https:\/\/www.greenpeace.ch\/de\/wp-json\/wp\/v2\/users\/23"}],"replies":[{"embeddable":true,"href":"https:\/\/www.greenpeace.ch\/de\/wp-json\/wp\/v2\/comments?post=14527"}],"version-history":[{"count":0,"href":"https:\/\/www.greenpeace.ch\/de\/wp-json\/wp\/v2\/posts\/14527\/revisions"}],"wp:featuredmedia":[{"embeddable":true,"href":"https:\/\/www.greenpeace.ch\/de\/wp-json\/wp\/v2\/media\/14529"}],"wp:attachment":[{"href":"https:\/\/www.greenpeace.ch\/de\/wp-json\/wp\/v2\/media?parent=14527"}],"wp:term":[{"taxonomy":"category","embeddable":true,"href":"https:\/\/www.greenpeace.ch\/de\/wp-json\/wp\/v2\/categories?post=14527"},{"taxonomy":"post_tag","embeddable":true,"href":"https:\/\/www.greenpeace.ch\/de\/wp-json\/wp\/v2\/tags?post=14527"},{"taxonomy":"p4-page-type","embeddable":true,"href":"https:\/\/www.greenpeace.ch\/de\/wp-json\/wp\/v2\/p4-page-type?post=14527"},{"taxonomy":"gpch-article-type","embeddable":true,"href":"https:\/\/www.greenpeace.ch\/de\/wp-json\/wp\/v2\/gpch-article-type?post=14527"}],"curies":[{"name":"wp","href":"https:\/\/api.w.org\/{rel}","templated":true}]}}