{"id":14553,"date":"2011-09-29T00:00:00","date_gmt":"2011-09-28T22:00:00","guid":{"rendered":"https:\/\/master.greenpeace.ch\/beitrag\/14553\/im-auge-des-tigers\/"},"modified":"2019-05-30T12:37:25","modified_gmt":"2019-05-30T10:37:25","slug":"im-auge-des-tigers","status":"publish","type":"post","link":"https:\/\/www.greenpeace.ch\/de\/story\/14553\/im-auge-des-tigers\/","title":{"rendered":"Im Auge des Tigers"},"content":{"rendered":"<p><b>Ich bin einer von f\u00fcnf\u00a0 \u201eTigers Eye\u201c AktivistInnen aus Indonesien. Wir haben die \u201eTiger Tour\u201c gestartet, um auf den Zustand der W\u00e4lder in Indonesien aufmerksam zu machen. Angezogen wie Sumatra Tiger, ziehen wir auf der Insel Sumatra umher, dokumentieren die Zerst\u00f6rung der Regenw\u00e4lder und fordern die indonesische Regierung auf, aktiv zu werden gegen die Entwaldung. Wir nehmen an Zeremonien der lokalen Bev\u00f6lkerung Teil und laden sie ein die Entwaldung in ihren Gemeinden zu dokumentieren und uns diese Information zu schicken. So k\u00f6nnen wir zusammen die Heimat des Tigers retten.<\/b><\/p>\n<div class=\"post-content\">\n<div>\n<p>Ich bin einer von f\u00fcnf\u00a0 \u201eTigers Eye\u201c AktivistInnen aus Indonesien. Wir haben die \u201eTiger Tour\u201c gestartet, um auf den Zustand der W\u00e4lder in Indonesien aufmerksam zu machen. Angezogen wie Sumatra Tiger, ziehen wir auf der Insel Sumatra umher, dokumentieren die Zerst\u00f6rung der Regenw\u00e4lder und fordern die indonesische Regierung auf, aktiv zu werden gegen die Entwaldung. Wir nehmen an Zeremonien der lokalen Bev\u00f6lkerung Teil und laden sie ein die Entwaldung in ihren Gemeinden zu dokumentieren und uns diese Information zu schicken. So k\u00f6nnen wir zusammen die Heimat des Tigers retten.<\/p>\n<p>Der Sumatra Tiger ist ein anmutiges, majest\u00e4tisches Tier. Er ist der  \u201eK\u00f6nig des Jungels\u201c, ein Symbol des Reichtums des Waldes und eine Quelle  der Inspiration in der indonesischen Kultur. Doch heute ist das  \u00dcberleben des Sumatra Tigers in Gefahr, den seine Heimat, der Wald, wird  zerst\u00f6rt. Nur noch ungef\u00e4hr 400 Sumatra Tiger sind \u00fcbrig geblieben und  einer dieser wenigen <a title=\"Tiger Video\" href=\"http:\/\/www.greenpeace.org\/switzerland\/de\/News_Stories\/Newsblog\/bedrohter-sumatra-tiger-stirbt-in-falle-auf-a\/blog\/35864\/\" target=\"_blank\" rel=\"noopener noreferrer\">ist diesen Juli in einer Falle verendet<\/a>.  Wir k\u00f6nnen nicht zulassen, dass diese Zerst\u00f6rung ihren Lauf nimmt.  Jedes Jahr werden ungef\u00e4hr 1.1 Millionen Hektaren des indonesischen  Regenwaldes zerst\u00f6rt. Das ist eine Fl\u00e4che die einem Drittel der Gr\u00f6\u00dfe  von Belgien entspricht. Auf unserer \u201eTiger Tour\u201c werden wir immer wieder  von mit Holz beladenen Lastwagen \u00fcberholt. Ich kann mir kaum  vorstellen, dass so viel Wald bereits zerst\u00f6rt wurde \u2013 und weiterhin  zerst\u00f6rt wird, und dies alles nur f\u00fcr die Zellstoff und Papierindustrie.<\/p>\n<p><!-- START DYNAMIC CONTENT --><\/p>\n<div class=\"embedded-image-gallery promo general-form\">\n<h2>Im Auge des Tigers<\/h2>\n<div class=\"gallery\">\n<div class=\"img-nav\">\n<div class=\"carousel\">\n<ul class=\"img-list galleria\">\n<li class=\"active\">\n                            <a title=\"Im Auge des Tigers\" href=\"\/switzerland\/de\/News_Stories\/Multimedia\/Fotos\/Im-Auge-des-Tigers\/Im-Auge-des-Tigers1\/\" rel=\"Sumatra, Indonesien, 21. September 2011. Greenpeace-Aktivistinnen posieren im Tigerkost\u00fcm f\u00fcr die \u00abTiger's Eye Tour\u00bb.~^Greenpeace \/ Ulet  Ifansasti~^https:\/\/www.greenpeace.ch\/static\/planet4-switzerland-stateless\/2019\/05\/39be3373-39be3373-gp02i9s.jpg~^269763\"><br \/>\n                                <img decoding=\"async\" id=\"ctl00_cphContentArea_epiEntryContent_ctl00_ctl02_ctl00_repImages_ctl00_thumbImg\" title=\"Im Auge des Tigers\" src=\"https:\/\/www.greenpeace.ch\/static\/planet4-switzerland-stateless\/2019\/05\/39be3373-39be3373-gp02i9s.jpg\" alt=\"Im Auge des Tigers\" style=\"border-width:0px;\"><br \/>\n                            <\/a>\n                        <\/li>\n<li>\n                            <a title=\"Im Auge des Tigers\" href=\"\/switzerland\/de\/News_Stories\/Multimedia\/Fotos\/Im-Auge-des-Tigers\/Tigers-Eye-Tour-in-Indonesia\/\" rel=\"Riau, Indonesien, 22. September 2011. Khalifah Hakim, der F\u00fchrer einer Gemeinschaft in Rokan Hilir segnet die Greenpeace-Tigeraktivisten w\u00e4hrend einer Feierstunde im Jumrah-Unterbezirk. \n\n\n\n~^Greenpeace\/ Ulet Ifansasti ~^https:\/\/www.greenpeace.ch\/static\/planet4-switzerland-stateless\/2019\/05\/bde162a2-bde162a2-gp02ia4.jpg~^270414\"><br \/>\n                                <img decoding=\"async\" id=\"ctl00_cphContentArea_epiEntryContent_ctl00_ctl02_ctl00_repImages_ctl01_thumbImg\" title=\"Im Auge des Tigers\" src=\"https:\/\/www.greenpeace.ch\/static\/planet4-switzerland-stateless\/2019\/05\/bde162a2-bde162a2-gp02ia4.jpg\" alt=\"Im Auge des Tigers\" style=\"border-width:0px;\"><br \/>\n                            <\/a>\n                        <\/li>\n<li>\n                            <a title=\"Im Auge des Tigers\" href=\"\/switzerland\/de\/News_Stories\/Multimedia\/Fotos\/Im-Auge-des-Tigers\/Im-Auge-des-Tigers\/\" rel=\"Riau, Tesso Nilo National Park, Indonesien,  20. September 2011. Greenpeace-Aktivisten als Tiger verkleidet sind Zeuge der Sch\u00f6nheit der W\u00e4lder in Tesso Nilo-Nationalpark. Doch die unber\u00fchrte Moor-Wald-Umgebung wird durch unverantwortliche Expansion der \u00d6lpalmen-Plantagen bedroht.~^Greenpeace\/Ulet Ifansasti ~^https:\/\/www.greenpeace.ch\/static\/planet4-switzerland-stateless\/2019\/05\/d5e89143-d5e89143-gp02irb.jpg~^270420\"><br \/>\n                                <img decoding=\"async\" id=\"ctl00_cphContentArea_epiEntryContent_ctl00_ctl02_ctl00_repImages_ctl02_thumbImg\" title=\"Im Auge des Tigers\" src=\"https:\/\/www.greenpeace.ch\/static\/planet4-switzerland-stateless\/2019\/05\/d5e89143-d5e89143-gp02irb.jpg\" alt=\"Im Auge des Tigers\" style=\"border-width:0px;\"><br \/>\n                            <\/a>\n                        <\/li>\n<li>\n                            <a title=\"im Auge des Tigers\" href=\"\/switzerland\/de\/News_Stories\/Multimedia\/Fotos\/Im-Auge-des-Tigers\/im-Auge-des-Tigers2\/\" rel=\"Riau, Indonesien, 1. Oktober 2011. Angeh\u00f6rige des Orang Rimba Stammes,  die im Wald um Bukit Tiga Puluh National Park in Peranap, Indragiri Hulu Bezirk leben. Der Orang Rimba Stamm ist Opfer einer massiven Abholzung in Sumatra. ~^Greenpeace\/Ulet  Ifansasti ~^https:\/\/www.greenpeace.ch\/static\/planet4-switzerland-stateless\/2019\/05\/d0bf3b11-d0bf3b11-gp02ivh.jpg~^270449\"><br \/>\n                                <img decoding=\"async\" id=\"ctl00_cphContentArea_epiEntryContent_ctl00_ctl02_ctl00_repImages_ctl03_thumbImg\" title=\"im Auge des Tigers\" src=\"https:\/\/www.greenpeace.ch\/static\/planet4-switzerland-stateless\/2019\/05\/d0bf3b11-d0bf3b11-gp02ivh.jpg\" alt=\"im Auge des Tigers\" style=\"border-width:0px;\"><br \/>\n                            <\/a>\n                        <\/li>\n<li>\n                            <a title=\"Im Auge des Tigers\" href=\"\/switzerland\/de\/News_Stories\/Multimedia\/Fotos\/Im-Auge-des-Tigers\/Tigers-Eye-Tour-in-Indonesia1\/\" rel=\"Riau, Indonesien,  23. September 2011.Ein Blick auf zerst\u00f6rtes Waldgebiet im Konzessionsgebiet der PT Ruas Utama Jaya (RUJ), ein Anbieter f\u00fcr die Zellstoff-Sparte der Sinar Mas Group.~^Greenpeace\/ Ulet Ifansasti~^https:\/\/www.greenpeace.ch\/static\/planet4-switzerland-stateless\/2019\/05\/10881295-10881295-gp02ihd.jpg~^270422\"><br \/>\n                                <img decoding=\"async\" id=\"ctl00_cphContentArea_epiEntryContent_ctl00_ctl02_ctl00_repImages_ctl04_thumbImg\" title=\"Im Auge des Tigers\" src=\"https:\/\/www.greenpeace.ch\/static\/planet4-switzerland-stateless\/2019\/05\/10881295-10881295-gp02ihd.jpg\" alt=\"Im Auge des Tigers\" style=\"border-width:0px;\"><br \/>\n                            <\/a>\n                        <\/li>\n<li>\n                            <a title=\"Im Auge des Tigers\" href=\"\/switzerland\/de\/News_Stories\/Multimedia\/Fotos\/Im-Auge-des-Tigers\/Tigers-Eye-Tour-in-Indonesia2\/\" rel=\"Riau, Indonesien, 28. September 2011. Greenpeace-Aktivisten verkleidet als Tiger, \u00fcberqueren ein Kanal im Konzessionsgebiet der PT Arara Abadi, ein Lieferant f\u00fcr die Zellstoff-Sparte von Sinar Mas Group.~^Greenpeace\/ Ulet Ifansasti~^https:\/\/www.greenpeace.ch\/static\/planet4-switzerland-stateless\/2019\/05\/ccf11ed6-ccf11ed6-gp02img.jpg~^270423\"><br \/>\n                                <img decoding=\"async\" id=\"ctl00_cphContentArea_epiEntryContent_ctl00_ctl02_ctl00_repImages_ctl05_thumbImg\" title=\"Im Auge des Tigers\" src=\"https:\/\/www.greenpeace.ch\/static\/planet4-switzerland-stateless\/2019\/05\/ccf11ed6-ccf11ed6-gp02img.jpg\" alt=\"Im Auge des Tigers\" style=\"border-width:0px;\"><br \/>\n                            <\/a>\n                        <\/li>\n<li>\n                            <a title=\"Im Auge des Tigers\" href=\"\/switzerland\/de\/News_Stories\/Multimedia\/Fotos\/Im-Auge-des-Tigers\/Tigers-eye-tour\/\" rel=\"Riau, Tesso Nilo National Park, Indonesien,  20. September 2011. Ein Greenpeace-Aktivist misst im Tesso Nilo-Nationalpark den Fussabdruck eines Tigers. ~^Greenpeace\/Ulet Ifansasti ~^https:\/\/www.greenpeace.ch\/static\/planet4-switzerland-stateless\/2019\/05\/36071456-36071456-gp02ir8-1.jpg~^270424\"><br \/>\n                                <img decoding=\"async\" id=\"ctl00_cphContentArea_epiEntryContent_ctl00_ctl02_ctl00_repImages_ctl06_thumbImg\" title=\"Im Auge des Tigers\" src=\"https:\/\/www.greenpeace.ch\/static\/planet4-switzerland-stateless\/2019\/05\/36071456-36071456-gp02ir8-1.jpg\" alt=\"Im Auge des Tigers\" style=\"border-width:0px;\"><br \/>\n                            <\/a>\n                        <\/li>\n<li>\n                            <a title=\"Im Auge des Tigers\" href=\"\/switzerland\/de\/News_Stories\/Multimedia\/Fotos\/Im-Auge-des-Tigers\/Tigers-Eye-Tour-in-Indonesia3\/\" rel=\"Riau, Indonesien, 28. September 2011.\nGreenpeace-Aktivisten als Tiger verkleidet erreichen auf Motorr\u00e4dern das Konzessionsgebiet der PT Arara Abadi, ein Lieferant f\u00fcr die Zellstoff-Sparte der Sinar Mas Group.~^Greenpeace\/ Ulet Ifansasti~^https:\/\/www.greenpeace.ch\/static\/planet4-switzerland-stateless\/2019\/05\/90130eeb-90130eeb-gp02imi-1.jpg~^270425\"><br \/>\n                                <img decoding=\"async\" id=\"ctl00_cphContentArea_epiEntryContent_ctl00_ctl02_ctl00_repImages_ctl07_thumbImg\" title=\"Im Auge des Tigers\" src=\"https:\/\/www.greenpeace.ch\/static\/planet4-switzerland-stateless\/2019\/05\/90130eeb-90130eeb-gp02imi-1.jpg\" alt=\"Im Auge des Tigers\" style=\"border-width:0px;\"><br \/>\n                            <\/a>\n                        <\/li>\n<li>\n                            <a title=\"Im Auge des Tigers\" href=\"\/switzerland\/de\/News_Stories\/Multimedia\/Fotos\/Im-Auge-des-Tigers\/Tigers-Eye-Tour-in-Indonesia4\/\" rel=\"Riau, Indonesien, 1. Oktober 2011. Ein Greenpeace-Aktivist in einem Tiger Kost\u00fcm wird Zeuge des abgeholzten Waldebietes, nahe des Bukit Tiga Puluh National Park.~^Greenpeace\/ Ulet Ifansasti~^https:\/\/www.greenpeace.ch\/wp-content\/uploads\/2017\/01\/GP02IVW.jpg~^270426\"><br \/>\n                                <img decoding=\"async\" id=\"ctl00_cphContentArea_epiEntryContent_ctl00_ctl02_ctl00_repImages_ctl08_thumbImg\" title=\"Im Auge des Tigers\" src=\"https:\/\/www.greenpeace.ch\/wp-content\/uploads\/2017\/01\/GP02IVW.jpg\" alt=\"Im Auge des Tigers\" style=\"border-width:0px;\"><br \/>\n                            <\/a>\n                        <\/li>\n<li>\n                            <a title=\"Im Auge des Tigers\" href=\"\/switzerland\/de\/News_Stories\/Multimedia\/Fotos\/Im-Auge-des-Tigers\/Tigers-Eye-Tour-in-Indonesia5\/\" rel=\"Riau, Indonesien, 23. September 2011.Greenpeace-Aktivisten in Tigerkleidung halten ein Banner mit der Aufschrift \u00abSch\u00fctzt W\u00e4lder \u2013 Sch\u00fctzt den Lebensraum der Tiger\u00bb im Konzessionsgebiet der PT Ruas Utama Jaya (RUJ), ein Anbieter f\u00fcr die Zellstoff-Sparte der Sinar Mas Group.\n~^Greenpeace\/ Ulet Ifansasti~^https:\/\/www.greenpeace.ch\/static\/planet4-switzerland-stateless\/2019\/05\/a547cd0a-a547cd0a-gp02ihf-1.jpg~^270427\"><br \/>\n                                <img decoding=\"async\" id=\"ctl00_cphContentArea_epiEntryContent_ctl00_ctl02_ctl00_repImages_ctl09_thumbImg\" title=\"Im Auge des Tigers\" src=\"https:\/\/www.greenpeace.ch\/static\/planet4-switzerland-stateless\/2019\/05\/a547cd0a-a547cd0a-gp02ihf-1.jpg\" alt=\"Im Auge des Tigers\" style=\"border-width:0px;\"><br \/>\n                            <\/a>\n                        <\/li>\n<li>\n                            <a title=\"Im Auge des Tigers\" href=\"\/switzerland\/de\/News_Stories\/Multimedia\/Fotos\/Im-Auge-des-Tigers\/Tigers-eye-tour-in-Indonesia6\/\" rel=\"Riau, Tesso Nilo National Park, Indonesien,  28. September 2011.Ein Elefant legt einer Greenpeace Aktivistin in einem Tigerkost\u00fcm, einen Blumenkranz um den Hals.\n\n~^Greenpeace\/ Ulet Ifansasti~^https:\/\/www.greenpeace.ch\/static\/planet4-switzerland-stateless\/2019\/05\/20050b7d-20050b7d-gp02iqf.jpg~^270428\"><br \/>\n                                <img decoding=\"async\" id=\"ctl00_cphContentArea_epiEntryContent_ctl00_ctl02_ctl00_repImages_ctl10_thumbImg\" title=\"Im Auge des Tigers\" src=\"https:\/\/www.greenpeace.ch\/static\/planet4-switzerland-stateless\/2019\/05\/20050b7d-20050b7d-gp02iqf.jpg\" alt=\"Im Auge des Tigers\" style=\"border-width:0px;\"><br \/>\n                            <\/a>\n                        <\/li>\n<li>\n                            <a title=\"Im Auge des Tigers\" href=\"\/switzerland\/de\/News_Stories\/Multimedia\/Fotos\/Im-Auge-des-Tigers\/Im-Auge-des-Tigers5\/\" rel=\"Pekanbaru, Sumatra, Indonesien, 25. September 2011. Mukthar ein Tierdompteur besucht die Ausstellung von Greenpeace.~^Greenpeace \/ Ulet  Ifansasti~^https:\/\/www.greenpeace.ch\/static\/planet4-switzerland-stateless\/2019\/05\/8be144c7-8be144c7-gp02ijl.jpg~^269767\"><br \/>\n                                <img decoding=\"async\" id=\"ctl00_cphContentArea_epiEntryContent_ctl00_ctl02_ctl00_repImages_ctl11_thumbImg\" title=\"Im Auge des Tigers\" src=\"https:\/\/www.greenpeace.ch\/static\/planet4-switzerland-stateless\/2019\/05\/8be144c7-8be144c7-gp02ijl.jpg\" alt=\"Im Auge des Tigers\" style=\"border-width:0px;\"><br \/>\n                            <\/a>\n                        <\/li>\n<li>\n                            <a title=\"Im Auge des Tigers\" href=\"\/switzerland\/de\/News_Stories\/Multimedia\/Fotos\/Im-Auge-des-Tigers\/Tigers-Eye-Tour-in-Indonesia8\/\" rel=\"Tesso Nile National Park, Indonesien, 20 September 2011. Eine Greenpeace-Aktivistin bewundert die Sch\u00f6nheit des Regenwaldes. Diese wird allerdings durch die unverantwortliche Ausbreitung der Palm\u00f6l-Plantagen bedroht.~^Greenpeace\/ Ulet  Ifansasti ~^https:\/\/www.greenpeace.ch\/static\/planet4-switzerland-stateless\/2019\/05\/f8819361-f8819361-gp02ir7_press.jpg~^274120\"><br \/>\n                                <img decoding=\"async\" id=\"ctl00_cphContentArea_epiEntryContent_ctl00_ctl02_ctl00_repImages_ctl12_thumbImg\" title=\"Im Auge des Tigers\" src=\"https:\/\/www.greenpeace.ch\/static\/planet4-switzerland-stateless\/2019\/05\/f8819361-f8819361-gp02ir7_press.jpg\" alt=\"Im Auge des Tigers\" style=\"border-width:0px;\"><br \/>\n                            <\/a>\n                        <\/li>\n<li>\n                            <a title=\"Im Auge des Tigers\" href=\"\/switzerland\/de\/News_Stories\/Multimedia\/Fotos\/Im-Auge-des-Tigers\/Tigers-Eye-Tour-in-Indonesia7\/\" rel=\"Jambi, Indonesien, Asien, 10. August 2011.Ein als Tiger bemalter Aktivist, posiert vor den Zuschauern. ~^Greenpeace\/ Ulet Ifansasti~^https:\/\/www.greenpeace.ch\/static\/planet4-switzerland-stateless\/2019\/05\/2aadd959-2aadd959-gp02jgw.jpg~^271008\"><br \/>\n                                <img decoding=\"async\" id=\"ctl00_cphContentArea_epiEntryContent_ctl00_ctl02_ctl00_repImages_ctl13_thumbImg\" title=\"Im Auge des Tigers\" src=\"https:\/\/www.greenpeace.ch\/static\/planet4-switzerland-stateless\/2019\/05\/2aadd959-2aadd959-gp02jgw.jpg\" alt=\"Im Auge des Tigers\" style=\"border-width:0px;\"><br \/>\n                            <\/a>\n                        <\/li>\n<li>\n                            <a title=\"Im Auge des Tigersa\" href=\"\/switzerland\/de\/News_Stories\/Multimedia\/Fotos\/Im-Auge-des-Tigers\/Tigers-Eye-Tour-in-Indonesia9\/\" rel=\"Tebo Distrikt, Jambi, Indonesien, 3. Oktober 2011. Als Tiger verkleidete Greenpeace-Aktivistinnen besuchen eine Primarschule um auf die Zerst\u00f6rung der Torfmoore durch Palm\u00f6lplantagen aufmerksam zu machen.~^Greenpeace\/ Ulet  Ifansasti~^https:\/\/www.greenpeace.ch\/static\/planet4-switzerland-stateless\/2019\/05\/ae911971-ae911971-gp02j1f_press.jpg~^274121\"><br \/>\n                                <img decoding=\"async\" id=\"ctl00_cphContentArea_epiEntryContent_ctl00_ctl02_ctl00_repImages_ctl14_thumbImg\" title=\"Im Auge des Tigersa\" src=\"https:\/\/www.greenpeace.ch\/static\/planet4-switzerland-stateless\/2019\/05\/ae911971-ae911971-gp02j1f_press.jpg\" alt=\"Im Auge des Tigersa\" style=\"border-width:0px;\"><br \/>\n                            <\/a>\n                        <\/li>\n<\/ul>\n<\/div>\n<\/div>\n<\/div>\n<div class=\"text\">\n<p class=\"description\">\n<p class=\"copyright\">\u00a9 Greenpeace \/ Ulet Ifansasti<\/p>\n<\/div>\n<\/div>\n<p> <!-- END DYNAMIC CONTENT --><\/p>\n<p>Mit unserer Tour zeigen wir auf wie es in Wirklichkeit um die Heimat des Tigers in Sumatra steht und dr\u00e4ngen die indonesische Regierung die laufenden Gesch\u00e4fte und Vorgehensweisen zu \u00fcberpr\u00fcfen und die Regenw\u00e4lder und Torfgebiete Indonesien vor der Zerst\u00f6rung zu sch\u00fctzen. Denn wird die Entwaldung nicht gestoppt, so wird es dem Sumatra Tiger wohl gleich ergehen wie seinen Vorg\u00e4ngern, dem Java- und dem Bali-Tiger, welche bereits ausgestorben sind. Um dies zu verhindern, bin ich mit den anderen AktivistInnen zusammen losgezogen.<\/p>\n<\/div>\n<\/div>\n","protected":false},"excerpt":{"rendered":"<p>Ich bin einer von f\u00fcnf\u00a0 \u201eTigers Eye\u201c AktivistInnen aus Indonesien. Wir haben die \u201eTiger Tour\u201c gestartet, um auf den Zustand der W\u00e4lder in Indonesien aufmerksam zu machen. Angezogen wie Sumatra&hellip;<\/p>\n","protected":false},"author":23,"featured_media":13899,"comment_status":"closed","ping_status":"open","sticky":false,"template":"","format":"standard","meta":{"_acf_changed":false,"_planet4_optimize_post_is_variant":false,"_planet4_optimize_experiment_name":"","_planet4_optimize_variant_name":"","ep_exclude_from_search":false,"p4_og_title":"","p4_og_description":"","p4_og_image":"","p4_og_image_id":"","p4_seo_canonical_url":"","p4_campaign_name":"","p4_local_project":"","p4_basket_name":"","p4_department":"","footnotes":""},"categories":[1],"tags":[40],"p4-page-type":[75],"gpch-article-type":[],"class_list":["post-14553","post","type-post","status-publish","format-standard","has-post-thumbnail","hentry","category-unkategorisiert","tag-wald","p4-page-type-story"],"acf":[],"_links":{"self":[{"href":"https:\/\/www.greenpeace.ch\/de\/wp-json\/wp\/v2\/posts\/14553","targetHints":{"allow":["GET"]}}],"collection":[{"href":"https:\/\/www.greenpeace.ch\/de\/wp-json\/wp\/v2\/posts"}],"about":[{"href":"https:\/\/www.greenpeace.ch\/de\/wp-json\/wp\/v2\/types\/post"}],"author":[{"embeddable":true,"href":"https:\/\/www.greenpeace.ch\/de\/wp-json\/wp\/v2\/users\/23"}],"replies":[{"embeddable":true,"href":"https:\/\/www.greenpeace.ch\/de\/wp-json\/wp\/v2\/comments?post=14553"}],"version-history":[{"count":0,"href":"https:\/\/www.greenpeace.ch\/de\/wp-json\/wp\/v2\/posts\/14553\/revisions"}],"wp:featuredmedia":[{"embeddable":true,"href":"https:\/\/www.greenpeace.ch\/de\/wp-json\/wp\/v2\/media\/13899"}],"wp:attachment":[{"href":"https:\/\/www.greenpeace.ch\/de\/wp-json\/wp\/v2\/media?parent=14553"}],"wp:term":[{"taxonomy":"category","embeddable":true,"href":"https:\/\/www.greenpeace.ch\/de\/wp-json\/wp\/v2\/categories?post=14553"},{"taxonomy":"post_tag","embeddable":true,"href":"https:\/\/www.greenpeace.ch\/de\/wp-json\/wp\/v2\/tags?post=14553"},{"taxonomy":"p4-page-type","embeddable":true,"href":"https:\/\/www.greenpeace.ch\/de\/wp-json\/wp\/v2\/p4-page-type?post=14553"},{"taxonomy":"gpch-article-type","embeddable":true,"href":"https:\/\/www.greenpeace.ch\/de\/wp-json\/wp\/v2\/gpch-article-type?post=14553"}],"curies":[{"name":"wp","href":"https:\/\/api.w.org\/{rel}","templated":true}]}}