{"id":14576,"date":"2011-09-27T00:00:00","date_gmt":"2011-09-26T22:00:00","guid":{"rendered":"https:\/\/master.greenpeace.ch\/beitrag\/14576\/staenderatskommission-schwenkt-auf-atomausstieg-ein\/"},"modified":"2019-05-30T12:37:46","modified_gmt":"2019-05-30T10:37:46","slug":"staenderatskommission-schwenkt-auf-atomausstieg-ein","status":"publish","type":"post","link":"https:\/\/www.greenpeace.ch\/de\/story\/14576\/staenderatskommission-schwenkt-auf-atomausstieg-ein\/","title":{"rendered":"St\u00e4nderatskommission schwenkt auf Atomausstieg ein"},"content":{"rendered":"<p><b>Entgegen fr\u00fcheren Beteuerungen ist die st\u00e4nder\u00e4tliche Energie-Kommission heute \u00fcberraschend von ihrem urspr\u00fcnglichen Plan abgekommen, nur den Bau neuer Atomkraftwerke \u00abder heutigen Generation\u00bb zu verbieten. Sie strich den Vorbehalt \u00abheutige Generation\u00bb aus der ensprechenden Motion raus.<\/b><\/p>\n<div class=\"post-content\">\n<div>\n<p>Entgegen fr\u00fcheren Beteuerungen ist die st\u00e4nder\u00e4tliche Energie-Kommission heute \u00fcberraschend von ihrem urspr\u00fcnglichen Plan abgekommen, nur den Bau neuer Atomkraftwerke \u00abder heutigen Generation\u00bb zu verbieten. Sie strich den Vorbehalt \u00abheutige Generation\u00bb aus der ensprechenden Motion raus.<\/p>\n<p>Erfreulich, dass sich die vorberatende Kommission des St\u00e4nderates von technologischen Tr\u00e4umereien verabschiedet hat und sich nun doch noch zu einem Atomausstieg ohne Wenn und Aber bekennt. Damit ist der Weg frei f\u00fcr den St\u00e4nderat, morgen dem Nationalrat und Bundesrat zu folgen und die Weichen zu stellen f\u00fcr eine sichere und saubere Stromversorgung ohne Atomrisiko. Ein konsequenter Atomausstieg heisst auch, dass der St\u00e4nderat einen klaren Zeitplan zur Abschaltung der bestehenden Atomkraftwerke festlegt. Als erstes vom Netz geh\u00f6rt das marode Atomkraftwerk M\u00fchleberg, das trotz eklatanten Sicherheitsm\u00e4ngeln vergangenes Wochenende wieder angefahren wurde.<\/p>\n<\/div>\n<\/div>\n","protected":false},"excerpt":{"rendered":"<p>Entgegen fr\u00fcheren Beteuerungen ist die st\u00e4nder\u00e4tliche Energie-Kommission heute \u00fcberraschend von ihrem urspr\u00fcnglichen Plan abgekommen, nur den Bau neuer Atomkraftwerke \u00abder heutigen Generation\u00bb zu verbieten. Sie strich den Vorbehalt \u00abheutige Generation\u00bb&hellip;<\/p>\n","protected":false},"author":23,"featured_media":0,"comment_status":"closed","ping_status":"open","sticky":false,"template":"","format":"standard","meta":{"_acf_changed":false,"_planet4_optimize_post_is_variant":false,"_planet4_optimize_experiment_name":"","_planet4_optimize_variant_name":"","ep_exclude_from_search":false,"p4_og_title":"","p4_og_description":"","p4_og_image":"","p4_og_image_id":"","p4_seo_canonical_url":"","p4_campaign_name":"","p4_local_project":"","p4_basket_name":"","p4_department":"","footnotes":""},"categories":[1],"tags":[42],"p4-page-type":[75],"gpch-article-type":[],"class_list":["post-14576","post","type-post","status-publish","format-standard","hentry","category-unkategorisiert","tag-energie","p4-page-type-story"],"acf":[],"_links":{"self":[{"href":"https:\/\/www.greenpeace.ch\/de\/wp-json\/wp\/v2\/posts\/14576","targetHints":{"allow":["GET"]}}],"collection":[{"href":"https:\/\/www.greenpeace.ch\/de\/wp-json\/wp\/v2\/posts"}],"about":[{"href":"https:\/\/www.greenpeace.ch\/de\/wp-json\/wp\/v2\/types\/post"}],"author":[{"embeddable":true,"href":"https:\/\/www.greenpeace.ch\/de\/wp-json\/wp\/v2\/users\/23"}],"replies":[{"embeddable":true,"href":"https:\/\/www.greenpeace.ch\/de\/wp-json\/wp\/v2\/comments?post=14576"}],"version-history":[{"count":0,"href":"https:\/\/www.greenpeace.ch\/de\/wp-json\/wp\/v2\/posts\/14576\/revisions"}],"wp:attachment":[{"href":"https:\/\/www.greenpeace.ch\/de\/wp-json\/wp\/v2\/media?parent=14576"}],"wp:term":[{"taxonomy":"category","embeddable":true,"href":"https:\/\/www.greenpeace.ch\/de\/wp-json\/wp\/v2\/categories?post=14576"},{"taxonomy":"post_tag","embeddable":true,"href":"https:\/\/www.greenpeace.ch\/de\/wp-json\/wp\/v2\/tags?post=14576"},{"taxonomy":"p4-page-type","embeddable":true,"href":"https:\/\/www.greenpeace.ch\/de\/wp-json\/wp\/v2\/p4-page-type?post=14576"},{"taxonomy":"gpch-article-type","embeddable":true,"href":"https:\/\/www.greenpeace.ch\/de\/wp-json\/wp\/v2\/gpch-article-type?post=14576"}],"curies":[{"name":"wp","href":"https:\/\/api.w.org\/{rel}","templated":true}]}}