{"id":14586,"date":"2011-09-28T00:00:00","date_gmt":"2011-09-27T22:00:00","guid":{"rendered":"https:\/\/master.greenpeace.ch\/beitrag\/14586\/staenderat-sagt-ja-zum-atomausstieg\/"},"modified":"2019-05-30T12:38:09","modified_gmt":"2019-05-30T10:38:09","slug":"staenderat-sagt-ja-zum-atomausstieg","status":"publish","type":"post","link":"https:\/\/www.greenpeace.ch\/de\/story\/14586\/staenderat-sagt-ja-zum-atomausstieg\/","title":{"rendered":"St\u00e4nderat sagt JA zum Atomausstieg!"},"content":{"rendered":"<p><b><\/b><\/p>\n<div class=\"post-content\">\n<div>\n<p><!-- START DYNAMIC CONTENT --><\/p>\n<div class=\"events-box small-box left\">\n<div class=\"frame\">\n        <a class=\"open-img EnlargeImage\" href=\"https:\/\/www.greenpeace.ch\/static\/planet4-switzerland-stateless\/2019\/05\/49342b96-49342b96-titelbild_wegweiser.jpg\" title=\"Deutlicher Wegweiser\"><br \/>\n            <img decoding=\"async\" id=\"ctl00_cphContentArea_epiEntryContent_ctl00_ctl02_Image1\" title=\"Deutlicher Wegweiser\" class=\"Thumbnail\" src=\"https:\/\/www.greenpeace.ch\/static\/planet4-switzerland-stateless\/2019\/05\/49342b96-49342b96-titelbild_wegweiser.jpg\" alt=\"Deutlicher Wegweiser\" style=\"border-width:0px;\"><\/p>\n<p>        <\/a>\n    <\/div>\n<div class=\"events-content hidden-paragraph\">\n        <span class=\"date\"><\/span><br \/>\n        <strong>Deutlicher Wegweiser<\/strong><\/p>\n<\/p>\n<\/div>\n<\/div>\n<p> <!-- END DYNAMIC CONTENT --><\/p>\n<h3>Auch der St\u00e4nderat hat sich heute Nachmittag zu einem Atomausstieg ohne Wenn und Aber durchgerungen.<\/h3>\n<p>Indem die kleine Kammer den Ausstiegsentscheid von Bundesrat und Nationalrat mittr\u00e4gt, macht sie den <a href=\"\/switzerland\/de\/Kampagnen\/Stromzukunft-Schweiz\/Stromversorgung\/\">Weg frei f\u00fcr die Energiewende in der Schweiz<\/a>. F\u00fcr den Umstieg von der Atomenergie in eine sichere und saubere Stromversorgung braucht es nun aber substanzielle Massnahmen zur F\u00f6rderung von Erneuerbaren und Effizienz. Ein besonderes Augenmerk gilt zudem der Sicherheit der bestehenden Atomkraftwerke, was heisst, dass die \u00e4ltesten Atomkraftwerke M\u00fchleberg und Beznau rasch m\u00f6glichst vom Netz genommen werden m\u00fcssen.<\/p>\n<p>Insbesondere mit der Aufhebung des Deckels bei der kostendeckenden Einspeiseverg\u00fctung, hat es der St\u00e4nderat in der Hand, dem wirkungsvollsten Instrument zum Ausbau der Erneuerbaren zum Durchbruch zu verhelfen und der Wirtschaft die n\u00f6tige Investitions- und Planungssicherheit zu geben.<\/p>\n<p>Greenpeace fordert vom St\u00e4nderat nach der richtigen heutigen Weichenstellung nun klare Signale f\u00fcr die k\u00fcnftige Energiestrategie der Schweiz.<\/p>\n<\/div>\n<\/div>\n","protected":false},"excerpt":{"rendered":"<p>Deutlicher Wegweiser Auch der St\u00e4nderat hat sich heute Nachmittag zu einem Atomausstieg ohne Wenn und Aber durchgerungen. Indem die kleine Kammer den Ausstiegsentscheid von Bundesrat und Nationalrat mittr\u00e4gt, macht sie&hellip;<\/p>\n","protected":false},"author":23,"featured_media":14588,"comment_status":"closed","ping_status":"open","sticky":false,"template":"","format":"standard","meta":{"_acf_changed":false,"_planet4_optimize_post_is_variant":false,"_planet4_optimize_experiment_name":"","_planet4_optimize_variant_name":"","ep_exclude_from_search":false,"p4_og_title":"","p4_og_description":"","p4_og_image":"","p4_og_image_id":"","p4_seo_canonical_url":"","p4_campaign_name":"","p4_local_project":"","p4_basket_name":"","p4_department":"","footnotes":""},"categories":[1],"tags":[42],"p4-page-type":[75],"gpch-article-type":[],"class_list":["post-14586","post","type-post","status-publish","format-standard","has-post-thumbnail","hentry","category-unkategorisiert","tag-energie","p4-page-type-story"],"acf":[],"_links":{"self":[{"href":"https:\/\/www.greenpeace.ch\/de\/wp-json\/wp\/v2\/posts\/14586","targetHints":{"allow":["GET"]}}],"collection":[{"href":"https:\/\/www.greenpeace.ch\/de\/wp-json\/wp\/v2\/posts"}],"about":[{"href":"https:\/\/www.greenpeace.ch\/de\/wp-json\/wp\/v2\/types\/post"}],"author":[{"embeddable":true,"href":"https:\/\/www.greenpeace.ch\/de\/wp-json\/wp\/v2\/users\/23"}],"replies":[{"embeddable":true,"href":"https:\/\/www.greenpeace.ch\/de\/wp-json\/wp\/v2\/comments?post=14586"}],"version-history":[{"count":0,"href":"https:\/\/www.greenpeace.ch\/de\/wp-json\/wp\/v2\/posts\/14586\/revisions"}],"wp:featuredmedia":[{"embeddable":true,"href":"https:\/\/www.greenpeace.ch\/de\/wp-json\/wp\/v2\/media\/14588"}],"wp:attachment":[{"href":"https:\/\/www.greenpeace.ch\/de\/wp-json\/wp\/v2\/media?parent=14586"}],"wp:term":[{"taxonomy":"category","embeddable":true,"href":"https:\/\/www.greenpeace.ch\/de\/wp-json\/wp\/v2\/categories?post=14586"},{"taxonomy":"post_tag","embeddable":true,"href":"https:\/\/www.greenpeace.ch\/de\/wp-json\/wp\/v2\/tags?post=14586"},{"taxonomy":"p4-page-type","embeddable":true,"href":"https:\/\/www.greenpeace.ch\/de\/wp-json\/wp\/v2\/p4-page-type?post=14586"},{"taxonomy":"gpch-article-type","embeddable":true,"href":"https:\/\/www.greenpeace.ch\/de\/wp-json\/wp\/v2\/gpch-article-type?post=14586"}],"curies":[{"name":"wp","href":"https:\/\/api.w.org\/{rel}","templated":true}]}}