{"id":14611,"date":"2011-09-13T00:00:00","date_gmt":"2011-09-12T22:00:00","guid":{"rendered":"https:\/\/master.greenpeace.ch\/beitrag\/14611\/erster-internationaler-tag-des-testaments\/"},"modified":"2025-06-25T15:37:56","modified_gmt":"2025-06-25T13:37:56","slug":"erster-internationaler-tag-des-testaments","status":"publish","type":"post","link":"https:\/\/www.greenpeace.ch\/de\/story\/14611\/erster-internationaler-tag-des-testaments\/","title":{"rendered":"Erster Internationaler Tag des Testaments"},"content":{"rendered":"<p><b>J\u00e4hrlich werden in der Schweiz rund dreissig Milliarden Franken vererbt. Davon gehen sch\u00e4tzungsweise ein bis eineinhalb Prozent an gemeinn\u00fctzige Organisationen \u2013 eine Zahl, die auch im internationalen Vergleich bescheiden ist.<\/b><\/p>\n<div class=\"post-content\">\n<div>\n<p>J\u00e4hrlich werden in der Schweiz rund dreissig Milliarden Franken vererbt. Davon gehen sch\u00e4tzungsweise ein bis eineinhalb Prozent an gemeinn\u00fctzige Organisationen \u2013 eine Zahl, die auch im internationalen Vergleich bescheiden ist.<\/p>\n<p><!-- START DYNAMIC CONTENT --><\/p>\n<div class=\"events-box middle-box left\">\n<div class=\"frame\">\n        <a class=\"open-img EnlargeImage\" href=\"https:\/\/www.greenpeace.ch\/static\/planet4-switzerland-stateless\/2019\/05\/412ddbf3-412ddbf3-myhappyend_w600.jpg\" title=\"\"><br \/>\n            <img decoding=\"async\" id=\"ctl00_cphContentArea_epiEntryContent_ctl00_ctl02_Image1\" class=\"Thumbnail\" src=\"https:\/\/www.greenpeace.ch\/static\/planet4-switzerland-stateless\/2019\/05\/412ddbf3-412ddbf3-myhappyend_w600.jpg\" alt=\"\" style=\"border-width:0px;\"><\/p>\n<p>        <\/a>\n    <\/div>\n<div class=\"events-content no-title\">\n        <span class=\"date\"><\/span><br \/>\n        <strong><\/strong><\/p>\n<p>\n            \u00a9 myhappyend.org\n        <\/p>\n<\/p>\n<\/div>\n<\/div>\n<p> <!-- END DYNAMIC CONTENT --><\/p>\n<p>Dies will der Verein <a title=\"myhappyend.org\" href=\"http:\/\/www.myhappyend.org\/\" target=\"_blank\" rel=\"noopener noreferrer\">MyHappyEnd<\/a>, der Zusammenschluss von sechzehn engagierten Schweizer Nonprofit-Organisationen, zu denen auch Greenpeace geh\u00f6rt, nachhaltig \u00e4ndern. Deshalb organisiert MyHappyEnd gemeinsam mit \u00e4hnlichen Kampagnen in Grossbritannien, Australien, Belgien, Irland, Kanada, Norwegen und Spanien am Dienstag, 13. September 2011 den ersten Internationalen Tag des Testaments. In der Schweiz wird der Anlass vom Schweizerischen Notarenverband (SNV\u2219FSN) unterst\u00fctzt.<\/p>\n<p>Zu diesem Anlass finden nebst einer Medienkonferenz in Bern diverse regionale Veranstaltungen statt. Greenpeace weiht einen Gedenkbaum ein f\u00fcr diejenigen Menschen, die unsere Organisation in der Vergangenheit im Testament bedacht haben.<\/p>\n<p>Greenpeace betreut seit bald 20 Jahren vertrauensvoll Erbschaften von Personen, die unsere Organisation im Testament bedenken. Wenn sie sich f\u00fcr das Thema interessieren, k\u00f6nnen Sie sich auf unserer <a href=\"\/switzerland\/de\/Spenden\/Legate-Testamente\/\" target=\"_self\" rel=\"noopener noreferrer\">Webseite<\/a> umschauen. Bei Interesse schicken wir Ihnen gerne unseren soeben erschienen Testament-Ratgeber mit dem Notizheft \u201eMeine W\u00fcnsche\u201c. Falls Sie vorerst mehr \u00fcber Motive und Entscheidungsprozesse erfahren m\u00f6chten, k\u00f6nnen wir Ihnen auch gerne kostenlos das Buch <a href=\"\/switzerland\/de\/Spenden\/Legate-Testamente\/Buchtipp\/\" target=\"_self\" rel=\"noopener noreferrer\">\u201eGeld &amp; Herzblut<\/a>\u201c zukommen lassen.<\/p>\n<p><!-- START DYNAMIC CONTENT --><\/p>\n<div class=\"listings items multy-border\">\n<h3 title=\"Weiterf\u00fchrende Links\">Weiterf\u00fchrende Links<\/h3>\n<div class=\"\">\n<ul>\n<li class=\"flexible-height\">\n    <a title=\"MyHappyEnd.org\" href=\"http:\/\/www.myhappyend.org\/\">MyHappyEnd.org<\/a>\t<\/p>\n<p class=\"contenttype\">Link<\/p>\n<\/li>\n<\/ul>\n<\/div>\n<\/div>\n<p><!-- START DYNAMIC CONTENT --><\/p>\n<div class=\"listings items multy-border\">\n<h3 title=\"Andere Dachkampagnen\">Andere Dachkampagnen<\/h3>\n<div class=\"\">\n<ul>\n<li class=\"flexible-height\">\n    <a title=\"http:\/\/www.rememberacharity.org.uk\" href=\"http:\/\/www.rememberacharity.org.uk\/\">http:\/\/www.rememberacharity.org.uk<\/a>\t<\/p>\n<p class=\"contenttype\">Link<\/p>\n<\/li>\n<li class=\"flexible-height\">\n    <a title=\"http:\/\/www.incl&#xdeac;harity.com.au\" href=\"http:\/\/www.incl&#xdeac;harity.com.au\/\">http:\/\/www.incl&#xdeac;harity.com.au<\/a>\t<\/p>\n<p class=\"contenttype\">Link<\/p>\n<\/li>\n<li class=\"flexible-height\">\n    <a title=\"http:\/\/www.testament.be\" href=\"http:\/\/www.testament.be\/\">http:\/\/www.testament.be<\/a>\t<\/p>\n<p class=\"contenttype\">Link<\/p>\n<\/li>\n<li class=\"flexible-height\">\n    <a title=\"http:\/\/www.mylegacy.ie\" href=\"http:\/\/www.mylegacy.ie\/\">http:\/\/www.mylegacy.ie<\/a>\t<\/p>\n<p class=\"contenttype\">Link<\/p>\n<\/li>\n<li class=\"flexible-height\">\n    <a title=\"http:\/\/www.leavealegacy.ca\" href=\"http:\/\/www.leavealegacy.ca\/\">http:\/\/www.leavealegacy.ca<\/a>\t<\/p>\n<p class=\"contenttype\">Link<\/p>\n<\/li>\n<li class=\"flexible-height\">\n    <a title=\"http:\/\/www.stiftelsensoriamoria.no\" href=\"http:\/\/www.stiftelsensoriamoria.no\/\">http:\/\/www.stiftelsensoriamoria.no<\/a>\t<\/p>\n<p class=\"contenttype\">Link<\/p>\n<\/li>\n<li class=\"flexible-height\">\n    <a title=\"http:\/\/www.legadosolidario.org\" href=\"http:\/\/www.legadosolidario.org\/\">http:\/\/www.legadosolidario.org<\/a>\t<\/p>\n<p class=\"contenttype\">Link<\/p>\n<\/li>\n<\/ul>\n<\/div>\n<\/div>\n<p> <!-- END DYNAMIC CONTENT -->\n<\/div>\n<\/p>\n<\/div>\n","protected":false},"excerpt":{"rendered":"<p>J\u00e4hrlich werden in der Schweiz rund dreissig Milliarden Franken vererbt. Davon gehen sch\u00e4tzungsweise ein bis eineinhalb Prozent an gemeinn\u00fctzige Organisationen \u2013 eine Zahl, die auch im internationalen Vergleich bescheiden ist.&hellip;<\/p>\n","protected":false},"author":23,"featured_media":13423,"comment_status":"closed","ping_status":"open","sticky":false,"template":"","format":"standard","meta":{"_acf_changed":false,"_planet4_optimize_post_is_variant":false,"_planet4_optimize_experiment_name":"","_planet4_optimize_variant_name":"","ep_exclude_from_search":false,"p4_og_title":"","p4_og_description":"","p4_og_image":"","p4_og_image_id":"","p4_seo_canonical_url":"","p4_campaign_name":"","p4_local_project":"","p4_basket_name":"","p4_department":"","footnotes":""},"categories":[1],"tags":[],"p4-page-type":[75],"gpch-article-type":[],"class_list":["post-14611","post","type-post","status-publish","format-standard","has-post-thumbnail","hentry","category-unkategorisiert","p4-page-type-story"],"acf":[],"_links":{"self":[{"href":"https:\/\/www.greenpeace.ch\/de\/wp-json\/wp\/v2\/posts\/14611","targetHints":{"allow":["GET"]}}],"collection":[{"href":"https:\/\/www.greenpeace.ch\/de\/wp-json\/wp\/v2\/posts"}],"about":[{"href":"https:\/\/www.greenpeace.ch\/de\/wp-json\/wp\/v2\/types\/post"}],"author":[{"embeddable":true,"href":"https:\/\/www.greenpeace.ch\/de\/wp-json\/wp\/v2\/users\/23"}],"replies":[{"embeddable":true,"href":"https:\/\/www.greenpeace.ch\/de\/wp-json\/wp\/v2\/comments?post=14611"}],"version-history":[{"count":0,"href":"https:\/\/www.greenpeace.ch\/de\/wp-json\/wp\/v2\/posts\/14611\/revisions"}],"wp:featuredmedia":[{"embeddable":true,"href":"https:\/\/www.greenpeace.ch\/de\/wp-json\/wp\/v2\/media\/13423"}],"wp:attachment":[{"href":"https:\/\/www.greenpeace.ch\/de\/wp-json\/wp\/v2\/media?parent=14611"}],"wp:term":[{"taxonomy":"category","embeddable":true,"href":"https:\/\/www.greenpeace.ch\/de\/wp-json\/wp\/v2\/categories?post=14611"},{"taxonomy":"post_tag","embeddable":true,"href":"https:\/\/www.greenpeace.ch\/de\/wp-json\/wp\/v2\/tags?post=14611"},{"taxonomy":"p4-page-type","embeddable":true,"href":"https:\/\/www.greenpeace.ch\/de\/wp-json\/wp\/v2\/p4-page-type?post=14611"},{"taxonomy":"gpch-article-type","embeddable":true,"href":"https:\/\/www.greenpeace.ch\/de\/wp-json\/wp\/v2\/gpch-article-type?post=14611"}],"curies":[{"name":"wp","href":"https:\/\/api.w.org\/{rel}","templated":true}]}}