{"id":14614,"date":"2011-09-14T00:00:00","date_gmt":"2011-09-13T22:00:00","guid":{"rendered":"https:\/\/master.greenpeace.ch\/beitrag\/14614\/arktis-auf-duennem-eis\/"},"modified":"2019-05-30T12:38:55","modified_gmt":"2019-05-30T10:38:55","slug":"arktis-auf-duennem-eis","status":"publish","type":"post","link":"https:\/\/www.greenpeace.ch\/de\/story\/14614\/arktis-auf-duennem-eis\/","title":{"rendered":"Arktis auf d\u00fcnnem Eis"},"content":{"rendered":"<p><b>In den n\u00e4chsten Tagen soll es definitiv best\u00e4tigt werden: Wie leider zu erwarten war liegt das diesj\u00e4hrige sommerliche Eisminimum in der Arktis noch tiefer als der Rekord der 2007 gemessen wurde. Dass dies ein Zeichen f\u00fcr die globale Erw\u00e4rmung und die schnell fortschreitenden Klimaver\u00e4nderungen ist, muss an dieser Stelle nicht weiter erkl\u00e4rt werden.<\/b><\/p>\n<div class=\"post-content\">\n<div>\n<p><strong>In den n\u00e4chsten Tagen soll es definitiv best\u00e4tigt werden: Wie leider zu erwarten war liegt das diesj\u00e4hrige sommerliche Eisminimum in der Arktis noch tiefer als der Rekord der 2007 gemessen wurde. Dass dies ein Zeichen f\u00fcr die globale Erw\u00e4rmung und die schnell fortschreitenden Klimaver\u00e4nderungen ist, muss an dieser Stelle nicht weiter erkl\u00e4rt werden.<\/strong><\/p>\n<p><!-- START DYNAMIC CONTENT --><\/p>\n<div class=\"events-box middle-box left\">\n<div class=\"frame\">\n        <a class=\"open-img EnlargeImage\" href=\"https:\/\/www.greenpeace.ch\/static\/planet4-switzerland-stateless\/2019\/05\/611d614c-611d614c-gp02hyo_layout.jpg\" title=\"Greenpeace und unabh\u00e4ngige Wissenschafler in der Arktis: Mit 3D Scanner werden die Eisdicke und das Eisvolumen in der Arktis aufgenommen.\"><br \/>\n            <img decoding=\"async\" id=\"ctl00_cphContentArea_epiEntryContent_ctl00_ctl02_Image1\" title=\"Greenpeace und unabh\u00e4ngige Wissenschafler in der Arktis: Mit 3D Scanner werden die Eisdicke und das Eisvolumen in der Arktis aufgenommen.\" class=\"Thumbnail\" src=\"https:\/\/www.greenpeace.ch\/static\/planet4-switzerland-stateless\/2019\/05\/611d614c-611d614c-gp02hyo_layout.jpg\" alt=\"Greenpeace und unabh\u00e4ngige Wissenschafler in der Arktis: Mit 3D Scanner werden die Eisdicke und das Eisvolumen in der Arktis aufgenommen.\" style=\"border-width:0px;\"><\/p>\n<p>        <\/a>\n    <\/div>\n<div class=\"events-content\">\n        <span class=\"date\"><\/span><br \/>\n        <strong>Greenpeace und unabh\u00e4ngige Wissenschafler in der Arktis: Mit 3D Scanner werden die Eisdicke und das Eisvolumen in der Arktis aufgenommen.<\/strong><\/p>\n<p>\n            \u00a9 Nick Cobbing \/ Greenpeace\n        <\/p>\n<\/p>\n<\/div>\n<\/div>\n<p> <!-- END DYNAMIC CONTENT --><\/p>\n<p>Zusammen mit unabh\u00e4ngigen Wissenschaftlern von der \u00abUniversity of Cambridge\u00bb untersucht Greenpeace im arktischen Meer die Eisdicke und das Eisvolumen.\u00a0 Mit einem speziellen \u00ab3D Laser-Scanner\u00bb kann das rasant schmelzende Eis erfasst und ausgewertet werden. \u00ab3D Scanner \u00e4ndern die Arbeitsweise in der Forschung entscheidend. Fr\u00fcher musste mit einem Messband Meter f\u00fcr Meter erfasst werden. Heute scannen wir eine riesige Eisfl\u00e4che mit einer hohen Aufl\u00f6sung und nehmen die Aufnahme mit nach Hause und so ins Labor f\u00fcr die Auswertung\u00bb, erkl\u00e4rt der Eis-Spezialist Till Wagner an Board des Eisbrechers \u00abArctic Sunrise\u00bb.<\/p>\n<p>Es ist ein Teufelskreis. Das arktische Eis schmilz und zerst\u00f6rt den Lebensraum von Eisb\u00e4ren und anderen arktischen Tieren. Durch das Fehlen des Eises wird zudem die Klimaver\u00e4nderung beschleunigt und vernichtet so die Heimat von tausenden Menschen am anderen Ende des Erdballs. Und trotzdem dringen gierige \u00d6l-Multis wie \u00abCairn Energy\u00bb in die Arktis vor und f\u00f6rdern an h\u00f6chst empfindlichen Stellen weiter \u00d6l. Profit vor allem: \u00abHomo oeconomicus\u00bb zeigt sich leider nicht nur in der Arktis in seiner ausgewachsenen Gestalt.<\/p>\n<\/div>\n<\/div>\n","protected":false},"excerpt":{"rendered":"<p>In den n\u00e4chsten Tagen soll es definitiv best\u00e4tigt werden: Wie leider zu erwarten war liegt das diesj\u00e4hrige sommerliche Eisminimum in der Arktis noch tiefer als der Rekord der 2007 gemessen&hellip;<\/p>\n","protected":false},"author":23,"featured_media":14616,"comment_status":"closed","ping_status":"open","sticky":false,"template":"","format":"standard","meta":{"_acf_changed":false,"_planet4_optimize_post_is_variant":false,"_planet4_optimize_experiment_name":"","_planet4_optimize_variant_name":"","ep_exclude_from_search":false,"p4_og_title":"","p4_og_description":"","p4_og_image":"","p4_og_image_id":"","p4_seo_canonical_url":"","p4_campaign_name":"","p4_local_project":"","p4_basket_name":"","p4_department":"","footnotes":""},"categories":[1],"tags":[50],"p4-page-type":[75],"gpch-article-type":[],"class_list":["post-14614","post","type-post","status-publish","format-standard","has-post-thumbnail","hentry","category-unkategorisiert","tag-klima","p4-page-type-story"],"acf":[],"_links":{"self":[{"href":"https:\/\/www.greenpeace.ch\/de\/wp-json\/wp\/v2\/posts\/14614","targetHints":{"allow":["GET"]}}],"collection":[{"href":"https:\/\/www.greenpeace.ch\/de\/wp-json\/wp\/v2\/posts"}],"about":[{"href":"https:\/\/www.greenpeace.ch\/de\/wp-json\/wp\/v2\/types\/post"}],"author":[{"embeddable":true,"href":"https:\/\/www.greenpeace.ch\/de\/wp-json\/wp\/v2\/users\/23"}],"replies":[{"embeddable":true,"href":"https:\/\/www.greenpeace.ch\/de\/wp-json\/wp\/v2\/comments?post=14614"}],"version-history":[{"count":0,"href":"https:\/\/www.greenpeace.ch\/de\/wp-json\/wp\/v2\/posts\/14614\/revisions"}],"wp:featuredmedia":[{"embeddable":true,"href":"https:\/\/www.greenpeace.ch\/de\/wp-json\/wp\/v2\/media\/14616"}],"wp:attachment":[{"href":"https:\/\/www.greenpeace.ch\/de\/wp-json\/wp\/v2\/media?parent=14614"}],"wp:term":[{"taxonomy":"category","embeddable":true,"href":"https:\/\/www.greenpeace.ch\/de\/wp-json\/wp\/v2\/categories?post=14614"},{"taxonomy":"post_tag","embeddable":true,"href":"https:\/\/www.greenpeace.ch\/de\/wp-json\/wp\/v2\/tags?post=14614"},{"taxonomy":"p4-page-type","embeddable":true,"href":"https:\/\/www.greenpeace.ch\/de\/wp-json\/wp\/v2\/p4-page-type?post=14614"},{"taxonomy":"gpch-article-type","embeddable":true,"href":"https:\/\/www.greenpeace.ch\/de\/wp-json\/wp\/v2\/gpch-article-type?post=14614"}],"curies":[{"name":"wp","href":"https:\/\/api.w.org\/{rel}","templated":true}]}}