{"id":14618,"date":"2011-09-15T00:00:00","date_gmt":"2011-09-14T22:00:00","guid":{"rendered":"https:\/\/master.greenpeace.ch\/beitrag\/14618\/das-transparenz-problem-der-axpo-wird-groesser-statt-kleiner\/"},"modified":"2019-05-30T12:39:00","modified_gmt":"2019-05-30T10:39:00","slug":"das-transparenz-problem-der-axpo-wird-groesser-statt-kleiner","status":"publish","type":"post","link":"https:\/\/www.greenpeace.ch\/de\/story\/14618\/das-transparenz-problem-der-axpo-wird-groesser-statt-kleiner\/","title":{"rendered":"Das Transparenz-Problem der Axpo wird gr\u00f6sser statt kleiner"},"content":{"rendered":"<p><b>Vor genau einem Jahr deckte die Rundschau des Schweizer Fernsehens \u2013 dank Greenpeace-Recherchen \u2013 auf,\u00a0 dass Schweizer AKWs einen Teil ihres Urans ausgerechnet aus dem verseuchten Mayak beziehen. Die \u00f6ffentliche Emp\u00f6rung und die Blamage f\u00fcr die Axpo waren gross. Die Betreiberin der AKW Beznau und Leibstadt gelobte Aufkl\u00e4rung ihrer Russland-Gesch\u00e4fte.<\/b><\/p>\n<div class=\"post-content\">\n<div>\n<p>Vor genau einem Jahr deckte die Rundschau des Schweizer Fernsehens \u2013 dank Greenpeace-Recherchen \u2013 auf,\u00a0 dass Schweizer AKWs einen Teil ihres Urans ausgerechnet aus dem verseuchten Mayak beziehen. Die \u00f6ffentliche Emp\u00f6rung und die Blamage f\u00fcr die Axpo waren gross. Die Betreiberin der AKW Beznau und Leibstadt gelobte Aufkl\u00e4rung ihrer Russland-Gesch\u00e4fte.<\/p>\n<p>In der Zwischenzeit hat die Axpo entgegen ihren wiederholten \u00f6ffentlichen Ank\u00fcndigungen kein bisschen mehr Transparenz geschaffen. Und skandal\u00f6ser noch: wie in einem <a href=\"http:\/\/www.videoportal.sf.tv\/video?id=0ab0a43f-279e-4d5a-8c86-4806224529c8\">Rundschau-Beitrag <\/a>von gestern bekannt wurde, hat sie bereits einen neuen Vertrag f\u00fcr Uranlieferungen aus Russland  abgeschlossen: Das Uran f\u00fcr die Brennstoffe des AKW Leibstadt stammt seit  einem Jahr aus der Atomfabrik Seversk, einer Anlage, die wie jene von Majak, ihre Umgebung weitr\u00e4umig radioaktiv verseucht. Diese Tatsache ist l\u00e4ngst bekannt und &#8211; unter anderem durch Schweizer Wissenschafter &#8211; belegt. Die Ausrede, man habe von nichts gewusst, z\u00e4hlt diesmal also nicht.<\/p>\n<p>Sp\u00e4testens seit den j\u00fcngsten Enth\u00fcllungen der Rundschau ist klar: Das Problem der Schweizer Atomindustrie mit der Transparenz w\u00e4chst sich zu einem Problem mit der &#8211; sagen wir mal &#8211; Redlichkeit aus.<\/p>\n<p><a href=\"http:\/\/www.greenpeace.org\/switzerland\/de\/Uber-uns\/Medienstelle\/Medienmitteilungen\/Medienmitteilung2\/\" target=\"_blank\" rel=\"noopener noreferrer\">Medienmitteilung vom 15. September 2011<\/a><\/p>\n<\/div>\n<\/div>\n","protected":false},"excerpt":{"rendered":"<p>Vor genau einem Jahr deckte die Rundschau des Schweizer Fernsehens \u2013 dank Greenpeace-Recherchen \u2013 auf,\u00a0 dass Schweizer AKWs einen Teil ihres Urans ausgerechnet aus dem verseuchten Mayak beziehen. Die \u00f6ffentliche&hellip;<\/p>\n","protected":false},"author":23,"featured_media":0,"comment_status":"closed","ping_status":"open","sticky":false,"template":"","format":"standard","meta":{"_acf_changed":false,"_planet4_optimize_post_is_variant":false,"_planet4_optimize_experiment_name":"","_planet4_optimize_variant_name":"","ep_exclude_from_search":false,"p4_og_title":"","p4_og_description":"","p4_og_image":"","p4_og_image_id":"","p4_seo_canonical_url":"","p4_campaign_name":"","p4_local_project":"","p4_basket_name":"","p4_department":"","footnotes":""},"categories":[1],"tags":[42],"p4-page-type":[75],"gpch-article-type":[],"class_list":["post-14618","post","type-post","status-publish","format-standard","hentry","category-unkategorisiert","tag-energie","p4-page-type-story"],"acf":[],"_links":{"self":[{"href":"https:\/\/www.greenpeace.ch\/de\/wp-json\/wp\/v2\/posts\/14618","targetHints":{"allow":["GET"]}}],"collection":[{"href":"https:\/\/www.greenpeace.ch\/de\/wp-json\/wp\/v2\/posts"}],"about":[{"href":"https:\/\/www.greenpeace.ch\/de\/wp-json\/wp\/v2\/types\/post"}],"author":[{"embeddable":true,"href":"https:\/\/www.greenpeace.ch\/de\/wp-json\/wp\/v2\/users\/23"}],"replies":[{"embeddable":true,"href":"https:\/\/www.greenpeace.ch\/de\/wp-json\/wp\/v2\/comments?post=14618"}],"version-history":[{"count":0,"href":"https:\/\/www.greenpeace.ch\/de\/wp-json\/wp\/v2\/posts\/14618\/revisions"}],"wp:attachment":[{"href":"https:\/\/www.greenpeace.ch\/de\/wp-json\/wp\/v2\/media?parent=14618"}],"wp:term":[{"taxonomy":"category","embeddable":true,"href":"https:\/\/www.greenpeace.ch\/de\/wp-json\/wp\/v2\/categories?post=14618"},{"taxonomy":"post_tag","embeddable":true,"href":"https:\/\/www.greenpeace.ch\/de\/wp-json\/wp\/v2\/tags?post=14618"},{"taxonomy":"p4-page-type","embeddable":true,"href":"https:\/\/www.greenpeace.ch\/de\/wp-json\/wp\/v2\/p4-page-type?post=14618"},{"taxonomy":"gpch-article-type","embeddable":true,"href":"https:\/\/www.greenpeace.ch\/de\/wp-json\/wp\/v2\/gpch-article-type?post=14618"}],"curies":[{"name":"wp","href":"https:\/\/api.w.org\/{rel}","templated":true}]}}