{"id":14628,"date":"2011-09-08T00:00:00","date_gmt":"2011-09-07T22:00:00","guid":{"rendered":"https:\/\/master.greenpeace.ch\/beitrag\/14628\/klartext-vom-bundesrat-keine-akw-der-neuen-generation\/"},"modified":"2019-05-30T12:39:23","modified_gmt":"2019-05-30T10:39:23","slug":"klartext-vom-bundesrat-keine-akw-der-neuen-generation","status":"publish","type":"post","link":"https:\/\/www.greenpeace.ch\/de\/story\/14628\/klartext-vom-bundesrat-keine-akw-der-neuen-generation\/","title":{"rendered":"Klartext vom Bundesrat: Keine AKW der neuen Generation"},"content":{"rendered":"<p><b>Der Bundesrat will das Kapitel Atomkraft in der Schweiz definitiv schliessen und keine T\u00fcre f\u00fcr AKW der \u201eneuen\u201c Generation offen lassen. Dies hat er heute in aller w\u00fcnschbaren Deutlichkeit klar gemacht in seiner Antwort auf einen Vorstoss von St\u00e4nderat Gutzwiller. Dieser verlangt, dass nur der Bau von AKW der \u201eaktuellen Reaktorgeneration\u201c verboten, der Bau von AKW der so genannten vierten Generation hingegen weiter zugelassen werden soll.<\/b><\/p>\n<div class=\"post-content\">\n<div>\n<p>Der Bundesrat will das Kapitel Atomkraft in der Schweiz definitiv schliessen und keine T\u00fcre f\u00fcr AKW der \u201eneuen\u201c Generation offen lassen. Dies hat er heute in aller w\u00fcnschbaren Deutlichkeit klar gemacht in seiner Antwort auf einen Vorstoss von St\u00e4nderat Gutzwiller. Dieser verlangt, dass nur der Bau von AKW der \u201eaktuellen Reaktorgeneration\u201c verboten, der Bau von AKW der so genannten vierten Generation hingegen weiter zugelassen werden soll.<\/p>\n<p><!-- START DYNAMIC CONTENT --><\/p>\n<div class=\"listings items\">\n<h3 title=\"Factsheet\">Factsheet<\/h3>\n<div class=\"\">\n<ul>\n<li>\n    <a title=\"Reaktoren IV Generation\" href=\"https:\/\/www.greenpeace.ch\/wp-content\/uploads\/2017\/01\/110825_FS_ReaktorenNeueGeneration_Greenpeace_DE.pdf\">Reaktoren IV Generation<\/a>\t<\/p>\n<p class=\"contenttype\">Dokument<\/p>\n<div class=\"text\">\n<p>\n    <a title=\"Mehr...\" href=\"https:\/\/www.greenpeace.ch\/wp-content\/uploads\/2017\/01\/110825_FS_ReaktorenNeueGeneration_Greenpeace_DE.pdf\">Mehr&#8230;<\/a><\/p>\n<\/div>\n<\/li>\n<\/ul>\n<\/div>\n<\/div>\n<p> <!-- END DYNAMIC CONTENT --><\/p>\n<p>Die Forderung, nur den Bau von Reaktoren der aktuellen Generation zu verbieten, \u00abw\u00fcrde die Option Kernenergie v\u00f6llig offen lassen und zu grosser Unsicherheit f\u00fchren. Was w\u00e4re eine neue verf\u00fcgbare Reaktortechnologie? Wer definiert diese? Der Bundesrat verschliesst sich allf\u00e4lligen technischen Neuerungen nicht. Doch sollte bis dahin der Weg des Nicht-Ersatzes der KKW unmissverst\u00e4ndlich befolgt werden\u00bb, so der Bundesrat.<\/p>\n<p>Diese klare Haltung ist hoch erfreulich. AKW der neuen Generation w\u00fcrden \u2013 wenn \u00fcberhaupt \u2013 erst 2055 in der Schweiz ans Netz kommen und es ist schon heute klar: den\u00a0 perfekten Atomreaktor ohne Restrisiko und ohne Atomm\u00fcll wird es nie geben. Was die Schweiz jetzt braucht, ist ein klarer Ausstiegsentscheid, damit die Investitionen in erneuerbare Energien und Effizienz endlich ausgel\u00f6st werden. <\/p>\n<p>Zu dieser Einsicht muss am 28. September auch der St\u00e4nderat kommen: Nur ein Atomausstieg ohne wenn und aber macht den Weg frei zu einer nachhaltigen Stromversorgung.<\/p>\n<\/div>\n<\/div>\n","protected":false},"excerpt":{"rendered":"<p>Der Bundesrat will das Kapitel Atomkraft in der Schweiz definitiv schliessen und keine T\u00fcre f\u00fcr AKW der \u201eneuen\u201c Generation offen lassen. Dies hat er heute in aller w\u00fcnschbaren Deutlichkeit klar&hellip;<\/p>\n","protected":false},"author":23,"featured_media":0,"comment_status":"closed","ping_status":"open","sticky":false,"template":"","format":"standard","meta":{"_acf_changed":false,"_planet4_optimize_post_is_variant":false,"_planet4_optimize_experiment_name":"","_planet4_optimize_variant_name":"","ep_exclude_from_search":false,"p4_og_title":"","p4_og_description":"","p4_og_image":"","p4_og_image_id":"","p4_seo_canonical_url":"","p4_campaign_name":"","p4_local_project":"","p4_basket_name":"","p4_department":"","footnotes":""},"categories":[1],"tags":[42],"p4-page-type":[75],"gpch-article-type":[],"class_list":["post-14628","post","type-post","status-publish","format-standard","hentry","category-unkategorisiert","tag-energie","p4-page-type-story"],"acf":[],"_links":{"self":[{"href":"https:\/\/www.greenpeace.ch\/de\/wp-json\/wp\/v2\/posts\/14628","targetHints":{"allow":["GET"]}}],"collection":[{"href":"https:\/\/www.greenpeace.ch\/de\/wp-json\/wp\/v2\/posts"}],"about":[{"href":"https:\/\/www.greenpeace.ch\/de\/wp-json\/wp\/v2\/types\/post"}],"author":[{"embeddable":true,"href":"https:\/\/www.greenpeace.ch\/de\/wp-json\/wp\/v2\/users\/23"}],"replies":[{"embeddable":true,"href":"https:\/\/www.greenpeace.ch\/de\/wp-json\/wp\/v2\/comments?post=14628"}],"version-history":[{"count":0,"href":"https:\/\/www.greenpeace.ch\/de\/wp-json\/wp\/v2\/posts\/14628\/revisions"}],"wp:attachment":[{"href":"https:\/\/www.greenpeace.ch\/de\/wp-json\/wp\/v2\/media?parent=14628"}],"wp:term":[{"taxonomy":"category","embeddable":true,"href":"https:\/\/www.greenpeace.ch\/de\/wp-json\/wp\/v2\/categories?post=14628"},{"taxonomy":"post_tag","embeddable":true,"href":"https:\/\/www.greenpeace.ch\/de\/wp-json\/wp\/v2\/tags?post=14628"},{"taxonomy":"p4-page-type","embeddable":true,"href":"https:\/\/www.greenpeace.ch\/de\/wp-json\/wp\/v2\/p4-page-type?post=14628"},{"taxonomy":"gpch-article-type","embeddable":true,"href":"https:\/\/www.greenpeace.ch\/de\/wp-json\/wp\/v2\/gpch-article-type?post=14628"}],"curies":[{"name":"wp","href":"https:\/\/api.w.org\/{rel}","templated":true}]}}