{"id":14634,"date":"2011-09-07T00:00:00","date_gmt":"2011-09-06T22:00:00","guid":{"rendered":"https:\/\/master.greenpeace.ch\/beitrag\/14634\/atomausstieg\/"},"modified":"2019-05-30T12:39:40","modified_gmt":"2019-05-30T10:39:40","slug":"atomausstieg","status":"publish","type":"post","link":"https:\/\/www.greenpeace.ch\/de\/story\/14634\/atomausstieg\/","title":{"rendered":"Atomausstieg"},"content":{"rendered":"<p><b>Die aufr\u00fcttelnde Atomkatastrophe von Fukushima markiert in vielen L\u00e4ndern einen energiepolitischen Wendepunkt. In der Schweiz haben zwei Gremien bereits weitsichtig reagiert: der Bundesrat am 25. Mai und der Nationalrat am 8. Juni 2011.<\/b><\/p>\n<div>\n<p><strong>In der ausserordentlichen Session vom Mittwoch, 28. September 2011, entscheidet nun auch noch der St\u00e4nderat \u00fcber den Atomausstieg. Die Vorzeichen stehen auf Sturm: <\/strong><\/p>\n<p>Entgegen  dem Entscheid des Bundes- und des Nationalrates f\u00fcr einen schrittweisen  Ausstieg aus der Atomkraft, hat die vorbereitende Energiekommission  (UREK-S) Anfang September dem St\u00e4nderat die Annahme eines verw\u00e4sserten  Ausstiegs mit der Klausel \u00abReaktoren der heutigen Genration\u00bb empfohlen. Nun hat die UREK-S \u00fcberraschend den Satz \u00abheutige Generation\u00bb  wieder gestrichten. <\/p>\n<p>Wird nun der St\u00e4nderat den Nationalrat und  die Regierung unterst\u00fctzen? Macht er den Weg frei f\u00fcr die Ausarbeitung  der n\u00f6tigen Ausstiegsgesetze? Oder l\u00e4sst er die T\u00fcr f\u00fcr die Atomkraft  offen?<\/p>\n<p><!-- START DYNAMIC CONTENT --><\/p>\n<div class=\"events-box big-box left\">\n<div class=\"frame\">\n        <a class=\"open-img EnlargeImage\" href=\"https:\/\/www.greenpeace.ch\/static\/planet4-switzerland-stateless\/2019\/05\/bad561d0-bad561d0-4in1row.jpg\" title=\"Inserate im Vorfeld - werden sie n\u00fctzen?\"><br \/>\n            <img decoding=\"async\" id=\"ctl00_cphContentArea_Property3_ctl00_ctl02_Image1\" title=\"Inserate im Vorfeld - werden sie n\u00fctzen?\" class=\"Thumbnail\" src=\"https:\/\/www.greenpeace.ch\/static\/planet4-switzerland-stateless\/2019\/05\/bad561d0-bad561d0-4in1row.jpg\" alt=\"Inserate im Vorfeld - werden sie n\u00fctzen?\" style=\"border-width:0px;\"><\/p>\n<p>        <\/a>\n    <\/div>\n<div class=\"events-content hidden-paragraph\">\n        <span class=\"date\"><\/span><br \/>\n        <strong>Inserate im Vorfeld &#8211; werden sie n\u00fctzen?<\/strong><\/p>\n<\/p>\n<\/div>\n<\/div>\n<p>\u00a0<\/p>\n<h3>Was man tun kann<\/h3>\n<p>Ab Mittwoch 28.09.2011, ca. 09:30h kann die Debatte live auf <a href=\"http:\/\/www.parlament.ch\/\" target=\"_blank\" rel=\"noopener noreferrer\">www.parlament.ch<\/a> verfolgt werden.<\/p>\n<p>&gt; <a href=\"http:\/\/www.parlament.ch\/d\/sessionen\/webtvlive\/Seiten\/default.aspx?rat=s&amp;format=flv\" target=\"_blank\" rel=\"noopener noreferrer\">Zur Live\u00fcbertragung (Flash)<\/a><br \/>&gt; <a href=\"http:\/\/www.parlament.ch\/d\/sessionen\/webtvlive\/Seiten\/default.aspx?rat=s\" target=\"_blank\" rel=\"noopener noreferrer\">Zur Live\u00fcbertragung (Windows Media)<\/a><\/p>\n<p>Dem Schweiz. Parlament kann man auf verschiedenen Wegen seine Meinung kundtun:<\/p>\n<p>&gt; Zur <a href=\"https:\/\/www.facebook.com\/pages\/Schweizer-Parlament-Parlement-suisse-Parlamento-svizzero\/345958796467\" target=\"_blank\" rel=\"noopener noreferrer\">Facebook Seite des Schweiz. Parlaments<\/a><\/p>\n<p>&gt; Zum <a href=\"http:\/\/twitter.com\/chparlament\" target=\"_blank\" rel=\"noopener noreferrer\">Twitterstream des Schweiz. Parlaments<\/a> (@chparlament)<\/p>\n<\/div>\n","protected":false},"excerpt":{"rendered":"<p>Die aufr\u00fcttelnde Atomkatastrophe von Fukushima markiert in vielen L\u00e4ndern einen energiepolitischen Wendepunkt. In der Schweiz haben zwei Gremien bereits weitsichtig reagiert: der Bundesrat am 25. Mai und der Nationalrat am&hellip;<\/p>\n","protected":false},"author":23,"featured_media":14636,"comment_status":"closed","ping_status":"open","sticky":false,"template":"","format":"standard","meta":{"_acf_changed":false,"_planet4_optimize_post_is_variant":false,"_planet4_optimize_experiment_name":"","_planet4_optimize_variant_name":"","ep_exclude_from_search":false,"p4_og_title":"","p4_og_description":"","p4_og_image":"","p4_og_image_id":"","p4_seo_canonical_url":"","p4_campaign_name":"","p4_local_project":"","p4_basket_name":"","p4_department":"","footnotes":""},"categories":[1],"tags":[],"p4-page-type":[75],"gpch-article-type":[],"class_list":["post-14634","post","type-post","status-publish","format-standard","has-post-thumbnail","hentry","category-unkategorisiert","p4-page-type-story"],"acf":[],"_links":{"self":[{"href":"https:\/\/www.greenpeace.ch\/de\/wp-json\/wp\/v2\/posts\/14634","targetHints":{"allow":["GET"]}}],"collection":[{"href":"https:\/\/www.greenpeace.ch\/de\/wp-json\/wp\/v2\/posts"}],"about":[{"href":"https:\/\/www.greenpeace.ch\/de\/wp-json\/wp\/v2\/types\/post"}],"author":[{"embeddable":true,"href":"https:\/\/www.greenpeace.ch\/de\/wp-json\/wp\/v2\/users\/23"}],"replies":[{"embeddable":true,"href":"https:\/\/www.greenpeace.ch\/de\/wp-json\/wp\/v2\/comments?post=14634"}],"version-history":[{"count":0,"href":"https:\/\/www.greenpeace.ch\/de\/wp-json\/wp\/v2\/posts\/14634\/revisions"}],"wp:featuredmedia":[{"embeddable":true,"href":"https:\/\/www.greenpeace.ch\/de\/wp-json\/wp\/v2\/media\/14636"}],"wp:attachment":[{"href":"https:\/\/www.greenpeace.ch\/de\/wp-json\/wp\/v2\/media?parent=14634"}],"wp:term":[{"taxonomy":"category","embeddable":true,"href":"https:\/\/www.greenpeace.ch\/de\/wp-json\/wp\/v2\/categories?post=14634"},{"taxonomy":"post_tag","embeddable":true,"href":"https:\/\/www.greenpeace.ch\/de\/wp-json\/wp\/v2\/tags?post=14634"},{"taxonomy":"p4-page-type","embeddable":true,"href":"https:\/\/www.greenpeace.ch\/de\/wp-json\/wp\/v2\/p4-page-type?post=14634"},{"taxonomy":"gpch-article-type","embeddable":true,"href":"https:\/\/www.greenpeace.ch\/de\/wp-json\/wp\/v2\/gpch-article-type?post=14634"}],"curies":[{"name":"wp","href":"https:\/\/api.w.org\/{rel}","templated":true}]}}