{"id":14640,"date":"2011-09-09T00:00:00","date_gmt":"2011-09-08T22:00:00","guid":{"rendered":"https:\/\/master.greenpeace.ch\/beitrag\/14640\/volkswagen-das-problem\/"},"modified":"2019-05-30T12:39:51","modified_gmt":"2019-05-30T10:39:51","slug":"volkswagen-das-problem","status":"publish","type":"post","link":"https:\/\/www.greenpeace.ch\/de\/story\/14640\/volkswagen-das-problem\/","title":{"rendered":"Volkswagen &#8211; Das Problem"},"content":{"rendered":"<p><b>Zoom<\/p>\n<p>        Greenpeace-Banner an der Volkswagen-Zentrale in Wolfsburg.<\/p>\n<p>            \u00a9 Gordon Welters\/Greenpeace<\/p>\n<p>  Climate change made in Germany &#8211; diese Botschaft hing am Donnerstag am Volkswagen-Hauptgeb\u00e4ude in Wolfsburg genau unter dem Firmenlogo. Greenpeace-Aktivisten  forderten mit dem 16 x 7 Meter gro\u00dfen Banner den europaweit gr\u00f6\u00dften  Autohersteller dazu auf, seiner Verantwortung f\u00fcr den Klimawandel  gerecht zu werden. Die Aktion selbst war nicht von langer Dauer, die  Aufmerksamkeit jedoch schon, vor allem im Internet.<\/b><\/p>\n<div class=\"post-content\">\n<div>\n<p><em><!-- START DYNAMIC CONTENT --><\/p>\n<div class=\"events-box small-box left\">\n<div class=\"frame\">\n        <a class=\"open-img EnlargeImage\" href=\"https:\/\/www.greenpeace.ch\/static\/planet4-switzerland-stateless\/2019\/05\/217efbc0-217efbc0-problem62cd56831a.jpg\" title=\"Greenpeace-Banner an der Volkswagen-Zentrale in Wolfsburg.\"><br \/>\n            <img decoding=\"async\" id=\"ctl00_cphContentArea_epiEntryContent_ctl00_ctl02_Image1\" title=\"Greenpeace-Banner an der Volkswagen-Zentrale in Wolfsburg.\" class=\"Thumbnail\" src=\"https:\/\/www.greenpeace.ch\/static\/planet4-switzerland-stateless\/2019\/05\/217efbc0-217efbc0-problem62cd56831a.jpg\" alt=\"Greenpeace-Banner an der Volkswagen-Zentrale in Wolfsburg.\" style=\"border-width:0px;\"><\/p>\n<p>        <\/a>\n    <\/div>\n<div class=\"events-content\">\n        <span class=\"date\"><\/span><br \/>\n        <strong>Greenpeace-Banner an der Volkswagen-Zentrale in Wolfsburg.<\/strong><\/p>\n<p>\n            \u00a9 Gordon Welters\/Greenpeace\n        <\/p>\n<\/p>\n<\/div>\n<\/div>\n<p> <!-- END DYNAMIC CONTENT --> <strong>Climate change made in Germany<\/strong><\/em><strong> &#8211; diese Botschaft hing am Donnerstag am Volkswagen-Hauptgeb\u00e4ude in Wolfsburg genau unter dem Firmenlogo. <span lang=\"en\">Greenpeace<\/span>-Aktivisten  forderten mit dem 16 x 7 Meter gro\u00dfen Banner den europaweit gr\u00f6\u00dften  Autohersteller dazu auf, seiner Verantwortung f\u00fcr den Klimawandel  gerecht zu werden. Die Aktion selbst war nicht von langer Dauer, die  Aufmerksamkeit jedoch schon, vor allem im Internet.<\/strong><\/p>\n<p>&#171;Mit aktiver Lobbyarbeit gegen Klimaschutz vorgehen, das spielt sich hinter den Kulissen des Autobauers wirklich ab&#187;, sagt Wolfgang Lohbeck, Verkehrsexperte von Greenpeace. &#171;VW l\u00e4sst Millionen von Euro springen, um den Gesetzgeber von strengeren Vorschriften f\u00fcr Abgase abzuhalten. Gleichzeitig pr\u00e4sentiert sich der Konzern nach au\u00dfen als nachhaltig und um die Umwelt besorgt. So lange das meistverkaufte Golfmodell in seiner Basisversion sechseinhalb Liter verbraucht, ist das eine Irref\u00fchrung.&#187;<\/p>\n<p><!-- START DYNAMIC CONTENT --><\/p>\n<div class=\"events-box small-box right\">\n<div class=\"frame\">\n        <a class=\"open-img EnlargeImage\" href=\"https:\/\/www.greenpeace.ch\/static\/planet4-switzerland-stateless\/2019\/05\/986525d5-986525d5-problem381719644d.jpg\" title=\"Greenpeace-Banner an der Volkswagen-Zentrale in Wolfsburg.\"><br \/>\n            <img decoding=\"async\" id=\"ctl00_cphContentArea_epiEntryContent_ctl00_ctl04_Image1\" title=\"Greenpeace-Banner an der Volkswagen-Zentrale in Wolfsburg.\" class=\"Thumbnail\" src=\"https:\/\/www.greenpeace.ch\/static\/planet4-switzerland-stateless\/2019\/05\/986525d5-986525d5-problem381719644d.jpg\" alt=\"Greenpeace-Banner an der Volkswagen-Zentrale in Wolfsburg.\" style=\"border-width:0px;\"><\/p>\n<p>        <\/a>\n    <\/div>\n<div class=\"events-content\">\n        <span class=\"date\"><\/span><br \/>\n        <strong>Greenpeace-Banner an der Volkswagen-Zentrale in Wolfsburg.<\/strong><\/p>\n<p>\n            \u00a9 Gordon Welters\/Greenpeace<\/p>\n<\/p>\n<\/div>\n<\/div>\n<p> <!-- END DYNAMIC CONTENT -->Etwa 60 Millionen Tonnen CO2 sto\u00dfen die innerhalb eines Jahres vom Volkswagen Konzern europaweit verkauften Autos w\u00e4hrend ihrer Nutzungsdauer aus. Das ist fast genauso viel wie die beiden gr\u00f6\u00dften europ\u00e4ischen Konkurrenten PSA, mit den Marken Peugeot und Citroen, und Ford gemeinsam erzeugen und doppelt so viel wie die Autos von BMW und Daimler zusammen aussto\u00dfen. Dabei k\u00f6nnte VW mit der l\u00e4ngst vorhandenen Technik seine Klimabilanz erheblich verkleinern.<\/p>\n<h3>Klimaschutz nur f\u00fcr zahlungskr\u00e4ftige Kunden<\/h3>\n<p>Allerdings kommen nur zahlungskr\u00e4ftige Kunden bislang in den Genuss dieser Technik &#8211; denn die wird nur gegen Aufpreis angeboten. Die Mehrkosten f\u00fcr die von VW als Blue Motion oder Blue Motion-Technology bezeichnete Spartechnologie liegen um ein Mehrfaches \u00fcber den Herstellungskosten. Daher fordert Greenpeace von Volkswagen, seine vorhandene Spartechnik komplett und ohne Aufpreis in Serie zu bringen und seinen Widerstand gegen europ\u00e4ischen Klimaschutz aufzugeben.<\/p>\n<p>Aber nicht nur VW wird als Hersteller von Greenpeace zum Handeln aufgefordert. Auch die anderen Autokonzerne sind gefragt. &#171;Autos mit sechs Litern Verbrauch sind unverantwortlich, egal von welchem Hersteller. VW muss wegen seines hohen Gesamtausto\u00dfes an CO2 vorangehen.&#187; Auf die Forderungen der unabh\u00e4ngigen Umweltschutzorganisation hat der Konzern bisher aber noch nicht reagiert.<\/p>\n<p>Bereits im Juni dieses Jahres hatte Greenpeace im Internet mit der Parodie eines VW-Werbefilms dazu aufgerufen, dass der Konzern sich f\u00fcr mehr Klimaschutz einsetzt. Der Film in der von VW gew\u00e4hlten Star Wars-Thematik wirft ein Licht auf die dunkle Seite des Konzerns. Besucher der Website <a href=\"http:\/\/www.vwdarkside.com\/\" target=\"_blank\" rel=\"noopener noreferrer\">www.vwdarkside.com<\/a> k\u00f6nnen sich an der Greenpeace-Kampagne beteiligen.<\/p>\n<\/div>\n<\/div>\n","protected":false},"excerpt":{"rendered":"<p>Zoom Greenpeace-Banner an der Volkswagen-Zentrale in Wolfsburg. \u00a9 Gordon Welters\/Greenpeace Climate change made in Germany &#8211; diese Botschaft hing am Donnerstag am Volkswagen-Hauptgeb\u00e4ude in Wolfsburg genau unter dem Firmenlogo. Greenpeace-Aktivisten&hellip;<\/p>\n","protected":false},"author":23,"featured_media":14642,"comment_status":"closed","ping_status":"open","sticky":false,"template":"","format":"standard","meta":{"_acf_changed":false,"_planet4_optimize_post_is_variant":false,"_planet4_optimize_experiment_name":"","_planet4_optimize_variant_name":"","ep_exclude_from_search":false,"p4_og_title":"","p4_og_description":"","p4_og_image":"","p4_og_image_id":"","p4_seo_canonical_url":"","p4_campaign_name":"","p4_local_project":"","p4_basket_name":"","p4_department":"","footnotes":""},"categories":[1],"tags":[50],"p4-page-type":[75],"gpch-article-type":[],"class_list":["post-14640","post","type-post","status-publish","format-standard","has-post-thumbnail","hentry","category-unkategorisiert","tag-klima","p4-page-type-story"],"acf":[],"_links":{"self":[{"href":"https:\/\/www.greenpeace.ch\/de\/wp-json\/wp\/v2\/posts\/14640","targetHints":{"allow":["GET"]}}],"collection":[{"href":"https:\/\/www.greenpeace.ch\/de\/wp-json\/wp\/v2\/posts"}],"about":[{"href":"https:\/\/www.greenpeace.ch\/de\/wp-json\/wp\/v2\/types\/post"}],"author":[{"embeddable":true,"href":"https:\/\/www.greenpeace.ch\/de\/wp-json\/wp\/v2\/users\/23"}],"replies":[{"embeddable":true,"href":"https:\/\/www.greenpeace.ch\/de\/wp-json\/wp\/v2\/comments?post=14640"}],"version-history":[{"count":0,"href":"https:\/\/www.greenpeace.ch\/de\/wp-json\/wp\/v2\/posts\/14640\/revisions"}],"wp:featuredmedia":[{"embeddable":true,"href":"https:\/\/www.greenpeace.ch\/de\/wp-json\/wp\/v2\/media\/14642"}],"wp:attachment":[{"href":"https:\/\/www.greenpeace.ch\/de\/wp-json\/wp\/v2\/media?parent=14640"}],"wp:term":[{"taxonomy":"category","embeddable":true,"href":"https:\/\/www.greenpeace.ch\/de\/wp-json\/wp\/v2\/categories?post=14640"},{"taxonomy":"post_tag","embeddable":true,"href":"https:\/\/www.greenpeace.ch\/de\/wp-json\/wp\/v2\/tags?post=14640"},{"taxonomy":"p4-page-type","embeddable":true,"href":"https:\/\/www.greenpeace.ch\/de\/wp-json\/wp\/v2\/p4-page-type?post=14640"},{"taxonomy":"gpch-article-type","embeddable":true,"href":"https:\/\/www.greenpeace.ch\/de\/wp-json\/wp\/v2\/gpch-article-type?post=14640"}],"curies":[{"name":"wp","href":"https:\/\/api.w.org\/{rel}","templated":true}]}}