{"id":14649,"date":"2011-09-02T00:00:00","date_gmt":"2011-09-01T22:00:00","guid":{"rendered":"https:\/\/master.greenpeace.ch\/beitrag\/14649\/die-gierige-welt-der-arktis-oelfoerderer\/"},"modified":"2019-05-30T12:40:05","modified_gmt":"2019-05-30T10:40:05","slug":"die-gierige-welt-der-arktis-oelfoerderer","status":"publish","type":"post","link":"https:\/\/www.greenpeace.ch\/de\/story\/14649\/die-gierige-welt-der-arktis-oelfoerderer\/","title":{"rendered":"Die gierige Welt der Arktis \u00d6lf\u00f6rderer"},"content":{"rendered":"<p><b>Zoom<\/p>\n<p>        Bedrohtes Paradies<\/p>\n<p>            \u00a9 Greenpeace<\/b><\/p>\n<div class=\"post-content\">\n<div>\n<p><strong><!-- START DYNAMIC CONTENT --><\/p>\n<div class=\"events-box small-box right\">\n<div class=\"frame\">\n        <a class=\"open-img EnlargeImage\" href=\"https:\/\/www.greenpeace.ch\/static\/planet4-switzerland-stateless\/2019\/05\/7780f5f0-7780f5f0-gp02414_web.jpg\" title=\"Bedrohtes Paradies\"><br \/>\n            <img decoding=\"async\" id=\"ctl00_cphContentArea_epiEntryContent_ctl00_ctl02_Image1\" title=\"Bedrohtes Paradies\" class=\"Thumbnail\" src=\"https:\/\/www.greenpeace.ch\/static\/planet4-switzerland-stateless\/2019\/05\/7780f5f0-7780f5f0-gp02414_web.jpg\" alt=\"Bedrohtes Paradies\" style=\"border-width:0px;\"><\/p>\n<p>        <\/a>\n    <\/div>\n<div class=\"events-content\">\n        <span class=\"date\"><\/span><br \/>\n        <strong>Bedrohtes Paradies<\/strong><\/p>\n<p>\n            \u00a9 Greenpeace\n        <\/p>\n<\/p>\n<\/div>\n<\/div>\n<p> <!-- END DYNAMIC CONTENT --><\/strong><\/p>\n<p><strong>Zwei Dinge, die nicht gerade Mut machen, sickerten gestern aus der gierigen Welt der Arktis-\u00d6lbohrungen durch.<\/strong><\/p>\n<p>Zuerst warf der \u00d6lpest-Experte Richard Steiner einen genaueren Blick auf den inzwischen zug\u00e4nglichen Gr\u00f6nland-\u00d6lpestplan von Cairn Energy. Dabei stellte sich heraus, dass der Plan viel Wunschdenken und wenig bahnbrechende L\u00f6sungsans\u00e4tze bereit stellt. Im Gegenteil, einige Passagen sind geradezu grotesk. Beispielsweise sieht er vor, \u00f6lverschmutzte Eisbrocken abzutrennen, in einer geheizten Halle zu erhitzen und das schmelzende Wasser vom \u00d6l zu trennen (S. 70). F\u00fcr Cairn Energy stellt all dies kein Problem dar, der Plan ist schliesslich von der gr\u00f6nl\u00e4ndischen Regierung abgesegnet. Wen das wohl beruhigen mag? Wenn man solche Dinge erf\u00e4hrt, k\u00f6nnte man meinen, die \u00d6lpest im Golf von Mexico sei vor 100 Jahren passiert und nicht letztes Jahr.<\/p>\n<p><!-- START DYNAMIC CONTENT --><\/p>\n<div class=\"listings items multy-border\">\n<h3 title=\"Weiterf\u00fchrende Information\">Weiterf\u00fchrende Information<\/h3>\n<div class=\"\">\n<ul>\n<li class=\"flexible-height\">\n    <a title=\"\u00dcbersichtsseite Arktis\" href=\"\/switzerland\/de\/Themen\/Stromzukunft-Schweiz\/Klima\/arctic-impacts\/\"><br \/>\n            <span><br \/>\n\t            <img decoding=\"async\" title=\"\u00dcbersichtsseite Arktis\" src=\"https:\/\/www.greenpeace.ch\/static\/planet4-switzerland-stateless\/2019\/05\/49893237-49893237-polarbear-reflection.jpg\" alt=\"\u00dcbersichtsseite Arktis\" style=\"border-width:0px;\"><br \/>\n\t        <\/span><br \/>\n\t    \u00dcbersichtsseite Arktis<\/a>\t<\/p>\n<p class=\"contenttype\">\u00dcbersichtsseite<\/p>\n<\/li>\n<li class=\"flexible-height\">\n    <a title=\"Cairns Energy Greenland oilspill-response plan (Engl.)\" href=\"https:\/\/www.greenpeace.ch\/wp-content\/uploads\/2017\/01\/cairn-spill-response-plan.pdf\">Cairns Energy Greenland oilspill-response plan (Engl.)<\/a>\t<\/p>\n<p class=\"contenttype\">Dokument<\/p>\n<\/li>\n<li class=\"flexible-height\">\n    <a title=\"Petition an den Gr\u00f6nl\u00e4ndischen Premier-Minister (Engl.)\" href=\"http:\/\/e-activist.com\/ea-action\/action?ea.client.id=18&amp;ea.campaign.id=11834&amp;utm_source=ebulletin20110831cairnspillresponse&amp;utm_medium=email&amp;utm_term=beyondoil&amp;utm_campaign=climate\" target=\"_blank\" rel=\"noopener noreferrer\">Petition an den Gr\u00f6nl\u00e4ndischen Premier-Minister (Engl.)<\/a>\t<\/p>\n<p class=\"contenttype\">Link<\/p>\n<\/li>\n<\/ul>\n<\/div>\n<\/div>\n<p> <!-- END DYNAMIC CONTENT --><\/p>\n<p>Desweiteren wurde der Mega-deal zwischen den \u00d6lgiganten Exxon und Rosneft bekannt. F\u00fcr jene, die sich nicht mehr erinnern: die Sp\u00e4tfolgen der Havarie der &#171;Exxon Valdez&#187; in Alaska 1989 sind noch heute sp\u00fcrbar.<\/p>\n<p>Durchwegs leider schlechte Neuigkeiten. \u00d6lfirmen wollen die in der Arktis vermuteten \u00d6lfelder mittels Tiefseebohrungen anzapfen, weil die Zeiten der einfachen \u00d6lgewinnung vorbei sind. Dass sie dabei die direkten Folgen des Klimawandels (schmelzendes Eis) direkt vor ihren Augen haben, k\u00fcmmert sie nicht weiter. Nun gut, wen \u00fcberrascht das?<\/p>\n<p>Aber ob wir es wollen oder nicht: das Zeitalter des \u00d6ls wird eines Tages in absehbarer Zukunft zu Ende gehen. Es ist an der Zeit, dass Regierungen und Politiker ihre Pflicht wahrnehmen und eine Welt jenseits des \u00d6ls vorbereiten.<\/p>\n<\/div>\n<\/div>\n","protected":false},"excerpt":{"rendered":"<p>Zoom Bedrohtes Paradies \u00a9 Greenpeace Bedrohtes Paradies \u00a9 Greenpeace Zwei Dinge, die nicht gerade Mut machen, sickerten gestern aus der gierigen Welt der Arktis-\u00d6lbohrungen durch. Zuerst warf der \u00d6lpest-Experte Richard&hellip;<\/p>\n","protected":false},"author":23,"featured_media":14651,"comment_status":"closed","ping_status":"open","sticky":false,"template":"","format":"standard","meta":{"_acf_changed":false,"_planet4_optimize_post_is_variant":false,"_planet4_optimize_experiment_name":"","_planet4_optimize_variant_name":"","ep_exclude_from_search":false,"p4_og_title":"","p4_og_description":"","p4_og_image":"","p4_og_image_id":"","p4_seo_canonical_url":"","p4_campaign_name":"","p4_local_project":"","p4_basket_name":"","p4_department":"","footnotes":""},"categories":[1],"tags":[50],"p4-page-type":[75],"gpch-article-type":[],"class_list":["post-14649","post","type-post","status-publish","format-standard","has-post-thumbnail","hentry","category-unkategorisiert","tag-klima","p4-page-type-story"],"acf":[],"_links":{"self":[{"href":"https:\/\/www.greenpeace.ch\/de\/wp-json\/wp\/v2\/posts\/14649","targetHints":{"allow":["GET"]}}],"collection":[{"href":"https:\/\/www.greenpeace.ch\/de\/wp-json\/wp\/v2\/posts"}],"about":[{"href":"https:\/\/www.greenpeace.ch\/de\/wp-json\/wp\/v2\/types\/post"}],"author":[{"embeddable":true,"href":"https:\/\/www.greenpeace.ch\/de\/wp-json\/wp\/v2\/users\/23"}],"replies":[{"embeddable":true,"href":"https:\/\/www.greenpeace.ch\/de\/wp-json\/wp\/v2\/comments?post=14649"}],"version-history":[{"count":0,"href":"https:\/\/www.greenpeace.ch\/de\/wp-json\/wp\/v2\/posts\/14649\/revisions"}],"wp:featuredmedia":[{"embeddable":true,"href":"https:\/\/www.greenpeace.ch\/de\/wp-json\/wp\/v2\/media\/14651"}],"wp:attachment":[{"href":"https:\/\/www.greenpeace.ch\/de\/wp-json\/wp\/v2\/media?parent=14649"}],"wp:term":[{"taxonomy":"category","embeddable":true,"href":"https:\/\/www.greenpeace.ch\/de\/wp-json\/wp\/v2\/categories?post=14649"},{"taxonomy":"post_tag","embeddable":true,"href":"https:\/\/www.greenpeace.ch\/de\/wp-json\/wp\/v2\/tags?post=14649"},{"taxonomy":"p4-page-type","embeddable":true,"href":"https:\/\/www.greenpeace.ch\/de\/wp-json\/wp\/v2\/p4-page-type?post=14649"},{"taxonomy":"gpch-article-type","embeddable":true,"href":"https:\/\/www.greenpeace.ch\/de\/wp-json\/wp\/v2\/gpch-article-type?post=14649"}],"curies":[{"name":"wp","href":"https:\/\/api.w.org\/{rel}","templated":true}]}}