{"id":14660,"date":"2011-09-04T00:00:00","date_gmt":"2011-09-03T22:00:00","guid":{"rendered":"https:\/\/master.greenpeace.ch\/beitrag\/14660\/sitzblockade-am-akw-muehleberg\/"},"modified":"2019-05-30T12:40:27","modified_gmt":"2019-05-30T10:40:27","slug":"sitzblockade-am-akw-muehleberg","status":"publish","type":"post","link":"https:\/\/www.greenpeace.ch\/de\/story\/14660\/sitzblockade-am-akw-muehleberg\/","title":{"rendered":"Sitzblockade am AKW M\u00fchleberg"},"content":{"rendered":"<p><b><\/b><\/p>\n<div class=\"post-content\">\n<div>\n\t<!-- START DYNAMIC CONTENT --><\/p>\n<div class=\"events-box middle-box left\">\n<div class=\"frame\">\n        <a class=\"open-img EnlargeImage\" href=\"https:\/\/www.greenpeace.ch\/static\/planet4-switzerland-stateless\/2019\/05\/134f58e4-134f58e4-muehleberg_aussitzen.jpg\" title=\"Am Nachmittag r\u00e4umte die Polizei die Sitzblockade beim AKW M\u00fchleberg\"><br \/>\n            <img decoding=\"async\" id=\"ctl00_cphContentArea_epiEntryContent_ctl00_ctl02_Image1\" title=\"Am Nachmittag r\u00e4umte die Polizei die Sitzblockade beim AKW M\u00fchleberg\" class=\"Thumbnail\" src=\"https:\/\/www.greenpeace.ch\/static\/planet4-switzerland-stateless\/2019\/05\/134f58e4-134f58e4-muehleberg_aussitzen.jpg\" alt=\"Am Nachmittag r\u00e4umte die Polizei die Sitzblockade beim AKW M\u00fchleberg\" style=\"border-width:0px;\"><\/p>\n<p>        <\/a>\n    <\/div>\n<div class=\"events-content\">\n        <span class=\"date\"><\/span><br \/>\n        <strong>Am Nachmittag r\u00e4umte die Polizei die Sitzblockade beim AKW M\u00fchleberg<\/strong><\/p>\n<p>\n            \u00a9 Greenpeace \/ Schmutz\n        <\/p>\n<\/p>\n<\/div>\n<\/div>\n<p><span style=\"font-family: Vorgabe Sans Serif,Verdana,Arial,Helvetica,Sans-Serif; font-size: x-small;\"><strong><strong>Im  Morgengrauen versammelten sich heute rund 100 Aktivistinnen und  Aktivisten auf der Zufahrtsstrasse zum AKW M\u00fchleberg.<\/strong> <\/strong><\/span><\/p>\n<p><span style=\"font-family: Vorgabe Sans Serif,Verdana,Arial,Helvetica,Sans-Serif;\">Durch eine  Sitzblockade sollten die Revisionsarbeiten am Schrott-Reaktor behindert  werden. Die Demonstrantinnen und Demonstranten forderten die endg\u00fcltige Stillegung des AKW M\u00fchleberg. <\/span><\/p>\n<p><span style=\"font-family: Vorgabe Sans Serif,Verdana,Arial,Helvetica,Sans-Serif;\">Das sch\u00f6ne Wetter am Vormittag, Gesang und die  installierte Feldk\u00fcche sorgten f\u00fcr eine gute und friedliche Stimmung. Die  Polizei liess die Demonstranten vorerst noch gew\u00e4hren.<\/span><\/p>\n<p><span style=\"font-family: Vorgabe Sans Serif,Verdana,Arial,Helvetica,Sans-Serif;\">Am  Nachmittag wurde die Blocklade auf die Zufahrtsstrasse \u00fcber den  Wohlensee-Staudamm erweitert, worauf die Polizei die Demonstranten  folglich wegr\u00e4umte und in Gewahrsam nahm.<\/span><\/p>\n<p><span style=\"font-family: Vorgabe Sans Serif,Verdana,Arial,Helvetica,Sans-Serif;\"><!-- START DYNAMIC CONTENT --><\/p>\n<div class=\"listings items multy-border\">\n<h3 title=\"Weitere Informationen\">Weitere Informationen<\/h3>\n<div class=\"\">\n<ul>\n<li class=\"flexible-height\">\n    <a title=\"Video zur Aktion\" href=\"\/switzerland\/de\/News_Stories\/Multimedia\/Videos\/Videos-Atom\/Muhleberg-Sitzblockade\/\" target=\"_blank\" rel=\"noopener noreferrer\"><br \/>\n            <span><br \/>\n\t            <img decoding=\"async\" title=\"Video zur Aktion\" src=\"https:\/\/www.greenpeace.ch\/static\/planet4-switzerland-stateless\/2019\/05\/5e5f837f-alex_hauri_thumb.jpg\" alt=\"Video zur Aktion\" style=\"border-width:0px;\"><br \/>\n\t        <\/span><br \/>\n\t    Video zur Aktion<\/a>\t<\/p>\n<p class=\"contenttype\">Video<\/p>\n<\/li>\n<li class=\"flexible-height\">\n    <a title=\"Video zur Aktion Teil2\" href=\"\/switzerland\/de\/News_Stories\/Multimedia\/Videos\/Videos-Atom\/Muhleberg-Sitzblockade-II\/\" target=\"_blank\" rel=\"noopener noreferrer\"><br \/>\n            <span><br \/>\n\t            <img decoding=\"async\" title=\"Video zur Aktion Teil2\" src=\"https:\/\/www.greenpeace.ch\/static\/planet4-switzerland-stateless\/2019\/05\/11b85069-11b85069-bildschirmfoto-2011-09-05-um-17.15.15.png\" alt=\"Video zur Aktion Teil2\" style=\"border-width:0px;\"><br \/>\n\t        <\/span><br \/>\n\t    Video zur Aktion Teil2<\/a>\t<\/p>\n<p class=\"contenttype\">Video<\/p>\n<\/li>\n<\/ul>\n<\/div>\n<\/div>\n<p><\/span><\/p>\n<p><strong><br \/><!-- START DYNAMIC CONTENT --><object width=\"500\" height=\"375\"><param name=\"flashvars\" value=\"offsite=true&amp;lang=en-us&amp;page_show_url=%2Fphotos%2Fgreenpeace_switzerland%2Fsets%2F72157627583032508%2Fshow%2F&amp;page_show_back_url=%2Fphotos%2Fgreenpeace_switzerland%2Fsets%2F72157627583032508%2F&amp;set_id=72157627583032508&amp;jump_to=\"><param name=\"movie\" value=\"http:\/\/www.flickr.com\/apps\/slideshow\/show.swf?v=104087\"><param name=\"allowFullScreen\" value=\"true\"><embed type=\"application\/x-shockwave-flash\" src=\"http:\/\/www.flickr.com\/apps\/slideshow\/show.swf?v=104087\" allowfullscreen=\"true\" flashvars=\"offsite=true&amp;lang=en-us&amp;page_show_url=%2Fphotos%2Fgreenpeace_switzerland%2Fsets%2F72157627583032508%2Fshow%2F&amp;page_show_back_url=%2Fphotos%2Fgreenpeace_switzerland%2Fsets%2F72157627583032508%2F&amp;set_id=72157627583032508&amp;jump_to=\" width=\"500\" height=\"375\"><\/embed><\/object> <!-- END DYNAMIC CONTENT --><\/strong><\/p>\n<\/div>\n<\/div>\n","protected":false},"excerpt":{"rendered":"<p>Am Nachmittag r\u00e4umte die Polizei die Sitzblockade beim AKW M\u00fchleberg \u00a9 Greenpeace \/ Schmutz Im Morgengrauen versammelten sich heute rund 100 Aktivistinnen und Aktivisten auf der Zufahrtsstrasse zum AKW M\u00fchleberg.&hellip;<\/p>\n","protected":false},"author":23,"featured_media":14662,"comment_status":"closed","ping_status":"open","sticky":false,"template":"","format":"standard","meta":{"_acf_changed":false,"_planet4_optimize_post_is_variant":false,"_planet4_optimize_experiment_name":"","_planet4_optimize_variant_name":"","ep_exclude_from_search":false,"p4_og_title":"","p4_og_description":"","p4_og_image":"","p4_og_image_id":"","p4_seo_canonical_url":"","p4_campaign_name":"","p4_local_project":"","p4_basket_name":"","p4_department":"","footnotes":""},"categories":[1],"tags":[42],"p4-page-type":[75],"gpch-article-type":[],"class_list":["post-14660","post","type-post","status-publish","format-standard","has-post-thumbnail","hentry","category-unkategorisiert","tag-energie","p4-page-type-story"],"acf":[],"_links":{"self":[{"href":"https:\/\/www.greenpeace.ch\/de\/wp-json\/wp\/v2\/posts\/14660","targetHints":{"allow":["GET"]}}],"collection":[{"href":"https:\/\/www.greenpeace.ch\/de\/wp-json\/wp\/v2\/posts"}],"about":[{"href":"https:\/\/www.greenpeace.ch\/de\/wp-json\/wp\/v2\/types\/post"}],"author":[{"embeddable":true,"href":"https:\/\/www.greenpeace.ch\/de\/wp-json\/wp\/v2\/users\/23"}],"replies":[{"embeddable":true,"href":"https:\/\/www.greenpeace.ch\/de\/wp-json\/wp\/v2\/comments?post=14660"}],"version-history":[{"count":0,"href":"https:\/\/www.greenpeace.ch\/de\/wp-json\/wp\/v2\/posts\/14660\/revisions"}],"wp:featuredmedia":[{"embeddable":true,"href":"https:\/\/www.greenpeace.ch\/de\/wp-json\/wp\/v2\/media\/14662"}],"wp:attachment":[{"href":"https:\/\/www.greenpeace.ch\/de\/wp-json\/wp\/v2\/media?parent=14660"}],"wp:term":[{"taxonomy":"category","embeddable":true,"href":"https:\/\/www.greenpeace.ch\/de\/wp-json\/wp\/v2\/categories?post=14660"},{"taxonomy":"post_tag","embeddable":true,"href":"https:\/\/www.greenpeace.ch\/de\/wp-json\/wp\/v2\/tags?post=14660"},{"taxonomy":"p4-page-type","embeddable":true,"href":"https:\/\/www.greenpeace.ch\/de\/wp-json\/wp\/v2\/p4-page-type?post=14660"},{"taxonomy":"gpch-article-type","embeddable":true,"href":"https:\/\/www.greenpeace.ch\/de\/wp-json\/wp\/v2\/gpch-article-type?post=14660"}],"curies":[{"name":"wp","href":"https:\/\/api.w.org\/{rel}","templated":true}]}}