{"id":14684,"date":"2011-08-22T00:00:00","date_gmt":"2011-08-21T22:00:00","guid":{"rendered":"https:\/\/master.greenpeace.ch\/beitrag\/14684\/mildes-urteil-fuer-kopenhagen-klimaaktivisten\/"},"modified":"2019-05-30T12:41:04","modified_gmt":"2019-05-30T10:41:04","slug":"mildes-urteil-fuer-kopenhagen-klimaaktivisten","status":"publish","type":"post","link":"https:\/\/www.greenpeace.ch\/de\/story\/14684\/mildes-urteil-fuer-kopenhagen-klimaaktivisten\/","title":{"rendered":"Mildes Urteil f\u00fcr Kopenhagen-Klimaaktivisten"},"content":{"rendered":"<p><b><\/b><\/p>\n<div class=\"post-content\">\n<div>\n<p><!-- START DYNAMIC CONTENT --><\/p>\n<div class=\"events-box middle-box left\">\n<div class=\"frame\">\n        <a class=\"open-img EnlargeImage\" href=\"https:\/\/www.greenpeace.ch\/static\/planet4-switzerland-stateless\/2019\/05\/c4c63268-c4c63268-20091217-213445-6_web.jpg\" title=\"Die drei Greenpeace Aktivisten platzten am 19. Dezember 2009 ins k\u00f6nigliche Dinner und protestierten f\u00fcr ein wirksames Klimaschutzabkommen.\"><br \/>\n            <img decoding=\"async\" id=\"ctl00_cphContentArea_epiEntryContent_ctl00_ctl02_Image1\" title=\"Die drei Greenpeace Aktivisten platzten am 19. Dezember 2009 ins k\u00f6nigliche Dinner und protestierten f\u00fcr ein wirksames Klimaschutzabkommen.\" class=\"Thumbnail\" src=\"https:\/\/www.greenpeace.ch\/static\/planet4-switzerland-stateless\/2019\/05\/c4c63268-c4c63268-20091217-213445-6_web.jpg\" alt=\"Die drei Greenpeace Aktivisten platzten am 19. Dezember 2009 ins k\u00f6nigliche Dinner und protestierten f\u00fcr ein wirksames Klimaschutzabkommen.\" style=\"border-width:0px;\"><\/p>\n<p>        <\/a>\n    <\/div>\n<div class=\"events-content\">\n        <span class=\"date\"><\/span><br \/>\n        <strong>Die drei Greenpeace Aktivisten platzten am 19. Dezember 2009 ins k\u00f6nigliche Dinner und protestierten f\u00fcr ein wirksames Klimaschutzabkommen.<\/strong><\/p>\n<p>\n            \u00a9 AFP PHOTO\/Jens Norgaard\/Scanpix 2009\n        <\/p>\n<\/p>\n<\/div>\n<\/div>\n<p> <!-- END DYNAMIC CONTENT --><\/p>\n<p>Kopenhagen\/Z\u00fcrich, 22.8.2011. <strong>Heute \u2013 gut eineinhalb Jahre nach der Klimakonferenz in Kopenhagen \u2013 hat ein d\u00e4nisches Gericht das Strafmass gegen die elf Greenpeace-AktivistInnen bekannt gegeben: 14 Tage Gef\u00e4ngnis bedingt, erlassen auf ein Jahr.\u00a0 Damit liegt das Strafmass deutlich unter den Antr\u00e4gen der Staatsanwaltschaft<\/strong>.<\/p>\n<p>\u00abDas ist ein Sieg f\u00fcr die Meinungsfreiheit. Das Gericht hat klar die Notwendigkeit von friedlichem, politischem Protest in unserer Gesellschaft anerkannt\u2026aber zu viel Zeit und Geld wurde f\u00fcr die Verfolgung der friedlichen AktivistInnen aufgewendet. Wo doch das wirkliche Verbrechen darin bestand, dass 120 Staatschefs es nicht fertig brachten, faire, ambiti\u00f6se und verbindliche Klimaziele zu beschliessen\u00bb, meint Kumi Naidoo, Chef von Greenpeace International.<\/p>\n<p>Wir erinnern uns: Am Abend des 17. Dezember 2009 betraten drei AktivistInnen als Staatschef von \u00abMutter Erde\u00bb, dessen Frau und deren Leibw\u00e4chter den roten Teppich vor dem Parlamentsgeb\u00e4ude. Hier sollte wenig sp\u00e4ter das k\u00f6nigliche Galadinner f\u00fcr 120 Staatschefs stattfinden. Bei deren Ankunft entrollten die Aktivisten ein Banner mit der Aufschrift \u00abPoliticians talk, Leaders act\u00bb, mit dem sie die Politiker zur Rettung des Klimas aufforderten. Die Norwegerin Nora Christiansen, der Schweizer Christian Schmutz und zwei andere wurden w\u00e4hrend des Protests festgenommen und f\u00fcr 21 Tage inhaftiert. Die Anklage der Staatsanwaltschaft lautete von Hausfriedensbruch \u00fcber Dokumentenf\u00e4lschung bis hin zur Gef\u00e4hrdung der K\u00f6nigin.<\/p>\n<p>Greenpeace und die AktivistInnen sind erleichtert, dass der Gerichtsfall jetzt abgeschlossen ist und sie sich wieder voll und ganz auf Inhalte konzentrieren k\u00f6nnen. Denn mit Blick auf die n\u00e4chste Klimakonferenz in Durban\/S\u00fcdafrika (Ende November 2011) sind die politischen Leader der Welt mehr denn je aufgefordert, im Klimaschutz schnellstm\u00f6glich vorw\u00e4rts zu machen. Greenpeace wird den Druck auf sie aufrecht halten.<\/p>\n<p>Mehr Infos unter <a href=\"http:\/\/www.greenpeace.org\">www.greenpeace.org<\/a> oder bei<\/p>\n<p>Kaspar Schuler, Kampagnenleiter Klima &amp; Energie: 044 447 41 80<\/p>\n<p>\u00a0<\/p>\n<p>\u00a0<\/p>\n<p><!-- START DYNAMIC CONTENT --><\/p>\n<div class=\"csn listings items multy-border\">\n    <input class=\"hidAjaxInput\" type=\"hidden\" value=\"pid=45391&amp;ti=Weitere Eintr\u00e4ge zum Thema&amp;s=1&amp;te=0&amp;f=1&amp;mi=5&amp;mt=&amp;mu=&amp;ct=11111111111110\"><\/p>\n<h3 title=\"Weitere Eintr\u00e4ge zum Thema\">Weitere Eintr\u00e4ge zum Thema<\/h3>\n<div class=\"\">\n<ul>\n<li class=\"flexible-height\">\n    <a title=\"Auf dem Pr\u00fcfstand: Recht auf friedlichen Protest\" href=\"\/switzerland\/de\/News_Stories\/Newsblog\/auf-dem-pruefstand-recht-auf-friedlichen-prot\/blog\/36378\/\"><br \/>\n            <span><br \/>\n\t            <img decoding=\"async\" title=\"Auf dem Pr\u00fcfstand: Recht auf friedlichen Protest\" src=\"https:\/\/www.greenpeace.ch\/static\/planet4-switzerland-stateless\/2019\/05\/398d571b-398d571b-26645_51554.jpg\" alt=\"Auf dem Pr\u00fcfstand: Recht auf friedlichen Protest\" style=\"border-width:0px;\"><br \/>\n\t        <\/span><br \/>\n\t    Auf dem Pr\u00fcfstand: Recht auf friedlichen Protest<\/a>\t<\/p>\n<p class=\"contenttype\">Newsblog-Eintrag<\/p>\n<\/li>\n<li class=\"flexible-height\">\n    <a title=\"Red Carpet Four\" href=\"\/switzerland\/de\/Uber-uns\/Kontakt\/Medienstelle\/Aktuelle-Medienbilder\/Red-Carpet-Four\/\"><br \/>\n            <span><br \/>\n\t            <img decoding=\"async\" title=\"Red Carpet Four\" src=\"https:\/\/www.greenpeace.ch\/static\/planet4-switzerland-stateless\/2019\/05\/c7bc7ee5-c7bc7ee5-gp02f0y.jpg\" alt=\"Red Carpet Four\" style=\"border-width:0px;\"><br \/>\n\t        <\/span><br \/>\n\t    Red Carpet Four<\/a>\t<\/p>\n<p class=\"contenttype\">Fotos<\/p>\n<\/li>\n<\/ul>\n<\/div>\n<\/div>\n<p> <!-- END DYNAMIC CONTENT -->\n<\/div>\n<\/p>\n<\/div>\n","protected":false},"excerpt":{"rendered":"<p>Die drei Greenpeace Aktivisten platzten am 19. Dezember 2009 ins k\u00f6nigliche Dinner und protestierten f\u00fcr ein wirksames Klimaschutzabkommen. \u00a9 AFP PHOTO\/Jens Norgaard\/Scanpix 2009 Kopenhagen\/Z\u00fcrich, 22.8.2011. Heute \u2013 gut eineinhalb Jahre&hellip;<\/p>\n","protected":false},"author":23,"featured_media":14686,"comment_status":"closed","ping_status":"open","sticky":false,"template":"","format":"standard","meta":{"_acf_changed":false,"_planet4_optimize_post_is_variant":false,"_planet4_optimize_experiment_name":"","_planet4_optimize_variant_name":"","ep_exclude_from_search":false,"p4_og_title":"","p4_og_description":"","p4_og_image":"","p4_og_image_id":"","p4_seo_canonical_url":"","p4_campaign_name":"","p4_local_project":"","p4_basket_name":"","p4_department":"","footnotes":""},"categories":[1],"tags":[50],"p4-page-type":[75],"gpch-article-type":[],"class_list":["post-14684","post","type-post","status-publish","format-standard","has-post-thumbnail","hentry","category-unkategorisiert","tag-klima","p4-page-type-story"],"acf":[],"_links":{"self":[{"href":"https:\/\/www.greenpeace.ch\/de\/wp-json\/wp\/v2\/posts\/14684","targetHints":{"allow":["GET"]}}],"collection":[{"href":"https:\/\/www.greenpeace.ch\/de\/wp-json\/wp\/v2\/posts"}],"about":[{"href":"https:\/\/www.greenpeace.ch\/de\/wp-json\/wp\/v2\/types\/post"}],"author":[{"embeddable":true,"href":"https:\/\/www.greenpeace.ch\/de\/wp-json\/wp\/v2\/users\/23"}],"replies":[{"embeddable":true,"href":"https:\/\/www.greenpeace.ch\/de\/wp-json\/wp\/v2\/comments?post=14684"}],"version-history":[{"count":0,"href":"https:\/\/www.greenpeace.ch\/de\/wp-json\/wp\/v2\/posts\/14684\/revisions"}],"wp:featuredmedia":[{"embeddable":true,"href":"https:\/\/www.greenpeace.ch\/de\/wp-json\/wp\/v2\/media\/14686"}],"wp:attachment":[{"href":"https:\/\/www.greenpeace.ch\/de\/wp-json\/wp\/v2\/media?parent=14684"}],"wp:term":[{"taxonomy":"category","embeddable":true,"href":"https:\/\/www.greenpeace.ch\/de\/wp-json\/wp\/v2\/categories?post=14684"},{"taxonomy":"post_tag","embeddable":true,"href":"https:\/\/www.greenpeace.ch\/de\/wp-json\/wp\/v2\/tags?post=14684"},{"taxonomy":"p4-page-type","embeddable":true,"href":"https:\/\/www.greenpeace.ch\/de\/wp-json\/wp\/v2\/p4-page-type?post=14684"},{"taxonomy":"gpch-article-type","embeddable":true,"href":"https:\/\/www.greenpeace.ch\/de\/wp-json\/wp\/v2\/gpch-article-type?post=14684"}],"curies":[{"name":"wp","href":"https:\/\/api.w.org\/{rel}","templated":true}]}}