{"id":14690,"date":"2011-08-19T00:00:00","date_gmt":"2011-08-18T22:00:00","guid":{"rendered":"https:\/\/master.greenpeace.ch\/beitrag\/14690\/auf-dem-pruefstand-recht-auf-friedlichen-protest\/"},"modified":"2019-05-30T12:41:08","modified_gmt":"2019-05-30T10:41:08","slug":"auf-dem-pruefstand-recht-auf-friedlichen-protest","status":"publish","type":"post","link":"https:\/\/www.greenpeace.ch\/de\/story\/14690\/auf-dem-pruefstand-recht-auf-friedlichen-protest\/","title":{"rendered":"Auf dem Pr\u00fcfstand: Recht auf friedlichen Protest"},"content":{"rendered":"<p><b>Zoom<\/p>\n<p>        &#171;Red carpet&#187; Aktivistinnen und Aktivisten vor dem d\u00e4nischen Gerichtshof (06\/2011).<\/p>\n<p>            \u00a9 Christian \u00c5slund \/ Greenpeace<\/b><\/p>\n<div class=\"post-content\">\n<div>\n<p><!-- START DYNAMIC CONTENT --><strong><\/p>\n<div class=\"events-box small-box left\">\n<div class=\"frame\">\n        <a class=\"open-img EnlargeImage\" href=\"https:\/\/www.greenpeace.ch\/static\/planet4-switzerland-stateless\/2019\/05\/c7bc7ee5-c7bc7ee5-gp02f0y.jpg\" title=\"\" red=\"\" carpet=\" Aktivistinnen und Aktivisten vor dem d\u00e4nischen Gerichtshof (06\/2011).\"><br \/>\n            <img decoding=\"async\" id=\"ctl00_cphContentArea_epiEntryContent_ctl00_ctl02_Image1\" title='\"Red carpet\" Aktivistinnen und Aktivisten vor dem d\u00e4nischen Gerichtshof (06\/2011).' class=\"Thumbnail\" src=\"https:\/\/www.greenpeace.ch\/static\/planet4-switzerland-stateless\/2019\/05\/c7bc7ee5-c7bc7ee5-gp02f0y.jpg\" alt='\"Red carpet\" Aktivistinnen und Aktivisten vor dem d\u00e4nischen Gerichtshof (06\/2011).' style=\"border-width:0px;\"><\/p>\n<p>        <\/a>\n    <\/div>\n<div class=\"events-content\">\n        <span class=\"date\"><\/span><br \/>\n        <strong>&#171;Red carpet&#187; Aktivistinnen und Aktivisten vor dem d\u00e4nischen Gerichtshof (06\/2011).<\/strong><\/p>\n<p>\n            \u00a9 Christian \u00c5slund \/ Greenpeace\n        <\/p>\n<\/p>\n<\/div>\n<\/div>\n<p><\/strong><\/p>\n<p><strong>Sie wollten die beratenden Staatsoberh\u00e4upter am Klimagipfel mit einer beherzten Aktion in letzter Minute aufr\u00fctteln. Heute m\u00fcssen die Greenpeace-Aktivisten, darunter auch zwei Schweizer, zum zweiten Mal vor dem d\u00e4nischen Gericht erscheinen. Vermutlich wird heute Nachmittag das Urteil gesprochen.<\/strong><!-- END DYNAMIC CONTENT --><\/p>\n<p>Wir erinnern uns: Am Abend des 17. Dezember 2009 betraten drei Aktivisten als Staatschef von \u201cMutter Erde\u201c, dessen Frau und deren Leibw\u00e4chter den roten Teppich vor dem Parlamentsgeb\u00e4ude. Hier sollte wenig sp\u00e4ter das k\u00f6nigliche Galadinner f\u00fcr 120 Staatschefs stattfinden. Bei deren Ankunft entrollten die Aktivisten ein Banner mit der Aufschrift \u201ePoliticians talk, Leaders act\u201c, mit dem sie die Politiker zur Rettung des Klimas aufforderten. Die Klimaverhandlungen in Kopenhagen standen kurz vor dem Ende und hatten zu keinerlei Ergebnis gef\u00fchrt. Die Norwegerin Nora Christiansen, der Schweizer Christian Schmutz und zwei andere wurden w\u00e4hrend des Protests festgenommen und f\u00fcr 21 Tage inhaftiert.<\/p>\n<p>11 Aktivisten \u2013 darunter zwei Schweizer \u2013 stehen nun unter Anklage. Die d\u00e4nische Staatsanwaltschaft wirft den Aktivisten vor, Hausfriedensbruch begangen, Dokumente gef\u00e4lscht und vorget\u00e4uscht zu haben, eine Amtsperson zu sein. Ihnen drohen Gef\u00e4ngnisstrafen, Bussen und Eintr\u00e4ge ins Strafregister. Zus\u00e4tzlich zu den Aktivisten steht auch Greenpeace Nordic (D\u00e4nemark, Norwegen, Schweden) als Organisation unter Anklage. Einigen Aktivisten wird zudem vorgeworfen, die K\u00f6nigin beleidigt zu haben. Dieser Anklagepunkt aktiviert ein uraltes Gesetz, das seit 1930 nie zur Anwendung kam und dessen Anwendung letzte Woche eigens vom d\u00e4nischen Justizminister genehmigt wurde.<\/p>\n<p>Heute stehen in Kopenhagen demokratische Werte auf dem Pr\u00fcfstand: das Recht auf friedlichen Protest und freie Rede. Sie handelten aus pers\u00f6nlicher \u00dcberzeugung, etwas gegen den drohenden Klimawandel tun zu m\u00fcssen und wollten in Kopenhagen nicht einfach tatenlos zusehen, wie die Verhandlungen erfolglos zu Ende gingen. Die ganze internationale Greenepace-Welt und insbesondere Greenpeace Schweiz werden den Gerichtstag gespannt verfolgen und mit den mutigen Aktivisten mitfiebern.<\/p>\n<p>&gt; <a title=\"Gala-Aktivisten\" href=\"http:\/\/www.greenpeace.org\/switzerland\/de\/Multimedia\/Videos\/videos-klimawandel-energie\/Geschichte-der-Gala-Aktivisten\/\" target=\"_self\" rel=\"noopener noreferrer\">Video zur Aktion in Kopenhagen<\/a><\/p>\n<\/div>\n<\/div>\n","protected":false},"excerpt":{"rendered":"<p>Zoom &#8220;Red carpet&#8221; Aktivistinnen und Aktivisten vor dem d\u00e4nischen Gerichtshof (06\/2011). \u00a9 Christian \u00c5slund \/ Greenpeace &#8220;Red carpet&#8221; Aktivistinnen und Aktivisten vor dem d\u00e4nischen Gerichtshof (06\/2011). \u00a9 Christian \u00c5slund \/&hellip;<\/p>\n","protected":false},"author":23,"featured_media":14688,"comment_status":"closed","ping_status":"open","sticky":false,"template":"","format":"standard","meta":{"_acf_changed":false,"_planet4_optimize_post_is_variant":false,"_planet4_optimize_experiment_name":"","_planet4_optimize_variant_name":"","ep_exclude_from_search":false,"p4_og_title":"","p4_og_description":"","p4_og_image":"","p4_og_image_id":"","p4_seo_canonical_url":"","p4_campaign_name":"","p4_local_project":"","p4_basket_name":"","p4_department":"","footnotes":""},"categories":[1],"tags":[50],"p4-page-type":[75],"gpch-article-type":[],"class_list":["post-14690","post","type-post","status-publish","format-standard","has-post-thumbnail","hentry","category-unkategorisiert","tag-klima","p4-page-type-story"],"acf":[],"_links":{"self":[{"href":"https:\/\/www.greenpeace.ch\/de\/wp-json\/wp\/v2\/posts\/14690","targetHints":{"allow":["GET"]}}],"collection":[{"href":"https:\/\/www.greenpeace.ch\/de\/wp-json\/wp\/v2\/posts"}],"about":[{"href":"https:\/\/www.greenpeace.ch\/de\/wp-json\/wp\/v2\/types\/post"}],"author":[{"embeddable":true,"href":"https:\/\/www.greenpeace.ch\/de\/wp-json\/wp\/v2\/users\/23"}],"replies":[{"embeddable":true,"href":"https:\/\/www.greenpeace.ch\/de\/wp-json\/wp\/v2\/comments?post=14690"}],"version-history":[{"count":0,"href":"https:\/\/www.greenpeace.ch\/de\/wp-json\/wp\/v2\/posts\/14690\/revisions"}],"wp:featuredmedia":[{"embeddable":true,"href":"https:\/\/www.greenpeace.ch\/de\/wp-json\/wp\/v2\/media\/14688"}],"wp:attachment":[{"href":"https:\/\/www.greenpeace.ch\/de\/wp-json\/wp\/v2\/media?parent=14690"}],"wp:term":[{"taxonomy":"category","embeddable":true,"href":"https:\/\/www.greenpeace.ch\/de\/wp-json\/wp\/v2\/categories?post=14690"},{"taxonomy":"post_tag","embeddable":true,"href":"https:\/\/www.greenpeace.ch\/de\/wp-json\/wp\/v2\/tags?post=14690"},{"taxonomy":"p4-page-type","embeddable":true,"href":"https:\/\/www.greenpeace.ch\/de\/wp-json\/wp\/v2\/p4-page-type?post=14690"},{"taxonomy":"gpch-article-type","embeddable":true,"href":"https:\/\/www.greenpeace.ch\/de\/wp-json\/wp\/v2\/gpch-article-type?post=14690"}],"curies":[{"name":"wp","href":"https:\/\/api.w.org\/{rel}","templated":true}]}}