{"id":14719,"date":"2011-08-17T00:00:00","date_gmt":"2011-08-16T22:00:00","guid":{"rendered":"https:\/\/master.greenpeace.ch\/beitrag\/14719\/kein-klimaschaden-aus-graubuenden\/"},"modified":"2019-05-30T12:41:52","modified_gmt":"2019-05-30T10:41:52","slug":"kein-klimaschaden-aus-graubuenden","status":"publish","type":"post","link":"https:\/\/www.greenpeace.ch\/de\/story\/14719\/kein-klimaschaden-aus-graubuenden\/","title":{"rendered":"Kein Klimaschaden aus Graub\u00fcnden"},"content":{"rendered":"<p><b><\/b><\/p>\n<div class=\"post-content\">\n<div>\n<p><!-- START DYNAMIC CONTENT --><\/p>\n<div class=\"events-box small-box left\">\n<div class=\"frame\">\n        <a class=\"open-img EnlargeImage\" href=\"https:\/\/www.greenpeace.ch\/static\/planet4-switzerland-stateless\/2019\/05\/77c9497e-77c9497e-gp02f6g_watermarked.jpg\" title=\"Rauch aus einem Kohlekraftwerk in USA\"><br \/>\n            <img decoding=\"async\" id=\"ctl00_cphContentArea_epiEntryContent_ctl00_ctl02_Image1\" title=\"Rauch aus einem Kohlekraftwerk in USA\" class=\"Thumbnail\" src=\"https:\/\/www.greenpeace.ch\/static\/planet4-switzerland-stateless\/2019\/05\/77c9497e-77c9497e-gp02f6g_watermarked.jpg\" alt=\"Rauch aus einem Kohlekraftwerk in USA\" style=\"border-width:0px;\"><\/p>\n<p>        <\/a>\n    <\/div>\n<div class=\"events-content\">\n        <span class=\"date\"><\/span><br \/>\n        <strong>Rauch aus einem Kohlekraftwerk in USA<\/strong><\/p>\n<p>\n            \u00a9 Greenpeace\n        <\/p>\n<\/p>\n<\/div>\n<\/div>\n<p> <!-- END DYNAMIC CONTENT --><\/p>\n<p><strong>Die Investitionen der B\u00fcndner Repower entscheiden dar\u00fcber, ob zwei gigantische Kohlekraftwerke in Saline Joniche (I) und Brunsb\u00fcttel (D) gebaut werden.<\/strong><\/p>\n<p>Sie w\u00fcrden pro Jahr 17.5 Mio Tonnen CO2 ausstossen. Zum Vergleich: die Schweiz produziert j\u00e4hrlich 40 Mio Tonnen CO2. Damit das Klima nicht (auch) zur Katastrophe wird und ein (dramatischer) Anstieg des Meeresspiegels ausbleibt, muss auf die Stromerzeugung aus Kohle verzichtet werden.<\/p>\n<p>Der Kanton Graub\u00fcnden ist mit 46% der gr\u00f6sste Teilhaber der Repower. Doch die Regierung entzieht sich bisher ihrer Verantwortung und l\u00e4sst dem Stromkonzern freie Hand. Die Investitionen aus dem B\u00fcndnerland widersprechen jedoch dem aktuellen Regierungsprogramm mit dem Leitsatz &#171;Dem Klimawandel aktiv begegnen&#187; fundamental.<\/p>\n<p><a title=\"Stromzukunft Schweiz\" href=\"http:\/\/www.greenpeace.org\/switzerland\/de\/Kampagnen\/Stromzukunft-Schweiz\/\" target=\"_blank\" rel=\"noopener noreferrer\">Mit sauberem Strom<\/a> l\u00e4sst sich heute wirtschaften und leben. Die B\u00fcndner Regierung und Repower m\u00fcssen daran erinnert werden, dass wir nur einen Planeten haben!<\/p>\n<p>Aus diesem Grund findet am Samstag, 27. August 2011 eine Kundgebung in Chur statt. Zahlreiche TeilnehmerInnen sind entscheidend!<\/p>\n<p><strong>Was<\/strong>: Kundgebung mit Musik, farbigem Umzug und Ansprachen<br \/><strong>Wo<\/strong>: Chur, Bahnhofplatz<br \/><strong>Wann<\/strong>: Samstag, 27. August 2011, 14 Uhr<\/p>\n<p><!-- START DYNAMIC CONTENT --><\/p>\n<div class=\"listings items\">\n<h3 title=\"Weiterf\u00fchrende Links\">Weiterf\u00fchrende Links<\/h3>\n<div class=\"\">\n<ul>\n<li class=\"ccsnlink\">\n    <a title=\"Zukunft statt Kohle\" href=\"http:\/\/www.zukunftstattkohle.ch\/\" target=\"_blank\" rel=\"noopener noreferrer\">Zukunft statt Kohle<\/a><br \/>\n    <span class=\"contenttype\">Link<\/span>\n<\/li>\n<li class=\"ccsnlink\">\n    <a title=\"Anlass auf Facebook\" href=\"https:\/\/www.facebook.com\/event.php?eid=158573564213678\" target=\"_blank\" rel=\"noopener noreferrer\">Anlass auf Facebook<\/a><br \/>\n    <span class=\"contenttype\">Link<\/span>\n<\/li>\n<\/ul>\n<\/div>\n<\/div>\n<p> <!-- END DYNAMIC CONTENT -->\n<\/div>\n<\/p>\n<\/div>\n","protected":false},"excerpt":{"rendered":"<p>Rauch aus einem Kohlekraftwerk in USA \u00a9 Greenpeace Die Investitionen der B\u00fcndner Repower entscheiden dar\u00fcber, ob zwei gigantische Kohlekraftwerke in Saline Joniche (I) und Brunsb\u00fcttel (D) gebaut werden. Sie w\u00fcrden&hellip;<\/p>\n","protected":false},"author":23,"featured_media":14721,"comment_status":"closed","ping_status":"open","sticky":false,"template":"","format":"standard","meta":{"_acf_changed":false,"_planet4_optimize_post_is_variant":false,"_planet4_optimize_experiment_name":"","_planet4_optimize_variant_name":"","ep_exclude_from_search":false,"p4_og_title":"","p4_og_description":"","p4_og_image":"","p4_og_image_id":"","p4_seo_canonical_url":"","p4_campaign_name":"","p4_local_project":"","p4_basket_name":"","p4_department":"","footnotes":""},"categories":[1],"tags":[50],"p4-page-type":[75],"gpch-article-type":[],"class_list":["post-14719","post","type-post","status-publish","format-standard","has-post-thumbnail","hentry","category-unkategorisiert","tag-klima","p4-page-type-story"],"acf":[],"_links":{"self":[{"href":"https:\/\/www.greenpeace.ch\/de\/wp-json\/wp\/v2\/posts\/14719","targetHints":{"allow":["GET"]}}],"collection":[{"href":"https:\/\/www.greenpeace.ch\/de\/wp-json\/wp\/v2\/posts"}],"about":[{"href":"https:\/\/www.greenpeace.ch\/de\/wp-json\/wp\/v2\/types\/post"}],"author":[{"embeddable":true,"href":"https:\/\/www.greenpeace.ch\/de\/wp-json\/wp\/v2\/users\/23"}],"replies":[{"embeddable":true,"href":"https:\/\/www.greenpeace.ch\/de\/wp-json\/wp\/v2\/comments?post=14719"}],"version-history":[{"count":0,"href":"https:\/\/www.greenpeace.ch\/de\/wp-json\/wp\/v2\/posts\/14719\/revisions"}],"wp:featuredmedia":[{"embeddable":true,"href":"https:\/\/www.greenpeace.ch\/de\/wp-json\/wp\/v2\/media\/14721"}],"wp:attachment":[{"href":"https:\/\/www.greenpeace.ch\/de\/wp-json\/wp\/v2\/media?parent=14719"}],"wp:term":[{"taxonomy":"category","embeddable":true,"href":"https:\/\/www.greenpeace.ch\/de\/wp-json\/wp\/v2\/categories?post=14719"},{"taxonomy":"post_tag","embeddable":true,"href":"https:\/\/www.greenpeace.ch\/de\/wp-json\/wp\/v2\/tags?post=14719"},{"taxonomy":"p4-page-type","embeddable":true,"href":"https:\/\/www.greenpeace.ch\/de\/wp-json\/wp\/v2\/p4-page-type?post=14719"},{"taxonomy":"gpch-article-type","embeddable":true,"href":"https:\/\/www.greenpeace.ch\/de\/wp-json\/wp\/v2\/gpch-article-type?post=14719"}],"curies":[{"name":"wp","href":"https:\/\/api.w.org\/{rel}","templated":true}]}}