{"id":14750,"date":"2011-08-16T00:00:00","date_gmt":"2011-08-15T22:00:00","guid":{"rendered":"https:\/\/master.greenpeace.ch\/beitrag\/14750\/steine-schuetzen-schutzgebiete\/"},"modified":"2022-03-31T10:36:40","modified_gmt":"2022-03-31T08:36:40","slug":"steine-schuetzen-schutzgebiete","status":"publish","type":"post","link":"https:\/\/www.greenpeace.ch\/de\/story\/14750\/steine-schuetzen-schutzgebiete\/","title":{"rendered":"Steine sch\u00fctzen Schutzgebiete"},"content":{"rendered":"<p><b>Mit tonnenschweren Felsbrocken sch\u00fctzen Greenpeace-Aktivisten seit Anfang August erneut das Sylter Aussenriff vor zerst\u00f6rerischer Fischerei. Die Greenpeacer setzen von Bord ihres Aktionsschiffes Beluga 2 eine Arbeit fort, die sie 2008 westlich vor Sylt begonnen hatten. Der Grund: Das Gebiet ist ein ausgewiesenes Schutzgebiet, in dem noch immer zerst\u00f6rerische Aktivit\u00e4ten wie Fischerei mit Grundschleppnetzen oder Sand- und Kiesabbau erlaubt sind.<\/b><\/p>\n<div class=\"post-content\">\n<p><!-- END DYNAMIC CONTENT --><\/p>\n<p>\u201cUnsere Natursteine sch\u00fctzen das Gebiet wirksam vor Schleppnetzfischerei, Sand- und Kiesabbau\u201d, sagt Thilo Maack, Meeresbiologe von Greenpeace Deutschland. \u201cDie aktuell vorliegenden Pl\u00e4ne der Bundesregierung sehen f\u00fcr diese Abschnitte des Sylter Aussenriffes hingegen \u00fcberhaupt keine Schutzmassnahmen vor.\u201d<\/p>\n<p><strong>Mit Natursteinen gegen zerst\u00f6rerische Fischerei<\/strong><\/p>\n<p>2008 ist Greenpeace gegen die Untersagungsverf\u00fcgung der Wasser- und Schifffahrtsdirektion (WSD) vor Gericht gezogen. Seither beraten die Gerichte um die Rechtm\u00e4ssigkeit der Aktionen. Auch das Bundesverwaltungsgericht (BVerwG) Leipzig hat letzte Woche diese Frage wieder offen gelassen. Zwar hat es geurteilt, dass die Wasser und Schiffahrtsdirektion berechtigt war, im September 2008 gegen\u00fcber Greenpeace eine Untersagungsverf\u00fcgung zu erlassen.<br \/>\n<!-- START DYNAMIC CONTENT --><\/p>\n<div class=\"events-box small-box right\">\n<div class=\"frame\"><a class=\"open-img EnlargeImage\" title=\"\" href=\"https:\/\/www.greenpeace.ch\/static\/planet4-switzerland-stateless\/2019\/05\/82d06d91-82d06d91-110815-meer-sylt2.jpg\"><br \/>\n<img decoding=\"async\" id=\"ctl00_cphContentArea_epiEntryContent_ctl00_ctl04_Image1\" class=\"Thumbnail\" style=\"border-width: 0px;\" src=\"https:\/\/www.greenpeace.ch\/static\/planet4-switzerland-stateless\/2019\/05\/82d06d91-82d06d91-110815-meer-sylt2.jpg\" alt=\"\" \/><\/a><\/div>\n<div class=\"events-content no-title\">\n<p>\u00a9 Greenpeace \/Daniel Mueller<\/p>\n<\/div>\n<\/div>\n<p><!-- END DYNAMIC CONTENT --><\/p>\n<p>Doch die Frage, ob das Einbringen von Steinen, die auch nat\u00fcrlich in dem Gebiet vorkommen, gegen das Verbot verstosse, Gegenst\u00e4nde in die Hohe See einzubringen oder nicht, wurde an das Verwaltungsgericht Schleswig zur\u00fcckverwiesen. Greenpeace hatte die sogenannte London Convention f\u00fcr den Schutz der Meere unter anderem mit der Brent Spar-Kampagne 1995 erk\u00e4mpft.<\/p>\n<p>Damit geht es endlich um den Kern der Sache, sagt Maack. \u201cMit dem Protest haben Greenpeace-Aktivisten auf den mangelhaften Meeresschutz in Deutschland hingewiesen. Die Tauchexpeditionen der letzten Jahre zeigen deutlich, dass die Greenpeace-Steine vielen Meerestieren eine neue Heimat bieten und das nat\u00fcrliche Riff vor Sylt erweitern.\u201d<\/p>\n<p><strong>Die Greenpeace-Natursteine sind Teil des nat\u00fcrlichen Riffs<\/strong><\/p>\n<p>Die im Sommer 2008 versenkten Steine sind inzwischen mit zahlreichen Meeresorganismen bewachsen und Teil des nat\u00fcrlichen Riffs vor Sylt geworden. Greenpeace-Taucher untersuchen regelm\u00e4ssig die Flora und Fauna auf den versenkten Felsbrocken und die umliegende Bodenfauna.<\/p>\n<p>Riffe haben generell eine wichtige \u00f6kologische Funktion. Sie sind Lebensraum und Kinderstube mit hoher Artenvielfalt. Zudem sind sie Laichplatz von Fischen und bieten Nahrung f\u00fcr V\u00f6gel und Meeress\u00e4ugetiere wie dem Schweinswal.<\/p>\n<p>Auch in den Niederlanden haben Greenpeacer vor einigen Wochen Steine mit metergrossen Seepferdchen-Skulpturen vor der Nordseek\u00fcste versenkt. Die Klaverbank ist zwar als NATURA 2000-Schutzgebiet ausgewiesen, doch wird auch dort der Meeresboden weiter durch die Grundschleppnetzfischerei zerst\u00f6rt.<!-- START DYNAMIC CONTENT --><\/p>\n<div class=\"events-box small-box left\">\n<div class=\"frame\"><a class=\"open-img EnlargeImage\" title=\"\" href=\"https:\/\/www.greenpeace.ch\/static\/planet4-switzerland-stateless\/2019\/05\/ca5dd4db-ca5dd4db-110815-meer-sylt3.jpg\"><br \/>\n<img decoding=\"async\" id=\"ctl00_cphContentArea_epiEntryContent_ctl00_ctl06_Image1\" class=\"Thumbnail\" style=\"border-width: 0px;\" src=\"https:\/\/www.greenpeace.ch\/static\/planet4-switzerland-stateless\/2019\/05\/ca5dd4db-ca5dd4db-110815-meer-sylt3.jpg\" alt=\"\" \/><\/a><span style=\"font-size: 1.125rem; color: initial; font-family: -apple-system, BlinkMacSystemFont, 'Segoe UI', Roboto, Oxygen-Sans, Ubuntu, Cantarell, 'Helvetica Neue', sans-serif; font-weight: var(--bs-body-font-weight); text-align: var(--bs-body-text-align);\">\u00a9 Greenpeace \/ Wolf Wichmann<\/span><\/p>\n<\/div>\n<div class=\"events-content no-title\">\n<\/div>\n<\/div>\n<p><!-- END DYNAMIC CONTENT --><\/p>\n<p>Die Europ\u00e4ische Fischereipolitik (GFP) soll bis Ende 2012 reformiert werden. Und da die Bundesregierung unt\u00e4tig ist, fordert Greenpeace den Abbau der \u00dcberkapazit\u00e4ten in der Fischfangflotte, wissenschaftsbasierte Fangquoten und die Ausweisung grossfl\u00e4chiger Meeresschutzgebiete; in denen keine Fischerei stattfindet. Denn nur so k\u00f6nnen sich die \u00fcberfischten Best\u00e4nde erholen und ein langfristiges \u00dcberleben des Fischereisektors gew\u00e4hrleistet werden.<\/p>\n<p><!-- START DYNAMIC CONTENT --><iframe loading=\"lazy\" src=\"https:\/\/www.youtube.com\/embed\/LwYZtaXCuaQ\" width=\"600\" height=\"371\" frameborder=\"0\" allowfullscreen=\"allowfullscreen\"><\/iframe><\/p>\n<\/div>\n","protected":false},"excerpt":{"rendered":"<p>Mit tonnenschweren Felsbrocken sch\u00fctzen Greenpeace-Aktivisten seit Anfang August erneut das Sylter Aussenriff vor zerst\u00f6rerischer Fischerei. Die Greenpeacer setzen von Bord ihres Aktionsschiffes Beluga 2 eine Arbeit fort, die sie 2008&hellip;<\/p>\n","protected":false},"author":23,"featured_media":14752,"comment_status":"closed","ping_status":"open","sticky":false,"template":"","format":"standard","meta":{"_acf_changed":false,"_planet4_optimize_post_is_variant":false,"_planet4_optimize_experiment_name":"","_planet4_optimize_variant_name":"","ep_exclude_from_search":false,"p4_og_title":"","p4_og_description":"","p4_og_image":"","p4_og_image_id":"","p4_seo_canonical_url":"","p4_campaign_name":"not set","p4_local_project":"not set","p4_basket_name":"not set","p4_department":"","footnotes":""},"categories":[1],"tags":[41],"p4-page-type":[75],"gpch-article-type":[],"class_list":["post-14750","post","type-post","status-publish","format-standard","has-post-thumbnail","hentry","category-unkategorisiert","tag-meer","p4-page-type-story"],"acf":[],"_links":{"self":[{"href":"https:\/\/www.greenpeace.ch\/de\/wp-json\/wp\/v2\/posts\/14750","targetHints":{"allow":["GET"]}}],"collection":[{"href":"https:\/\/www.greenpeace.ch\/de\/wp-json\/wp\/v2\/posts"}],"about":[{"href":"https:\/\/www.greenpeace.ch\/de\/wp-json\/wp\/v2\/types\/post"}],"author":[{"embeddable":true,"href":"https:\/\/www.greenpeace.ch\/de\/wp-json\/wp\/v2\/users\/23"}],"replies":[{"embeddable":true,"href":"https:\/\/www.greenpeace.ch\/de\/wp-json\/wp\/v2\/comments?post=14750"}],"version-history":[{"count":0,"href":"https:\/\/www.greenpeace.ch\/de\/wp-json\/wp\/v2\/posts\/14750\/revisions"}],"wp:featuredmedia":[{"embeddable":true,"href":"https:\/\/www.greenpeace.ch\/de\/wp-json\/wp\/v2\/media\/14752"}],"wp:attachment":[{"href":"https:\/\/www.greenpeace.ch\/de\/wp-json\/wp\/v2\/media?parent=14750"}],"wp:term":[{"taxonomy":"category","embeddable":true,"href":"https:\/\/www.greenpeace.ch\/de\/wp-json\/wp\/v2\/categories?post=14750"},{"taxonomy":"post_tag","embeddable":true,"href":"https:\/\/www.greenpeace.ch\/de\/wp-json\/wp\/v2\/tags?post=14750"},{"taxonomy":"p4-page-type","embeddable":true,"href":"https:\/\/www.greenpeace.ch\/de\/wp-json\/wp\/v2\/p4-page-type?post=14750"},{"taxonomy":"gpch-article-type","embeddable":true,"href":"https:\/\/www.greenpeace.ch\/de\/wp-json\/wp\/v2\/gpch-article-type?post=14750"}],"curies":[{"name":"wp","href":"https:\/\/api.w.org\/{rel}","templated":true}]}}