{"id":14772,"date":"2011-08-11T00:00:00","date_gmt":"2011-08-10T22:00:00","guid":{"rendered":"https:\/\/master.greenpeace.ch\/beitrag\/14772\/greenpeace-suedafrika-macht-druck-gegen-akw\/"},"modified":"2019-05-30T12:43:18","modified_gmt":"2019-05-30T10:43:18","slug":"greenpeace-suedafrika-macht-druck-gegen-akw","status":"publish","type":"post","link":"https:\/\/www.greenpeace.ch\/de\/story\/14772\/greenpeace-suedafrika-macht-druck-gegen-akw\/","title":{"rendered":"Greenpeace S\u00fcdafrika macht Druck gegen AKW"},"content":{"rendered":"<p><b>Greenpeace S\u00fcdafrika versucht, das Land am Kap von seinem gef\u00e4hrlichen Energiekurs in Richtung mehr AKW abzubringen. Die ehemalige Nuklearmacht unterhielt zu Zeiten der Apartheid ein bedrohliches Verh\u00e4ltnis zur Atomkraft. Die Schweizer Energie- und Finanzwirtschaft mischelte damals, trotz Sanktionen, kr\u00e4ftig mit.S\u00fcdafrika ist Gastgeberin der Klimakonferenz COP17 n\u00e4chsten Dezember in Durban. Es ist h\u00f6chste Zeit, dass die f\u00fchrende Wirtschaftsmacht auf dem afrikanischen Kontinent als Vorbild vorangeht und massiv in erneuerbare Energien (EE) investiert. Bis 2030 k\u00f6nnten 49%, bis 2050 sogar 94% des Strombedarfs aus erneuerbaren Quellen gedeckt werden.<\/b><\/p>\n<div class=\"post-content\">\n<div>\n<p><strong>Greenpeace S\u00fcdafrika versucht, das Land am Kap von seinem gef\u00e4hrlichen Energiekurs in Richtung mehr AKW abzubringen. Die ehemalige Nuklearmacht unterhielt zu Zeiten der Apartheid ein bedrohliches Verh\u00e4ltnis zur Atomkraft. Die Schweizer Energie- und Finanzwirtschaft mischelte damals, trotz Sanktionen, kr\u00e4ftig mit.<\/strong><\/p>\n<p>S\u00fcdafrika ist Gastgeberin der Klimakonferenz COP17 n\u00e4chsten Dezember in Durban. Es ist h\u00f6chste Zeit, dass die f\u00fchrende Wirtschaftsmacht auf dem afrikanischen Kontinent als Vorbild vorangeht und massiv in erneuerbare Energien (EE) investiert. Bis 2030 k\u00f6nnten 49%, bis 2050 sogar 94% des Strombedarfs aus erneuerbaren Quellen gedeckt werden.<\/p>\n<p><a class=\"BlogEnlargeImage\" href=\"https:\/\/www.greenpeace.ch\/static\/planet4-switzerland-stateless\/2019\/05\/4acc7ba8-4acc7ba8-26490_51181.jpg\"><img decoding=\"async\" style=\"border: 0; float: left;\" src=\"https:\/\/www.greenpeace.ch\/static\/planet4-switzerland-stateless\/2019\/05\/08496f32-08496f32-26490_51189.jpg\" alt=\"WSSD Tour around South Africa Greenpeace climbers protest at Koeberg, Cape Town, South Africa's only nuclear plant. A banner reads: &quot;Nukes out of Africa&quot;. 09\/04\/2002 \u00a9 Greenpeace \/ Daniel Beltr\u00e1\" width=\"250\"><\/a><\/p>\n<p>\u00a0<\/p>\n<p>\u00a0<\/p>\n<p>\u00a0<\/p>\n<p>\u00a0<\/p>\n<p>Die S\u00fcdafrikanische Regierung hat zwar vor, ihre Energiepolitik klimafreundlicher zu gestalten und vermehrt auf EE zu setzen. Im M\u00e4rz 2011 verabschiedete sie aber ein Grundsatzpapier, das den Ausbau des Nuklearsekors vorsieht, mit dem Bau einer neuen Generation von Reaktoren.<a class=\"BlogEnlargeImage\" href=\"https:\/\/www.greenpeace.ch\/static\/planet4-switzerland-stateless\/2019\/05\/9d387cd0-9d387cd0-26491_51185.jpg\"><img decoding=\"async\" style=\"float: right;\" src=\"https:\/\/www.greenpeace.ch\/static\/planet4-switzerland-stateless\/2019\/05\/84f000f6-84f000f6-26491_51186.jpg\" alt=\"Kumi Naidoo handing over GP Africas nuclear report\"><\/a><\/p>\n<p>\u00abAtomenergie ist eine gef\u00e4hrliche Ablenkung von einer sauberen Energieentwicklung, die wir brauchen, um eine Klimakatastrophe zu verhindern\u00bb, sagte Greenpeace-CEO <a title=\"Mehr zu Kumi Naidoo\" href=\"http:\/\/www.greenpeace.org\/switzerland\/de\/Uber-uns\/Organisation\/Kumi-Naidoo\/\" target=\"_blank\" rel=\"noopener noreferrer\">Kumi Naidoo<\/a>, selbst S\u00fcdafrikaner, anfang August <a title=\"Greenpeace S\u00fcdafrika\" href=\"http:\/\/www.greenpeace.org\/africa\/en\/News\/news\/The-True-Cost-of-Nuclear-Energy\/\" target=\"_blank\" rel=\"noopener noreferrer\">anl\u00e4sslich eines Treffens mit Exponenten des Energieministeriums<\/a>. \u00abAtomenergie liefert zu wenig, zu sp\u00e4t und zu einem zu hohen Preis f\u00fcr die Umwelt\u00bb, kritisierte Naidoo und \u00fcbergab den Greenpeace-Report \u00abThe true costs of nuclear energy\u00bb.<\/p>\n<h4>Erst AKW, dann die Bombe<\/h4>\n<p>S\u00fcdafrika besitzt reichlich Kohle, mit der es auch schmutzigen Strom produziert. Dass das Land trotzdem in AKW investierte, h\u00e4ngt auch mit seinen milit\u00e4rischen Ambitionen zusammen: 1982 war die erste Atombombe einsatzbereit. Erst mit dem Ende der Apartheid beendete die neue demokratische Regierung freiwillig das milit\u00e4rische Atomprogramm und verschrottete die Sprengk\u00f6pfe.<\/p>\n<h4>Schweizer Freunde der Apartheid<\/h4>\n<p>L\u00e4ngst hatte sich der internationale Widerstand gegen das Unrechtsregime am Kap formiert, als die Schweizer Wirtschaft mit den weissen Machthabern Gesch\u00e4fte machte. Die damalige BBC (heute ABB) hat mit der Hilfe von Schweizer Banken und einer bundesr\u00e4tlichen Staatsgarantie den Bau des Atommeilers Koeberg bei Kapstadt beliefert, wie Nachforschungen des damaligen Nachrichtenmagazins \u00abFacts\u00bb 2001 ergaben. Dass der Meiler auch milit\u00e4rische Zwecke erf\u00fcllt haben soll, legten schon fr\u00fchere Greenpeace-Recherchen nahe.<\/p>\n<p>Als den S\u00fcdafrikanern 1981 der atomare Brennstoff ausging, soll die damalige Kaiseraugst AG in die L\u00fccke gesprungen sein. \u00dcberhaupt hegten Teile der Schweizer Wirtschaftselite bis zum Schluss grosse Sympathien f\u00fcr das rechtsextreme Regime. Die Unterst\u00fctzung war mitverantwortlich daf\u00fcr, dass sich die Rassisten so lange an der Macht halten konnten. Nat\u00fcrlich wurde kr\u00e4ftig mitverdient.<\/p>\n<p><a title=\"The True Costs of Nuclear Energy in Southafrica\" href=\"https:\/\/www.greenpeace.ch\/wp-content\/uploads\/2017\/01\/The-true-cost-of-Nuclear-Power-in-SA-Screen.pdf\" target=\"_blank\" rel=\"noopener noreferrer\">Greenpeace-Report downloaden<\/a><\/p>\n<p><a title=\"Zwei Facts-Artikel zu Atomkraft in S\u00fcdafrika\" href=\"https:\/\/www.greenpeace.ch\/wp-content\/uploads\/2017\/01\/FACTS_2artikel_zu_RSA-.pdf\" target=\"_blank\" rel=\"noopener noreferrer\">Facts-Artikel zum Downloaden<\/a><\/p>\n<\/div>\n<\/div>\n","protected":false},"excerpt":{"rendered":"<p>Greenpeace S\u00fcdafrika versucht, das Land am Kap von seinem gef\u00e4hrlichen Energiekurs in Richtung mehr AKW abzubringen. Die ehemalige Nuklearmacht unterhielt zu Zeiten der Apartheid ein bedrohliches Verh\u00e4ltnis zur Atomkraft. Die&hellip;<\/p>\n","protected":false},"author":23,"featured_media":14776,"comment_status":"closed","ping_status":"open","sticky":false,"template":"","format":"standard","meta":{"_acf_changed":false,"_planet4_optimize_post_is_variant":false,"_planet4_optimize_experiment_name":"","_planet4_optimize_variant_name":"","ep_exclude_from_search":false,"p4_og_title":"","p4_og_description":"","p4_og_image":"","p4_og_image_id":"","p4_seo_canonical_url":"","p4_campaign_name":"","p4_local_project":"","p4_basket_name":"","p4_department":"","footnotes":""},"categories":[1],"tags":[50],"p4-page-type":[75],"gpch-article-type":[],"class_list":["post-14772","post","type-post","status-publish","format-standard","has-post-thumbnail","hentry","category-unkategorisiert","tag-klima","p4-page-type-story"],"acf":[],"_links":{"self":[{"href":"https:\/\/www.greenpeace.ch\/de\/wp-json\/wp\/v2\/posts\/14772","targetHints":{"allow":["GET"]}}],"collection":[{"href":"https:\/\/www.greenpeace.ch\/de\/wp-json\/wp\/v2\/posts"}],"about":[{"href":"https:\/\/www.greenpeace.ch\/de\/wp-json\/wp\/v2\/types\/post"}],"author":[{"embeddable":true,"href":"https:\/\/www.greenpeace.ch\/de\/wp-json\/wp\/v2\/users\/23"}],"replies":[{"embeddable":true,"href":"https:\/\/www.greenpeace.ch\/de\/wp-json\/wp\/v2\/comments?post=14772"}],"version-history":[{"count":0,"href":"https:\/\/www.greenpeace.ch\/de\/wp-json\/wp\/v2\/posts\/14772\/revisions"}],"wp:featuredmedia":[{"embeddable":true,"href":"https:\/\/www.greenpeace.ch\/de\/wp-json\/wp\/v2\/media\/14776"}],"wp:attachment":[{"href":"https:\/\/www.greenpeace.ch\/de\/wp-json\/wp\/v2\/media?parent=14772"}],"wp:term":[{"taxonomy":"category","embeddable":true,"href":"https:\/\/www.greenpeace.ch\/de\/wp-json\/wp\/v2\/categories?post=14772"},{"taxonomy":"post_tag","embeddable":true,"href":"https:\/\/www.greenpeace.ch\/de\/wp-json\/wp\/v2\/tags?post=14772"},{"taxonomy":"p4-page-type","embeddable":true,"href":"https:\/\/www.greenpeace.ch\/de\/wp-json\/wp\/v2\/p4-page-type?post=14772"},{"taxonomy":"gpch-article-type","embeddable":true,"href":"https:\/\/www.greenpeace.ch\/de\/wp-json\/wp\/v2\/gpch-article-type?post=14772"}],"curies":[{"name":"wp","href":"https:\/\/api.w.org\/{rel}","templated":true}]}}