{"id":14779,"date":"2011-08-16T00:00:00","date_gmt":"2011-08-15T22:00:00","guid":{"rendered":"https:\/\/master.greenpeace.ch\/beitrag\/14779\/abschied-von-der-rainbow-warrior-ii\/"},"modified":"2019-05-30T12:44:03","modified_gmt":"2019-05-30T10:44:03","slug":"abschied-von-der-rainbow-warrior-ii","status":"publish","type":"post","link":"https:\/\/www.greenpeace.ch\/de\/story\/14779\/abschied-von-der-rainbow-warrior-ii\/","title":{"rendered":"Abschied von der Rainbow Warrior II"},"content":{"rendered":"<p><b>Im Rahmen einer Zeremonie in Singapur wurde das ikonische Greenpeace-Schiff \u00abRainbow Warrior II\u00bb heute an die in Bangladesch heimische NGO Friendship \u00fcbergeben. Nach 22 Jahren als Greenpeace Flaggschiff bricht f\u00fcr die \u00abRW II\u00bb eine neue Zeit an. Die Glocke und\u00a0 ihr Maskottchen, der Holzdelphin, wurden schon entnommen und der Name \u00fcbert\u00fcncht. Friendship wird das Schiff zu einem Spitalboot umbauen.<\/b><\/p>\n<div class=\"post-content\">\n<div>\n\t<!-- START DYNAMIC CONTENT --> <!-- END DYNAMIC CONTENT --><\/p>\n<p><strong>Im Rahmen einer Zeremonie in Singapur wurde das ikonische Greenpeace-Schiff \u00abRainbow Warrior II\u00bb heute an die in Bangladesch heimische NGO <em><a title=\"Website von Friendship\" href=\"http:\/\/friendship-bd.org\/\" target=\"_blank\" rel=\"noopener noreferrer\">Friendship<\/a><\/em> \u00fcbergeben. Nach 22 Jahren als Greenpeace Flaggschiff bricht f\u00fcr die \u00abRW II\u00bb eine neue Zeit an. Die Glocke und\u00a0 ihr Maskottchen, der Holzdelphin, wurden schon entnommen und der Name \u00fcbert\u00fcncht. Friendship wird das Schiff zu einem Spitalboot umbauen.<br \/><\/strong><\/p>\n<p>Neu wird das Schiff \u00abRongdhonu\u00bb, bengali f\u00fcr Regenbogen, heissen und entlang der K\u00fcste von Bangladesch und des Golfs von Bengalen medizinische Hilfe zur Bev\u00f6lkerung bringen, die sonst keinen oder nur wenig Zugang zu einer medizinischen Grundversorgung hat, bringen. Die \u00abRongdhonu\u00bb wird ausserdem in Krisenf\u00e4llen zum Einsatz kommen, und zwar in einer Region, welche die Auswirkungen des Klimawandels bereits heute schmerzhaft zu sp\u00fcren bekommt.<\/p>\n<p><strong>Das<\/strong><strong> Ende einer \u00c4ra ist auch ein Neuanfang<\/strong><\/p>\n<p>Nach ihren zahllosen Eins\u00e4tzen f\u00fcr die Umwelt wird die Rainbow Warrior II sich nun Gesundheit und Menschenw\u00fcrde zuwenden. Anl\u00e4sslich der \u00dcbergabe in Singapur zitierte Kapit\u00e4n Mike Fincken die Prophezeihung der Cree Indianer, aus welcher das Schiff seinen Namen bekam: \u00abEs wird eine Zeit kommen, wo die Erde krank wird; wenn das geschieht, wird sich ein Stamm sammeln aus allen Kulturen der Welt, die an Taten statt Worte glauben. Sie werden daran arbeiten, die Erde zu heilen. (&#8230;) Sie werden bekannt werden als &#8218;Regenbogenkrieger&#8217;\u00bb<\/p>\n<p>Runa Khan von Friendship erkl\u00e4rte: \u00abWir glauben tief und fest, dass keine Entwicklung m\u00f6glich ist, wenn Menschen leiden. In ihrem neuen Leben als <em>Rongdhonu<\/em>, wird die Rainbow Warrior sich bem\u00fchen, dieses Leiden zu lindern.\u00bb<\/p>\n<p><strong>Die n\u00e4chste \u00abWarrior\u00bb<br \/><\/strong><\/p>\n<p>Greenpeace wird nicht lange ohne Rainbow Warrior bleiben. Die Rainbow Warrior III ist beinahe fertig gebaut und wurde k\u00fcrzlich schon eingewassert. Anl\u00e4sslich des 40. Geburtstags von Greenpeace wird das neue Flagschiff zur Greenpeace-Flotte stossen.<\/p>\n<p><a title=\"\u00dcber die RW2\" href=\"http:\/\/www.greenpeace.org\/switzerland\/de\/Uber-uns\/unsere-flotte\/rainbow-warrior\/\" target=\"_blank\" rel=\"noopener noreferrer\">&gt; Mehr zur Rainbow Warrior II<\/a><\/p>\n<p><a title=\"An Bord der RW2\" href=\"http:\/\/www.greenpeace.org\/switzerland\/de\/News_Stories\/Magazin\/drei-Schiffe-drei-Welten\/\" target=\"_blank\" rel=\"noopener noreferrer\">&gt; Drei Schiffe. Drei Welten<\/a><\/p>\n<p><a title=\"Video und Multimedia (englisch)\" href=\"http:\/\/anewwarrior.greenpeace.org\/\" target=\"_blank\" rel=\"noopener noreferrer\">&gt; Mehr zur Rainbow Warrior III (englisch)<\/a><\/p>\n<p><a title=\"Flottenpatenschaft\" href=\"http:\/\/www.greenpeace.org\/switzerland\/de\/Spenden\/Greenpeace-Flottenpatenschaft-Ubersicht\/\" target=\"_blank\" rel=\"noopener noreferrer\">&gt; Werden Sie Flottenpatin\/-Pate<\/a><\/p>\n<p>\u00a0<\/p>\n<p>Bilder zur \u00dcbergabe und der Geschichte der Rainbow Warrior II (mit englischen Kommentaren):<\/p>\n<p><!-- START DYNAMIC CONTENT --><\/p>\n<div class=\"embedded-image-gallery promo general-form\">\n<h2>Abschied der Rainbow Warrior II<\/h2>\n<div class=\"gallery\">\n<div class=\"img-nav\">\n<div class=\"carousel\">\n<ul class=\"img-list galleria\">\n<li class=\"active\">\n                            <a title=\"The Rainbow Warrior II Retires\" href=\"\/switzerland\/de\/News_Stories\/Multimedia\/Fotos\/Abschied-der-Rainbow-Warrior-II\/The-Rainbow-Warrior-II-Retires\/\" rel=\"The Rainbow Warrior II Retires~^\u00a9 Greenpeace \/ Mike  Fincken~^https:\/\/www.greenpeace.ch\/static\/planet4-switzerland-stateless\/2019\/05\/e5a7fb91-e5a7fb91-gp02hf8.jpg~^257665\"><br \/>\n                                <img decoding=\"async\" id=\"ctl00_cphContentArea_epiEntryContent_ctl00_ctl02_ctl00_repImages_ctl00_thumbImg\" title=\"The Rainbow Warrior II Retires\" src=\"https:\/\/www.greenpeace.ch\/static\/planet4-switzerland-stateless\/2019\/05\/e5a7fb91-e5a7fb91-gp02hf8.jpg\" alt=\"The Rainbow Warrior II Retires\" style=\"border-width:0px;\"><br \/>\n                            <\/a>\n                        <\/li>\n<li>\n                            <a title=\"The Rainbow Warrior II Retires\" href=\"\/switzerland\/de\/News_Stories\/Multimedia\/Fotos\/Abschied-der-Rainbow-Warrior-II\/The-Rainbow-Warrior-II-Retires1\/\" rel=\"The Rainbow Warrior II Retires~^\u00a9 Greenpeace \/ Mike  Fincken~^https:\/\/www.greenpeace.ch\/static\/planet4-switzerland-stateless\/2019\/05\/c762fb47-c762fb47-gp02hfc.jpg~^257666\"><br \/>\n                                <img decoding=\"async\" id=\"ctl00_cphContentArea_epiEntryContent_ctl00_ctl02_ctl00_repImages_ctl01_thumbImg\" title=\"The Rainbow Warrior II Retires\" src=\"https:\/\/www.greenpeace.ch\/static\/planet4-switzerland-stateless\/2019\/05\/c762fb47-c762fb47-gp02hfc.jpg\" alt=\"The Rainbow Warrior II Retires\" style=\"border-width:0px;\"><br \/>\n                            <\/a>\n                        <\/li>\n<li>\n                            <a title=\"Rainbow Warrior II Handover Ceremony\" href=\"\/switzerland\/de\/News_Stories\/Multimedia\/Fotos\/Abschied-der-Rainbow-Warrior-II\/Rainbow-Warrior-II-Handover-Ceremony\/\" rel=\"Rainbow Warrior II Handover Ceremony~^\u00a9 Athit Perawongmetha \/ Greenpeace~^https:\/\/www.greenpeace.ch\/static\/planet4-switzerland-stateless\/2019\/05\/16fab7fe-16fab7fe-gp02hfh.jpg~^257667\"><br \/>\n                                <img decoding=\"async\" id=\"ctl00_cphContentArea_epiEntryContent_ctl00_ctl02_ctl00_repImages_ctl02_thumbImg\" title=\"Rainbow Warrior II Handover Ceremony\" src=\"https:\/\/www.greenpeace.ch\/static\/planet4-switzerland-stateless\/2019\/05\/16fab7fe-16fab7fe-gp02hfh.jpg\" alt=\"Rainbow Warrior II Handover Ceremony\" style=\"border-width:0px;\"><br \/>\n                            <\/a>\n                        <\/li>\n<li>\n                            <a title=\"Rainbow Warrior II Handover Ceremony\" href=\"\/switzerland\/de\/News_Stories\/Multimedia\/Fotos\/Abschied-der-Rainbow-Warrior-II\/Rainbow-Warrior-II-Handover-Ceremony1\/\" rel=\"Rainbow Warrior II Handover Ceremony~^\u00a9 Athit Perawongmetha \/ Greenpeace~^https:\/\/www.greenpeace.ch\/static\/planet4-switzerland-stateless\/2019\/05\/b89c1f8f-b89c1f8f-gp02hfi.jpg~^257668\"><br \/>\n                                <img decoding=\"async\" id=\"ctl00_cphContentArea_epiEntryContent_ctl00_ctl02_ctl00_repImages_ctl03_thumbImg\" title=\"Rainbow Warrior II Handover Ceremony\" src=\"https:\/\/www.greenpeace.ch\/static\/planet4-switzerland-stateless\/2019\/05\/b89c1f8f-b89c1f8f-gp02hfi.jpg\" alt=\"Rainbow Warrior II Handover Ceremony\" style=\"border-width:0px;\"><br \/>\n                            <\/a>\n                        <\/li>\n<li>\n                            <a title=\"Rainbow Warrior II Handover Ceremony\" href=\"\/switzerland\/de\/News_Stories\/Multimedia\/Fotos\/Abschied-der-Rainbow-Warrior-II\/Rainbow-Warrior-II-Handover-Ceremony2\/\" rel=\"Rainbow Warrior II Handover Ceremony~^\u00a9 Athit Perawongmetha \/ Greenpeace~^https:\/\/www.greenpeace.ch\/static\/planet4-switzerland-stateless\/2019\/05\/25ad3437-25ad3437-gp02hfk.jpg~^257669\"><br \/>\n                                <img decoding=\"async\" id=\"ctl00_cphContentArea_epiEntryContent_ctl00_ctl02_ctl00_repImages_ctl04_thumbImg\" title=\"Rainbow Warrior II Handover Ceremony\" src=\"https:\/\/www.greenpeace.ch\/static\/planet4-switzerland-stateless\/2019\/05\/25ad3437-25ad3437-gp02hfk.jpg\" alt=\"Rainbow Warrior II Handover Ceremony\" style=\"border-width:0px;\"><br \/>\n                            <\/a>\n                        <\/li>\n<li>\n                            <a title=\"Rainbow Warrior II Handover Ceremony\" href=\"\/switzerland\/de\/News_Stories\/Multimedia\/Fotos\/Abschied-der-Rainbow-Warrior-II\/Rainbow-Warrior-II-Handover-Ceremony3\/\" rel=\"Rainbow Warrior II Handover Ceremony~^\u00a9 Athit Perawongmetha \/ Greenpeace~^https:\/\/www.greenpeace.ch\/static\/planet4-switzerland-stateless\/2019\/05\/43e83c64-43e83c64-gp02hfl.jpg~^257670\"><br \/>\n                                <img decoding=\"async\" id=\"ctl00_cphContentArea_epiEntryContent_ctl00_ctl02_ctl00_repImages_ctl05_thumbImg\" title=\"Rainbow Warrior II Handover Ceremony\" src=\"https:\/\/www.greenpeace.ch\/static\/planet4-switzerland-stateless\/2019\/05\/43e83c64-43e83c64-gp02hfl.jpg\" alt=\"Rainbow Warrior II Handover Ceremony\" style=\"border-width:0px;\"><br \/>\n                            <\/a>\n                        <\/li>\n<li>\n                            <a title=\"Rainbow Warrior II Handover Ceremony\" href=\"\/switzerland\/de\/News_Stories\/Multimedia\/Fotos\/Abschied-der-Rainbow-Warrior-II\/Rainbow-Warrior-II-Handover-Ceremony4\/\" rel=\"Rainbow Warrior II Handover Ceremony~^\u00a9 Athit Perawongmetha \/ Greenpeace~^https:\/\/www.greenpeace.ch\/static\/planet4-switzerland-stateless\/2019\/05\/a2d88c8d-a2d88c8d-gp02hfm.jpg~^257671\"><br \/>\n                                <img decoding=\"async\" id=\"ctl00_cphContentArea_epiEntryContent_ctl00_ctl02_ctl00_repImages_ctl06_thumbImg\" title=\"Rainbow Warrior II Handover Ceremony\" src=\"https:\/\/www.greenpeace.ch\/static\/planet4-switzerland-stateless\/2019\/05\/a2d88c8d-a2d88c8d-gp02hfm.jpg\" alt=\"Rainbow Warrior II Handover Ceremony\" style=\"border-width:0px;\"><br \/>\n                            <\/a>\n                        <\/li>\n<li>\n                            <a title=\"Rainbow Warrior II Handover Ceremony\" href=\"\/switzerland\/de\/News_Stories\/Multimedia\/Fotos\/Abschied-der-Rainbow-Warrior-II\/Rainbow-Warrior-II-Handover-Ceremony5\/\" rel=\"Rainbow Warrior II Handover Ceremony~^\u00a9 Athit Perawongmetha \/ Greenpeace~^https:\/\/www.greenpeace.ch\/static\/planet4-switzerland-stateless\/2019\/05\/e8462e3e-e8462e3e-gp02hfn.jpg~^257672\"><br \/>\n                                <img decoding=\"async\" id=\"ctl00_cphContentArea_epiEntryContent_ctl00_ctl02_ctl00_repImages_ctl07_thumbImg\" title=\"Rainbow Warrior II Handover Ceremony\" src=\"https:\/\/www.greenpeace.ch\/static\/planet4-switzerland-stateless\/2019\/05\/e8462e3e-e8462e3e-gp02hfn.jpg\" alt=\"Rainbow Warrior II Handover Ceremony\" style=\"border-width:0px;\"><br \/>\n                            <\/a>\n                        <\/li>\n<li>\n                            <a title=\"Rainbow Warrior II Handover Ceremony\" href=\"\/switzerland\/de\/News_Stories\/Multimedia\/Fotos\/Abschied-der-Rainbow-Warrior-II\/Rainbow-Warrior-II-Handover-Ceremony6\/\" rel=\"Rainbow Warrior II Handover Ceremony~^\u00a9 Athit Perawongmetha \/ Greenpeace~^https:\/\/www.greenpeace.ch\/static\/planet4-switzerland-stateless\/2019\/05\/a4a56406-a4a56406-gp02hfo.jpg~^257673\"><br \/>\n                                <img decoding=\"async\" id=\"ctl00_cphContentArea_epiEntryContent_ctl00_ctl02_ctl00_repImages_ctl08_thumbImg\" title=\"Rainbow Warrior II Handover Ceremony\" src=\"https:\/\/www.greenpeace.ch\/static\/planet4-switzerland-stateless\/2019\/05\/a4a56406-a4a56406-gp02hfo.jpg\" alt=\"Rainbow Warrior II Handover Ceremony\" style=\"border-width:0px;\"><br \/>\n                            <\/a>\n                        <\/li>\n<li>\n                            <a title=\"Rainbow Warrior II Handover Ceremony.\" href=\"\/switzerland\/de\/News_Stories\/Multimedia\/Fotos\/Abschied-der-Rainbow-Warrior-II\/Rainbow-Warrior-II-Handover-Ceremony7\/\" rel=\"Rainbow Warrior II Handover Ceremony.~^\u00a9 Athit Perawongmetha \/ Greenpeace~^https:\/\/www.greenpeace.ch\/static\/planet4-switzerland-stateless\/2019\/05\/3b3ccc3d-3b3ccc3d-gp02hfp.jpg~^257674\"><br \/>\n                                <img decoding=\"async\" id=\"ctl00_cphContentArea_epiEntryContent_ctl00_ctl02_ctl00_repImages_ctl09_thumbImg\" title=\"Rainbow Warrior II Handover Ceremony.\" src=\"https:\/\/www.greenpeace.ch\/static\/planet4-switzerland-stateless\/2019\/05\/3b3ccc3d-3b3ccc3d-gp02hfp.jpg\" alt=\"Rainbow Warrior II Handover Ceremony.\" style=\"border-width:0px;\"><br \/>\n                            <\/a>\n                        <\/li>\n<li>\n                            <a title=\"Rainbow Warrior II Handover Ceremony\" href=\"\/switzerland\/de\/News_Stories\/Multimedia\/Fotos\/Abschied-der-Rainbow-Warrior-II\/Rainbow-Warrior-II-Handover-Ceremony8\/\" rel=\"Rainbow Warrior II Handover Ceremony~^\u00a9 Athit Perawongmetha \/ Greenpeace~^https:\/\/www.greenpeace.ch\/static\/planet4-switzerland-stateless\/2019\/05\/17bf1818-17bf1818-gp02hfq.jpg~^257675\"><br \/>\n                                <img decoding=\"async\" id=\"ctl00_cphContentArea_epiEntryContent_ctl00_ctl02_ctl00_repImages_ctl10_thumbImg\" title=\"Rainbow Warrior II Handover Ceremony\" src=\"https:\/\/www.greenpeace.ch\/static\/planet4-switzerland-stateless\/2019\/05\/17bf1818-17bf1818-gp02hfq.jpg\" alt=\"Rainbow Warrior II Handover Ceremony\" style=\"border-width:0px;\"><br \/>\n                            <\/a>\n                        <\/li>\n<li>\n                            <a title=\"Rainbow Warrior II Handover Ceremony\" href=\"\/switzerland\/de\/News_Stories\/Multimedia\/Fotos\/Abschied-der-Rainbow-Warrior-II\/Rainbow-Warrior-II-Handover-Ceremony9\/\" rel=\"Rainbow Warrior II Handover Ceremony~^\u00a9 Athit Perawongmetha \/ Greenpeace~^https:\/\/www.greenpeace.ch\/static\/planet4-switzerland-stateless\/2019\/05\/5a811ff1-5a811ff1-gp02hfr.jpg~^257676\"><br \/>\n                                <img decoding=\"async\" id=\"ctl00_cphContentArea_epiEntryContent_ctl00_ctl02_ctl00_repImages_ctl11_thumbImg\" title=\"Rainbow Warrior II Handover Ceremony\" src=\"https:\/\/www.greenpeace.ch\/static\/planet4-switzerland-stateless\/2019\/05\/5a811ff1-5a811ff1-gp02hfr.jpg\" alt=\"Rainbow Warrior II Handover Ceremony\" style=\"border-width:0px;\"><br \/>\n                            <\/a>\n                        <\/li>\n<li>\n                            <a title=\"Rainbow Warrior II Handover Ceremony\" href=\"\/switzerland\/de\/News_Stories\/Multimedia\/Fotos\/Abschied-der-Rainbow-Warrior-II\/Rainbow-Warrior-II-Handover-Ceremony10\/\" rel=\"Rainbow Warrior II Handover Ceremony~^\u00a9 Athit Perawongmetha \/ Greenpeace~^https:\/\/www.greenpeace.ch\/static\/planet4-switzerland-stateless\/2019\/05\/ff09e532-ff09e532-gp02hfs.jpg~^257677\"><br \/>\n                                <img decoding=\"async\" id=\"ctl00_cphContentArea_epiEntryContent_ctl00_ctl02_ctl00_repImages_ctl12_thumbImg\" title=\"Rainbow Warrior II Handover Ceremony\" src=\"https:\/\/www.greenpeace.ch\/static\/planet4-switzerland-stateless\/2019\/05\/ff09e532-ff09e532-gp02hfs.jpg\" alt=\"Rainbow Warrior II Handover Ceremony\" style=\"border-width:0px;\"><br \/>\n                            <\/a>\n                        <\/li>\n<li>\n                            <a title=\"Rainbow Warrior II Handover Ceremony\" href=\"\/switzerland\/de\/News_Stories\/Multimedia\/Fotos\/Abschied-der-Rainbow-Warrior-II\/Rainbow-Warrior-II-Handover-Ceremony11\/\" rel=\"Rainbow Warrior II Handover Ceremony~^\u00a9 Athit Perawongmetha \/ Greenpeace~^https:\/\/www.greenpeace.ch\/static\/planet4-switzerland-stateless\/2019\/05\/d8cfe567-d8cfe567-gp02hfu.jpg~^257678\"><br \/>\n                                <img decoding=\"async\" id=\"ctl00_cphContentArea_epiEntryContent_ctl00_ctl02_ctl00_repImages_ctl13_thumbImg\" title=\"Rainbow Warrior II Handover Ceremony\" src=\"https:\/\/www.greenpeace.ch\/static\/planet4-switzerland-stateless\/2019\/05\/d8cfe567-d8cfe567-gp02hfu.jpg\" alt=\"Rainbow Warrior II Handover Ceremony\" style=\"border-width:0px;\"><br \/>\n                            <\/a>\n                        <\/li>\n<li>\n                            <a title=\"Rainbow Warrior II Handover Ceremony\" href=\"\/switzerland\/de\/News_Stories\/Multimedia\/Fotos\/Abschied-der-Rainbow-Warrior-II\/Rainbow-Warrior-II-Handover-Ceremony12\/\" rel=\"Rainbow Warrior II Handover Ceremony~^\u00a9 Athit Perawongmetha \/ Greenpeace~^https:\/\/www.greenpeace.ch\/static\/planet4-switzerland-stateless\/2019\/05\/c43ade54-c43ade54-gp02hfv.jpg~^257679\"><br \/>\n                                <img decoding=\"async\" id=\"ctl00_cphContentArea_epiEntryContent_ctl00_ctl02_ctl00_repImages_ctl14_thumbImg\" title=\"Rainbow Warrior II Handover Ceremony\" src=\"https:\/\/www.greenpeace.ch\/static\/planet4-switzerland-stateless\/2019\/05\/c43ade54-c43ade54-gp02hfv.jpg\" alt=\"Rainbow Warrior II Handover Ceremony\" style=\"border-width:0px;\"><br \/>\n                            <\/a>\n                        <\/li>\n<li>\n                            <a title=\"Rainbow Warrior II Handover Ceremony\" href=\"\/switzerland\/de\/News_Stories\/Multimedia\/Fotos\/Abschied-der-Rainbow-Warrior-II\/Rainbow-Warrior-II-Handover-Ceremony13\/\" rel=\"Rainbow Warrior II Handover Ceremony~^\u00a9 Athit Perawongmetha \/ Greenpeace~^https:\/\/www.greenpeace.ch\/static\/planet4-switzerland-stateless\/2019\/05\/a04ea489-a04ea489-gp02hfw.jpg~^257680\"><br \/>\n                                <img decoding=\"async\" id=\"ctl00_cphContentArea_epiEntryContent_ctl00_ctl02_ctl00_repImages_ctl15_thumbImg\" title=\"Rainbow Warrior II Handover Ceremony\" src=\"https:\/\/www.greenpeace.ch\/static\/planet4-switzerland-stateless\/2019\/05\/a04ea489-a04ea489-gp02hfw.jpg\" alt=\"Rainbow Warrior II Handover Ceremony\" style=\"border-width:0px;\"><br \/>\n                            <\/a>\n                        <\/li>\n<\/ul>\n<\/div>\n<\/div>\n<\/div>\n<div class=\"text\">\n<p class=\"description\">\n<p class=\"copyright\">\u00a9 Greenpeace<\/p>\n<\/div>\n<\/div>\n<p><!-- END DYNAMIC CONTENT --><\/p>\n<p><!-- START DYNAMIC CONTENT --><\/p>\n<div class=\"embedded-image-gallery promo general-form\">\n<h2>Rainbow Warrior II<\/h2>\n<div class=\"gallery\">\n<div class=\"img-view galleria_container\">\n        <input type=\"hidden\" value=\"https:\/\/www.greenpeace.ch\/static\/planet4-switzerland-stateless\/2019\/05\/f92502e9-f92502e9-gp0i9u.jpg\" class=\"hidStartImage\"><\/p>\n<div class=\"galleria_wrapper\">\n            <img decoding=\"async\" src=\"https:\/\/www.greenpeace.ch\/static\/planet4-switzerland-stateless\/2019\/05\/f92502e9-f92502e9-gp0i9u.jpg\" class=\"replaced\" title=\"Rainbow Warrior in New York.\" alt=\"Rainbow Warrior in New York.\"><\/p>\n<\/div>\n<p>        <span class=\"caption\"><\/span>\n    <\/div>\n<div class=\"img-nav\">\n<div class=\"carousel\">\n<ul class=\"img-list galleria\">\n<li class=\"active\">\n                            <a title=\"Rainbow Warrior in New York.\" href=\"http:\/\/www.greenpeace.org\/international\/multimedia\/slideshows\/Rainbow-Warrior-II\/Rainbow-Warrior-in-New-York\/\" rel=\"September 1989 - USA. Visiting New York on the maiden voyage of the second Rainbow Warrior.~^\u00a9 Greenpeace \/ Lorette Dorreboom~^https:\/\/www.greenpeace.ch\/static\/planet4-switzerland-stateless\/2019\/05\/f92502e9-f92502e9-gp0i9u.jpg~^256489\"><br \/>\n                                <img decoding=\"async\" id=\"ctl00_cphContentArea_epiEntryContent_ctl00_ctl04_ctl00_repImages_ctl00_thumbImg\" title=\"Rainbow Warrior in New York.\" src=\"https:\/\/www.greenpeace.ch\/static\/planet4-switzerland-stateless\/2019\/05\/f92502e9-f92502e9-gp0i9u.jpg\" alt=\"Rainbow Warrior in New York.\" style=\"border-width:0px;\"><br \/>\n                            <\/a>\n                        <\/li>\n<li>\n                            <a title=\"Phyllis Cormack and Rainbow Warrior Alert Bay\" href=\"http:\/\/www.greenpeace.org\/international\/multimedia\/slideshows\/Rainbow-Warrior-II\/Phyllis-Cormack-and-Rainbow-Warrior-Alert-Bay\/\" rel=\"September 1991 - Canada. The first \u201cGreenpeace\u201d ship Phyllis Cormack sails with the Rainbow Warrior in Alert Bay.~^\u00a9 Greenpeace \/ Robert Visser~^https:\/\/www.greenpeace.ch\/static\/planet4-switzerland-stateless\/2019\/05\/a4bd0aa6-a4bd0aa6-gp02gqp.jpg~^256482\"><br \/>\n                                <img decoding=\"async\" id=\"ctl00_cphContentArea_epiEntryContent_ctl00_ctl04_ctl00_repImages_ctl01_thumbImg\" title=\"Phyllis Cormack and Rainbow Warrior Alert Bay\" src=\"https:\/\/www.greenpeace.ch\/static\/planet4-switzerland-stateless\/2019\/05\/a4bd0aa6-a4bd0aa6-gp02gqp.jpg\" alt=\"Phyllis Cormack and Rainbow Warrior Alert Bay\" style=\"border-width:0px;\"><br \/>\n                            <\/a>\n                        <\/li>\n<li>\n                            <a title=\"Islanders greet the RAINBOW WARRIOR II and her crew on their arrival in Rarotonga\" href=\"http:\/\/www.greenpeace.org\/international\/multimedia\/photos\/Islanders-greet-the-RAINBOW-WARRIOR-II-\/\" rel=\"June 1995, Cook Islands. Locals greet the Rainbow Waarrior and her crew on their arrival in Rarotonga, en route to the French nuclear test site of Moruroa to protest against French President Chirac's decision to resume nuclear testing.~^~^\/switzerland\/ReSizes\/ImageGalleryLarge\/Global\/international\/photos\/oceans\/2010\/Islanders greet the RAINBOW WARRIOR II.jpg~^45482\"><br \/>\n                                <img decoding=\"async\" id=\"ctl00_cphContentArea_epiEntryContent_ctl00_ctl04_ctl00_repImages_ctl02_thumbImg\" title=\"Islanders greet the RAINBOW WARRIOR II and her crew on their arrival in Rarotonga\" src=\"https:\/\/www.greenpeace.ch\/static\/planet4-switzerland-stateless\/2019\/05\/07f3f80a-07f3f80a-islanders-greet-the-rainbow-warrior-ii.jpg\" alt=\"Islanders greet the RAINBOW WARRIOR II and her crew on their arrival in Rarotonga\" style=\"border-width:0px;\"><br \/>\n                            <\/a>\n                        <\/li>\n<li>\n                            <a title=\"French Commandos stormed the Rainbow Warrior with teargas in 1995. The work of a quick-thinking radio operator ensured the world saw it.\" href=\"http:\/\/www.greenpeace.org\/international\/multimedia\/photos\/teargas-rainbow-warrior\/\" rel=\"September 1995 - Moruroa atoll. French commandos storm and disable the ship during anti-nuclear testing protest. The work of a quick-thinking radio operator ensured the world saw it.~^Greenpeace \/ Steve Morgan~^https:\/\/www.greenpeace.ch\/static\/planet4-switzerland-stateless\/2019\/05\/9ceadd6c-9ceadd6c-teargas-rainbow-warrior.jpg~^22706\"><br \/>\n                                <img decoding=\"async\" id=\"ctl00_cphContentArea_epiEntryContent_ctl00_ctl04_ctl00_repImages_ctl03_thumbImg\" title=\"French Commandos stormed the Rainbow Warrior with teargas in 1995. The work of a quick-thinking radio operator ensured the world saw it.\" src=\"https:\/\/www.greenpeace.ch\/static\/planet4-switzerland-stateless\/2019\/05\/9ceadd6c-9ceadd6c-teargas-rainbow-warrior.jpg\" alt=\"French Commandos stormed the Rainbow Warrior with teargas in 1995. The work of a quick-thinking radio operator ensured the world saw it.\" style=\"border-width:0px;\"><br \/>\n                            <\/a>\n                        <\/li>\n<li>\n                            <a title=\"Arriving in Sydney harbour for Green Olympics 2000\" href=\"http:\/\/www.greenpeace.org\/international\/multimedia\/slideshows\/Rainbow-Warrior-II\/Greenpeace-ship-Rainbow-Warrior-arriving-in-Sydney-harbour-for-Gr\/\" rel=\"September 2000 - Australia. The Rainbow Warrior in Sydney for the Green Olympics.~^\u00a9 Greenpeace \/ Sandy Nicholson~^https:\/\/www.greenpeace.ch\/static\/planet4-switzerland-stateless\/2019\/05\/474cd66c-474cd66c-gp01ega.jpg~^256477\"><br \/>\n                                <img decoding=\"async\" id=\"ctl00_cphContentArea_epiEntryContent_ctl00_ctl04_ctl00_repImages_ctl04_thumbImg\" title=\"Arriving in Sydney harbour for Green Olympics 2000\" src=\"https:\/\/www.greenpeace.ch\/static\/planet4-switzerland-stateless\/2019\/05\/474cd66c-474cd66c-gp01ega.jpg\" alt=\"Arriving in Sydney harbour for Green Olympics 2000\" style=\"border-width:0px;\"><br \/>\n                            <\/a>\n                        <\/li>\n<li>\n                            <a title=\"Greenpeace ship Rainbow Warrior in front of the Glacier Fjortende Julibreenon Svalbard.\" href=\"http:\/\/www.greenpeace.org\/international\/multimedia\/photos\/greenpeace-ship-rainbow-warrio\/\" rel=\"August 2002 - Norway. The Rainbow Warrior sails into Longyearbyen whilst tour documenting climate change.~^Greenpeace \/ Christian \u00c5slund~^https:\/\/www.greenpeace.ch\/static\/planet4-switzerland-stateless\/2019\/05\/c7481979-c7481979-greenpeace-ship-rainbow-warrio.jpg~^24541\"><br \/>\n                                <img decoding=\"async\" id=\"ctl00_cphContentArea_epiEntryContent_ctl00_ctl04_ctl00_repImages_ctl05_thumbImg\" title=\"Greenpeace ship Rainbow Warrior in front of the Glacier Fjortende Julibreenon Svalbard.\" src=\"https:\/\/www.greenpeace.ch\/static\/planet4-switzerland-stateless\/2019\/05\/c7481979-c7481979-greenpeace-ship-rainbow-warrio.jpg\" alt=\"Greenpeace ship Rainbow Warrior in front of the Glacier Fjortende Julibreenon Svalbard.\" style=\"border-width:0px;\"><br \/>\n                            <\/a>\n                        <\/li>\n<li>\n                            <a title=\"Humanitarian aid organised by Medecins Sans Frontieres and intended for Aceh\" href=\"http:\/\/www.greenpeace.org\/international\/multimedia\/photos\/humanitarian-aid-organised-by\/\" rel=\"January 2005 - Indonesia. Trucks of humanitarian aid organised by Medecins Sans Frontieres and intended for Aceh in North Sumatra are loaded on to the Greenpeace ship, Rainbow Warrior in North Sumatra, Indonesia on route to Banda Aceh.~^Greenpeace \/ Christian Aslund~^https:\/\/www.greenpeace.ch\/static\/planet4-switzerland-stateless\/2019\/05\/6f6809fc-6f6809fc-humanitarian-aid-organised-by.jpg~^23085\"><br \/>\n                                <img decoding=\"async\" id=\"ctl00_cphContentArea_epiEntryContent_ctl00_ctl04_ctl00_repImages_ctl06_thumbImg\" title=\"Humanitarian aid organised by Medecins Sans Frontieres and intended for Aceh\" src=\"https:\/\/www.greenpeace.ch\/static\/planet4-switzerland-stateless\/2019\/05\/6f6809fc-6f6809fc-humanitarian-aid-organised-by.jpg\" alt=\"Humanitarian aid organised by Medecins Sans Frontieres and intended for Aceh\" style=\"border-width:0px;\"><br \/>\n                            <\/a>\n                        <\/li>\n<li>\n                            <a title=\"Rainbow Warrior II Departs Whangaroa\" href=\"http:\/\/www.greenpeace.org\/international\/multimedia\/slideshows\/Rainbow-Warrior-II\/Rainbow-Warrior-II-Departs-Whangaroa\/\" rel=\"July 2005 - New Zealand. Departing Whangaroa on the anniversary of the bombing of the first Rainbow Warrior.~^\u00a9 Greenpeace \/ Malcolm Pullman~^https:\/\/www.greenpeace.ch\/static\/planet4-switzerland-stateless\/2019\/05\/d3b6a476-d3b6a476-gp0rcf.jpg~^256490\"><br \/>\n                                <img decoding=\"async\" id=\"ctl00_cphContentArea_epiEntryContent_ctl00_ctl04_ctl00_repImages_ctl07_thumbImg\" title=\"Rainbow Warrior II Departs Whangaroa\" src=\"https:\/\/www.greenpeace.ch\/static\/planet4-switzerland-stateless\/2019\/05\/d3b6a476-d3b6a476-gp0rcf.jpg\" alt=\"Rainbow Warrior II Departs Whangaroa\" style=\"border-width:0px;\"><br \/>\n                            <\/a>\n                        <\/li>\n<li>\n                            <a title=\"Rainbow Warrior Visits Hong Kong\" href=\"http:\/\/www.greenpeace.org\/international\/multimedia\/slideshows\/Rainbow-Warrior-II\/Rainbow-Warrior-Visits-Hong-Kong\/\" rel=\"October 2005 - China. The Rainbow Warrior in Victoria Harbor, Hong Kong to launch the 'Asia Energy Revolution Tour'.~^\u00a9 Paul Hilton \/ Greenpeace~^https:\/\/www.greenpeace.ch\/static\/planet4-switzerland-stateless\/2019\/05\/3c3e1906-3c3e1906-gp02aiv.jpg~^256481\"><br \/>\n                                <img decoding=\"async\" id=\"ctl00_cphContentArea_epiEntryContent_ctl00_ctl04_ctl00_repImages_ctl08_thumbImg\" title=\"Rainbow Warrior Visits Hong Kong\" src=\"https:\/\/www.greenpeace.ch\/static\/planet4-switzerland-stateless\/2019\/05\/3c3e1906-3c3e1906-gp02aiv.jpg\" alt=\"Rainbow Warrior Visits Hong Kong\" style=\"border-width:0px;\"><br \/>\n                            <\/a>\n                        <\/li>\n<li>\n                            <a title=\"'Mud men' perform traditional dances\" href=\"http:\/\/www.greenpeace.org\/international\/multimedia\/photos\/mud-men-perform-traditional\/\" rel=\"February 2006 - Papua New Guinea. 'Mud men' perform traditional dances to welcome the arrival of the Rainbow Warrior on a forests tour in Port Moresby's harbour.~^Greenpeace \/ Natalie Behring~^https:\/\/www.greenpeace.ch\/static\/planet4-switzerland-stateless\/2019\/05\/3daaa678-3daaa678-mud-men-perform-traditional.jpg~^22369\"><br \/>\n                                <img decoding=\"async\" id=\"ctl00_cphContentArea_epiEntryContent_ctl00_ctl04_ctl00_repImages_ctl09_thumbImg\" title=\"'Mud men' perform traditional dances\" src=\"https:\/\/www.greenpeace.ch\/static\/planet4-switzerland-stateless\/2019\/05\/3daaa678-3daaa678-mud-men-perform-traditional.jpg\" alt=\"'Mud men' perform traditional dances\" style=\"border-width:0px;\"><br \/>\n                            <\/a>\n                        <\/li>\n<li>\n                            <a title=\"Marseille tuna fisherman\" href=\"http:\/\/www.greenpeace.org\/international\/multimedia\/slideshows\/Rainbow-Warrior-II\/Marseille-tuna-fisherman\/\" rel=\"August 2006 - France. Marseille port authority revokes permission for the Rainbow Warrior to dock for open days after 20 industrial tuna fishing boats blockaded and board the the ship, fire hosing its crew, unwittingly bringing international attention to the plight of the Mediterranean bluefin tuna. ~^\u00a9 Greenpeace \/ Roger Grace~^https:\/\/www.greenpeace.ch\/static\/planet4-switzerland-stateless\/2019\/05\/539c9b04-539c9b04-gp0tau.jpg~^256485\"><br \/>\n                                <img decoding=\"async\" id=\"ctl00_cphContentArea_epiEntryContent_ctl00_ctl04_ctl00_repImages_ctl10_thumbImg\" title=\"Marseille tuna fisherman\" src=\"https:\/\/www.greenpeace.ch\/static\/planet4-switzerland-stateless\/2019\/05\/539c9b04-539c9b04-gp0tau.jpg\" alt=\"Marseille tuna fisherman\" style=\"border-width:0px;\"><br \/>\n                            <\/a>\n                        <\/li>\n<li>\n                            <a title=\"RW in Beirut - Environmental Consequences of the Israel-Lebanon W\" href=\"http:\/\/www.greenpeace.org\/international\/multimedia\/slideshows\/Rainbow-Warrior-II\/RW-in-Beirut---Environmental-Consequences-of-the-Israel-Lebanon-W\/\" rel=\"September 2006 - Lebanon. Rainbow Warrior in Beirut commercial harbour to identify and document environmental destruction caused by the Israel-Lebanon War. ~^\u00a9 Greenpeace \/ Pierre Gleizes~^https:\/\/www.greenpeace.ch\/static\/planet4-switzerland-stateless\/2019\/05\/ef7d735d-ef7d735d-gp0x8y.jpg~^256487\"><br \/>\n                                <img decoding=\"async\" id=\"ctl00_cphContentArea_epiEntryContent_ctl00_ctl04_ctl00_repImages_ctl11_thumbImg\" title=\"RW in Beirut - Environmental Consequences of the Israel-Lebanon W\" src=\"https:\/\/www.greenpeace.ch\/static\/planet4-switzerland-stateless\/2019\/05\/ef7d735d-ef7d735d-gp0x8y.jpg\" alt=\"RW in Beirut - Environmental Consequences of the Israel-Lebanon W\" style=\"border-width:0px;\"><br \/>\n                            <\/a>\n                        <\/li>\n<li>\n                            <a title=\"Bali flotilla\" href=\"http:\/\/www.greenpeace.org\/international\/multimedia\/photos\/warrior-bali-floatilla\/\" rel=\"December 2007 - Indonesia. A flotilla of fishing boats arrives to greet the Rainbow Warrior as she sails into Bali. The flotilla is calling on people all over the world to take part in tomorrow's global day of action on climate change.~^Greenpeace \/ Paul Hilton~^https:\/\/www.greenpeace.ch\/static\/planet4-switzerland-stateless\/2019\/05\/da90283d-da90283d-warrior-bali-floatilla.jpg~^21640\"><br \/>\n                                <img decoding=\"async\" id=\"ctl00_cphContentArea_epiEntryContent_ctl00_ctl04_ctl00_repImages_ctl12_thumbImg\" title=\"Bali flotilla\" src=\"https:\/\/www.greenpeace.ch\/static\/planet4-switzerland-stateless\/2019\/05\/da90283d-da90283d-warrior-bali-floatilla.jpg\" alt=\"Bali flotilla\" style=\"border-width:0px;\"><br \/>\n                            <\/a>\n                        <\/li>\n<li>\n                            <a title=\"Rainbow Warrior Arrives in London\" href=\"http:\/\/www.greenpeace.org\/international\/multimedia\/slideshows\/Rainbow-Warrior-II\/Rainbow-Warrior-Arrives-in-London\/\" rel='October 2008 - UK. Sailing through Tower Bridge on the river Thames in London on the \"Quit Coal\" tour.~^\u00a9 Greenpeace \/ Will Rose~^https:\/\/www.greenpeace.ch\/static\/planet4-switzerland-stateless\/2019\/05\/cf0385a9-cf0385a9-gp01rck.jpg~^256479'><br \/>\n                                <img decoding=\"async\" id=\"ctl00_cphContentArea_epiEntryContent_ctl00_ctl04_ctl00_repImages_ctl13_thumbImg\" title=\"Rainbow Warrior Arrives in London\" src=\"https:\/\/www.greenpeace.ch\/static\/planet4-switzerland-stateless\/2019\/05\/cf0385a9-cf0385a9-gp01rck.jpg\" alt=\"Rainbow Warrior Arrives in London\" style=\"border-width:0px;\"><br \/>\n                            <\/a>\n                        <\/li>\n<li>\n                            <a title=\"Rainbow Warrior In Corinth Canal\" href=\"http:\/\/www.greenpeace.org\/international\/multimedia\/slideshows\/Rainbow-Warrior-II\/Rainbow-Warrior-In-Corinth-Canal\/\" rel=\"September 2008 - Greece. View from the top of the mizzen mast while passing through the Corinth canal. ~^\u00a9 Greenpeace \/ Pierre Gleizes~^https:\/\/www.greenpeace.ch\/static\/planet4-switzerland-stateless\/2019\/05\/71dd6ce8-71dd6ce8-gp01lp2.jpg~^256478\"><br \/>\n                                <img decoding=\"async\" id=\"ctl00_cphContentArea_epiEntryContent_ctl00_ctl04_ctl00_repImages_ctl14_thumbImg\" title=\"Rainbow Warrior In Corinth Canal\" src=\"https:\/\/www.greenpeace.ch\/static\/planet4-switzerland-stateless\/2019\/05\/71dd6ce8-71dd6ce8-gp01lp2.jpg\" alt=\"Rainbow Warrior In Corinth Canal\" style=\"border-width:0px;\"><br \/>\n                            <\/a>\n                        <\/li>\n<li>\n                            <a title=\"Children in Philippines\" href=\"http:\/\/www.greenpeace.org\/international\/multimedia\/slideshows\/Rainbow-Warrior-II\/Children-in-Philippines\/\" rel=\"November 2010 - Philippines. The Rainbow Warrior in Mindanao for its \u201cTurn the Tide\u201d tour of Southeast Asia, to join thousands of Sarangani folk as they seek to \u2018knock out\u2019 coal and broadcast their rejection of dirty coal power. ~^\u00a9 John  Javellana \/ Greenpeace~^https:\/\/www.greenpeace.ch\/static\/planet4-switzerland-stateless\/2019\/05\/2b9174a0-2b9174a0-gp028l1.jpg~^256480\"><br \/>\n                                <img decoding=\"async\" id=\"ctl00_cphContentArea_epiEntryContent_ctl00_ctl04_ctl00_repImages_ctl15_thumbImg\" title=\"Children in Philippines\" src=\"https:\/\/www.greenpeace.ch\/static\/planet4-switzerland-stateless\/2019\/05\/2b9174a0-2b9174a0-gp028l1.jpg\" alt=\"Children in Philippines\" style=\"border-width:0px;\"><br \/>\n                            <\/a>\n                        <\/li>\n<li>\n                            <a title=\"Rainbow Warrior arrives in Taiwan \" href=\"http:\/\/www.greenpeace.org\/international\/multimedia\/photos\/Rainbow-Warrior-arrives-in-Taiwan-1\/\" rel='January 2011 - Taiwan. Celebration to welcome Greenpeace flagship Rainbow Warrior, in Keelung, Taiwan. The ship launched its Defending Our Oceans tour of East Asia. &lt;a href=\"http:\/\/www.greenpeace.org\/international\/en\/news\/Blogs\/makingwaves\/defending-our-pacific-ocean-rainbow-warrior-a\/blog\/32212\"&gt;Read more&lt;\/a&gt;.~^Greenpeace\/ Paul Hilton~^https:\/\/www.greenpeace.ch\/static\/planet4-switzerland-stateless\/2019\/05\/db1fb16d-db1fb16d-rw2-arrival-taiwan.jpg~^188643'><br \/>\n                                <img decoding=\"async\" id=\"ctl00_cphContentArea_epiEntryContent_ctl00_ctl04_ctl00_repImages_ctl16_thumbImg\" title=\"Rainbow Warrior arrives in Taiwan \" src=\"https:\/\/www.greenpeace.ch\/static\/planet4-switzerland-stateless\/2019\/05\/db1fb16d-db1fb16d-rw2-arrival-taiwan.jpg\" alt=\"Rainbow Warrior arrives in Taiwan \" style=\"border-width:0px;\"><br \/>\n                            <\/a>\n                        <\/li>\n<li>\n                            <a title=\"Marine contamination testing in Japan\" href=\"http:\/\/www.greenpeace.org\/international\/multimedia\/photos\/Marine-contamination-testing-in-Japan\/\" rel='3 May 2011 - Japan. Crew from the Rainbow Warrior collect sea water samples and monitor radiation contamination levels as the ship sails up the eastern coast of Japan, in the vicinity of the Fukushima nuclear disaster.\n&lt;p&gt;&lt;a href=\"http:\/\/www.greenpeace.org\/international\/en\/news\/Blogs\/nuclear-reaction\/marine-life-soaking-up-radiation-along-fukush\/blog\/34979\"&gt;Read more about the results of the testing&lt;\/a&gt;~^Jeremy Sutton-Hibbert \/ Greenpeace~^https:\/\/www.greenpeace.ch\/static\/planet4-switzerland-stateless\/2019\/05\/323dd3e7-323dd3e7-gp02dck.jpg~^238672'><br \/>\n                                <img decoding=\"async\" id=\"ctl00_cphContentArea_epiEntryContent_ctl00_ctl04_ctl00_repImages_ctl17_thumbImg\" title=\"Marine contamination testing in Japan\" src=\"https:\/\/www.greenpeace.ch\/static\/planet4-switzerland-stateless\/2019\/05\/323dd3e7-323dd3e7-gp02dck.jpg\" alt=\"Marine contamination testing in Japan\" style=\"border-width:0px;\"><br \/>\n                            <\/a>\n                        <\/li>\n<\/ul>\n<\/div>\n<div class=\"navi\">\n<div class=\"link-wrap\">\n\t\t        <a href=\"javascript:void(0);\" class=\"link-prev gal-pre\" title=\"Zur\u00fcck\"><span class=\"prev\">Zur\u00fcck<\/span><\/a><br \/>\n\t\t        <a href=\"javascript:void(0);\" class=\"link-next gal-next\" title=\"N\u00e4chste\"><span class=\"next\">N\u00e4chste<\/span><\/a>\n\t        <\/div>\n<div class=\"play-holder\">\n\t\t        <span class=\"number-img\"><em><span class=\"galindex\">1<\/span>\/18<\/em><\/span><br \/>\n\t\t        <a href=\"javascript:void(0);\" class=\"link-play\" title=\"abspielen\">abspielen<\/a>\n\t        <\/div>\n<\/p>\n<\/div>\n<\/div>\n<\/div>\n<div class=\"text\">\n<p class=\"description\">\n<p class=\"copyright\">\n<\/div>\n<\/div>\n<\/div>\n<\/div>\n","protected":false},"excerpt":{"rendered":"<p>Im Rahmen einer Zeremonie in Singapur wurde das ikonische Greenpeace-Schiff \u00abRainbow Warrior II\u00bb heute an die in Bangladesch heimische NGO Friendship \u00fcbergeben. Nach 22 Jahren als Greenpeace Flaggschiff bricht f\u00fcr&hellip;<\/p>\n","protected":false},"author":23,"featured_media":14781,"comment_status":"closed","ping_status":"open","sticky":false,"template":"","format":"standard","meta":{"_acf_changed":false,"_planet4_optimize_post_is_variant":false,"_planet4_optimize_experiment_name":"","_planet4_optimize_variant_name":"","ep_exclude_from_search":false,"p4_og_title":"","p4_og_description":"","p4_og_image":"","p4_og_image_id":"","p4_seo_canonical_url":"","p4_campaign_name":"","p4_local_project":"","p4_basket_name":"","p4_department":"","footnotes":""},"categories":[1],"tags":[41],"p4-page-type":[75],"gpch-article-type":[],"class_list":["post-14779","post","type-post","status-publish","format-standard","has-post-thumbnail","hentry","category-unkategorisiert","tag-meer","p4-page-type-story"],"acf":[],"_links":{"self":[{"href":"https:\/\/www.greenpeace.ch\/de\/wp-json\/wp\/v2\/posts\/14779","targetHints":{"allow":["GET"]}}],"collection":[{"href":"https:\/\/www.greenpeace.ch\/de\/wp-json\/wp\/v2\/posts"}],"about":[{"href":"https:\/\/www.greenpeace.ch\/de\/wp-json\/wp\/v2\/types\/post"}],"author":[{"embeddable":true,"href":"https:\/\/www.greenpeace.ch\/de\/wp-json\/wp\/v2\/users\/23"}],"replies":[{"embeddable":true,"href":"https:\/\/www.greenpeace.ch\/de\/wp-json\/wp\/v2\/comments?post=14779"}],"version-history":[{"count":0,"href":"https:\/\/www.greenpeace.ch\/de\/wp-json\/wp\/v2\/posts\/14779\/revisions"}],"wp:featuredmedia":[{"embeddable":true,"href":"https:\/\/www.greenpeace.ch\/de\/wp-json\/wp\/v2\/media\/14781"}],"wp:attachment":[{"href":"https:\/\/www.greenpeace.ch\/de\/wp-json\/wp\/v2\/media?parent=14779"}],"wp:term":[{"taxonomy":"category","embeddable":true,"href":"https:\/\/www.greenpeace.ch\/de\/wp-json\/wp\/v2\/categories?post=14779"},{"taxonomy":"post_tag","embeddable":true,"href":"https:\/\/www.greenpeace.ch\/de\/wp-json\/wp\/v2\/tags?post=14779"},{"taxonomy":"p4-page-type","embeddable":true,"href":"https:\/\/www.greenpeace.ch\/de\/wp-json\/wp\/v2\/p4-page-type?post=14779"},{"taxonomy":"gpch-article-type","embeddable":true,"href":"https:\/\/www.greenpeace.ch\/de\/wp-json\/wp\/v2\/gpch-article-type?post=14779"}],"curies":[{"name":"wp","href":"https:\/\/api.w.org\/{rel}","templated":true}]}}