{"id":14857,"date":"2011-07-08T00:00:00","date_gmt":"2011-07-07T22:00:00","guid":{"rendered":"https:\/\/master.greenpeace.ch\/beitrag\/14857\/internationale-walfangkommission-hoffnung-fuer-die-wale\/"},"modified":"2019-05-30T12:45:11","modified_gmt":"2019-05-30T10:45:11","slug":"internationale-walfangkommission-hoffnung-fuer-die-wale","status":"publish","type":"post","link":"https:\/\/www.greenpeace.ch\/de\/story\/14857\/internationale-walfangkommission-hoffnung-fuer-die-wale\/","title":{"rendered":"Internationale Walfangkommission: Hoffnung f\u00fcr die Wale?"},"content":{"rendered":"<p><b><\/b><\/p>\n<div class=\"post-content\">\n<div>\n<p><img decoding=\"async\" src=\"https:\/\/www.greenpeace.ch\/static\/planet4-switzerland-stateless\/2019\/05\/34d0cf7c-34d0cf7c-17821_34933.jpg\" alt=\"\"><\/p>\n<p>Bis am Donnerstag findet auf der britischen Kanalinsel Jersey die Hauptverhandlung der 63. <a href=\"http:\/\/iwcoffice.org\/index.htm\">IWC-Jahreskonferenz<\/a> statt. Seit Jahren versucht Japan dort das Walfangverbot auszuhebeln. Auf der Agenda stehen viele technische Punkte wie beispielsweise Grundlagen der \u00dcberwachung des kommerziellen Walfangs, die Bestandesgr\u00f6sse der Zwergwale in den antarktischen Gew\u00e4ssern, ein Walschutzgebiet im S\u00fcdatlantik. Auch ein neuer Vorsitzender soll gew\u00e4hlt werden. Besonders wichtig ist ein Vorschlag der britischen Regierung, die Effektivit\u00e4t der IWC zu erh\u00f6hen und damit den Stimmenfang Japans zu unterbinden.<\/p>\n<p>Greenpeace fordert, dass die IWC von der Walfang- zur Walschutzkommission wird. Denn nicht nur der Walfang dezimiert die Best\u00e4nde der majest\u00e4tischen Meeress\u00e4uger. Die meisten sterben durch die schleichende Vergiftung der Meere, durch den zunehmenden Unterwasserl\u00e4rm und den Beifang in der industriellen Fischerei. Nach Sch\u00e4tzungen des Wissenschaftlichen Komitees der IWC sterben j\u00e4hrlich bis zu 300\u2019000 Wale und Delfine in den Netzen der Fischerei &#8211; vor allem die kleineren Zahnwalarten wie Delfine, Schweinswale, Pilotwale.<\/p>\n<p>Greenpeace verlangt, dass sich die IWC auch um die Kleinwale k\u00fcmmert, nicht nur um die 13 Grosswalarten, die fr\u00fcher mal f\u00fcr den Walfang wichtig waren. Der IWC muss in erster Linie ein Artenschutzinstrument werden. Es darf kein V\u00f6lkerrecht zum Schlachten von Walen geben. Es ist nicht zeitgem\u00e4ss, im 21. Jahrhundert \u00fcber so etwas \u00fcberhaupt noch nachzudenken.<\/p>\n<p><span lang=\"en\">Greenpeace<\/span>-Meeresbiologe Thilo Maack erkl\u00e4rt im <a href=\"http:\/\/www.greenpeace.de\/themen\/meere\/nachrichten\/artikel\/internationale_walfangkommission_hoffnung_fuer_die_wale\/\">Interview<\/a>, warum das diesj\u00e4hrige Treffen eine Wende bringen k\u00f6nnte.<\/p>\n<p><!-- START DYNAMIC CONTENT --><\/p>\n<div class=\"listings items multy-border\">\n<h3 title=\"Geliebt, gejagt, gegessen\">Geliebt, gejagt, gegessen<\/h3>\n<div class=\"\">\n<ul>\n<li class=\"flexible-height\">\n    <a title=\"Wale\" href=\"\/switzerland\/de\/Themen\/Meer\/Wale\/\"><br \/>\n            <span><br \/>\n\t            <img decoding=\"async\" title=\"Wale\" src=\"https:\/\/www.greenpeace.ch\/static\/planet4-switzerland-stateless\/2019\/05\/1c78b9ef-1c78b9ef-walfang_gp01z5p.jpg\" alt=\"Wale\" style=\"border-width:0px;\"><br \/>\n\t        <\/span><br \/>\n\t    Wale<\/a>\t<\/p>\n<p class=\"contenttype\">Informationsseite<\/p>\n<\/li>\n<\/ul>\n<\/div>\n<\/div>\n<p> <!-- END DYNAMIC CONTENT -->\n<\/div>\n<\/p>\n<\/div>\n","protected":false},"excerpt":{"rendered":"<p>Bis am Donnerstag findet auf der britischen Kanalinsel Jersey die Hauptverhandlung der 63. IWC-Jahreskonferenz statt. Seit Jahren versucht Japan dort das Walfangverbot auszuhebeln. Auf der Agenda stehen viele technische Punkte&hellip;<\/p>\n","protected":false},"author":23,"featured_media":14859,"comment_status":"closed","ping_status":"open","sticky":false,"template":"","format":"standard","meta":{"_acf_changed":false,"_planet4_optimize_post_is_variant":false,"_planet4_optimize_experiment_name":"","_planet4_optimize_variant_name":"","ep_exclude_from_search":false,"p4_og_title":"","p4_og_description":"","p4_og_image":"","p4_og_image_id":"","p4_seo_canonical_url":"","p4_campaign_name":"","p4_local_project":"","p4_basket_name":"","p4_department":"","footnotes":""},"categories":[1],"tags":[41],"p4-page-type":[75],"gpch-article-type":[],"class_list":["post-14857","post","type-post","status-publish","format-standard","has-post-thumbnail","hentry","category-unkategorisiert","tag-meer","p4-page-type-story"],"acf":[],"_links":{"self":[{"href":"https:\/\/www.greenpeace.ch\/de\/wp-json\/wp\/v2\/posts\/14857","targetHints":{"allow":["GET"]}}],"collection":[{"href":"https:\/\/www.greenpeace.ch\/de\/wp-json\/wp\/v2\/posts"}],"about":[{"href":"https:\/\/www.greenpeace.ch\/de\/wp-json\/wp\/v2\/types\/post"}],"author":[{"embeddable":true,"href":"https:\/\/www.greenpeace.ch\/de\/wp-json\/wp\/v2\/users\/23"}],"replies":[{"embeddable":true,"href":"https:\/\/www.greenpeace.ch\/de\/wp-json\/wp\/v2\/comments?post=14857"}],"version-history":[{"count":0,"href":"https:\/\/www.greenpeace.ch\/de\/wp-json\/wp\/v2\/posts\/14857\/revisions"}],"wp:featuredmedia":[{"embeddable":true,"href":"https:\/\/www.greenpeace.ch\/de\/wp-json\/wp\/v2\/media\/14859"}],"wp:attachment":[{"href":"https:\/\/www.greenpeace.ch\/de\/wp-json\/wp\/v2\/media?parent=14857"}],"wp:term":[{"taxonomy":"category","embeddable":true,"href":"https:\/\/www.greenpeace.ch\/de\/wp-json\/wp\/v2\/categories?post=14857"},{"taxonomy":"post_tag","embeddable":true,"href":"https:\/\/www.greenpeace.ch\/de\/wp-json\/wp\/v2\/tags?post=14857"},{"taxonomy":"p4-page-type","embeddable":true,"href":"https:\/\/www.greenpeace.ch\/de\/wp-json\/wp\/v2\/p4-page-type?post=14857"},{"taxonomy":"gpch-article-type","embeddable":true,"href":"https:\/\/www.greenpeace.ch\/de\/wp-json\/wp\/v2\/gpch-article-type?post=14857"}],"curies":[{"name":"wp","href":"https:\/\/api.w.org\/{rel}","templated":true}]}}