{"id":14872,"date":"2011-06-22T00:00:00","date_gmt":"2011-06-21T22:00:00","guid":{"rendered":"https:\/\/master.greenpeace.ch\/beitrag\/14872\/kumi-naidoo-frei\/"},"modified":"2019-05-30T12:45:34","modified_gmt":"2019-05-30T10:45:34","slug":"kumi-naidoo-frei","status":"publish","type":"post","link":"https:\/\/www.greenpeace.ch\/de\/story\/14872\/kumi-naidoo-frei\/","title":{"rendered":"Kumi Naidoo frei!"},"content":{"rendered":"<p><b><\/b><\/p>\n<div class=\"post-content\">\n<div>\n<p><!-- START DYNAMIC CONTENT --><\/p>\n<div class=\"events-box big-box left\">\n<div class=\"frame\">\n        <a class=\"open-img EnlargeImage\" href=\"https:\/\/www.greenpeace.ch\/static\/planet4-switzerland-stateless\/2019\/05\/4089cd7c-4089cd7c-110622kumi_free.jpg\" title=\"\"><br \/>\n            <img decoding=\"async\" id=\"ctl00_cphContentArea_epiEntryContent_ctl00_ctl02_Image1\" class=\"Thumbnail\" src=\"https:\/\/www.greenpeace.ch\/static\/planet4-switzerland-stateless\/2019\/05\/4089cd7c-4089cd7c-110622kumi_free.jpg\" alt=\"\" style=\"border-width:0px;\"><\/p>\n<p>        <\/a>\n    <\/div>\n<div class=\"events-content no-title\">\n        <span class=\"date\"><\/span><br \/>\n        <strong><\/strong><\/p>\n<p>\n            \u00a9 Greenpeace\n        <\/p>\n<\/p>\n<\/div>\n<\/div>\n<p> <!-- END DYNAMIC CONTENT --><\/p>\n<p>Der am <a href=\"http:\/\/www.greenpeace.org\/switzerland\/de\/Kampagnen\/Stromzukunft-Schweiz\/Klima\/arctic-impacts\/kumi-naidoo-arktis\/\">vergangenen Freitag verhaftete Greenpeace-Chef<\/a> Kumi Naidoo wurde gestern Nachmittag in Gr\u00f6nland aus der Haft entlassen und des Landes verwiesen. Kumi hatte pers\u00f6nlich eine \u00d6lplattform der Firma Cairn Energy bestiegen, um die Ver\u00f6ffentlichung eines Notfallplans zu fordern. Wie die 20 bereits vor ihm verhafteten Greenpeace-Aktivisten, welche in den Tagen zuvor mit der gleichen Absicht auf die Plattform geklettert waren, darf er ein Jahr lang nicht nach Gr\u00f6nland einreisen.<\/p>\n<p>Kumi: &#171;Der Kampf hat erst begonnen. Es ist einer der entscheidenden K\u00e4mpfe unserer Zeit f\u00fcr die Umwelt. \u00d6lbohrungen in den den arktischen Gew\u00e4ssern sind eine ernsthafte Bedrohung f\u00fcr unser Klima.&#187;<\/p>\n<p>Mehr dazu <a href=\"http:\/\/www.greenpeace.org\/international\/en\/news\/Blogs\/makingwaves\/the-writing-is-on-the-wall-as-kumi-naidoo-is-\/blog\/35403?utm_source=facebook&amp;utm_medium=social_network&amp;utm_campaign=climate&amp;utm_term=21_06_11_1640\">hier<\/a>.<\/p>\n<p>Kumi Naidoo schildert <a href=\"http:\/\/www.huffingtonpost.com\/kumi-naidoo\/how-i-became-arctic-priso_b_881056.html\">das Erlebte.<\/a><\/p>\n<\/div>\n<\/div>\n","protected":false},"excerpt":{"rendered":"<p>\u00a9 Greenpeace Der am vergangenen Freitag verhaftete Greenpeace-Chef Kumi Naidoo wurde gestern Nachmittag in Gr\u00f6nland aus der Haft entlassen und des Landes verwiesen. Kumi hatte pers\u00f6nlich eine \u00d6lplattform der Firma&hellip;<\/p>\n","protected":false},"author":23,"featured_media":14874,"comment_status":"closed","ping_status":"open","sticky":false,"template":"","format":"standard","meta":{"_acf_changed":false,"_planet4_optimize_post_is_variant":false,"_planet4_optimize_experiment_name":"","_planet4_optimize_variant_name":"","ep_exclude_from_search":false,"p4_og_title":"","p4_og_description":"","p4_og_image":"","p4_og_image_id":"","p4_seo_canonical_url":"","p4_campaign_name":"","p4_local_project":"","p4_basket_name":"","p4_department":"","footnotes":""},"categories":[1],"tags":[50],"p4-page-type":[75],"gpch-article-type":[],"class_list":["post-14872","post","type-post","status-publish","format-standard","has-post-thumbnail","hentry","category-unkategorisiert","tag-klima","p4-page-type-story"],"acf":[],"_links":{"self":[{"href":"https:\/\/www.greenpeace.ch\/de\/wp-json\/wp\/v2\/posts\/14872","targetHints":{"allow":["GET"]}}],"collection":[{"href":"https:\/\/www.greenpeace.ch\/de\/wp-json\/wp\/v2\/posts"}],"about":[{"href":"https:\/\/www.greenpeace.ch\/de\/wp-json\/wp\/v2\/types\/post"}],"author":[{"embeddable":true,"href":"https:\/\/www.greenpeace.ch\/de\/wp-json\/wp\/v2\/users\/23"}],"replies":[{"embeddable":true,"href":"https:\/\/www.greenpeace.ch\/de\/wp-json\/wp\/v2\/comments?post=14872"}],"version-history":[{"count":0,"href":"https:\/\/www.greenpeace.ch\/de\/wp-json\/wp\/v2\/posts\/14872\/revisions"}],"wp:featuredmedia":[{"embeddable":true,"href":"https:\/\/www.greenpeace.ch\/de\/wp-json\/wp\/v2\/media\/14874"}],"wp:attachment":[{"href":"https:\/\/www.greenpeace.ch\/de\/wp-json\/wp\/v2\/media?parent=14872"}],"wp:term":[{"taxonomy":"category","embeddable":true,"href":"https:\/\/www.greenpeace.ch\/de\/wp-json\/wp\/v2\/categories?post=14872"},{"taxonomy":"post_tag","embeddable":true,"href":"https:\/\/www.greenpeace.ch\/de\/wp-json\/wp\/v2\/tags?post=14872"},{"taxonomy":"p4-page-type","embeddable":true,"href":"https:\/\/www.greenpeace.ch\/de\/wp-json\/wp\/v2\/p4-page-type?post=14872"},{"taxonomy":"gpch-article-type","embeddable":true,"href":"https:\/\/www.greenpeace.ch\/de\/wp-json\/wp\/v2\/gpch-article-type?post=14872"}],"curies":[{"name":"wp","href":"https:\/\/api.w.org\/{rel}","templated":true}]}}