{"id":14876,"date":"2011-07-04T00:00:00","date_gmt":"2011-07-03T22:00:00","guid":{"rendered":"https:\/\/master.greenpeace.ch\/beitrag\/14876\/die-dunkle-seite-von-vw\/"},"modified":"2019-05-30T12:45:40","modified_gmt":"2019-05-30T10:45:40","slug":"die-dunkle-seite-von-vw","status":"publish","type":"post","link":"https:\/\/www.greenpeace.ch\/de\/story\/14876\/die-dunkle-seite-von-vw\/","title":{"rendered":"Die dunkle Seite von VW"},"content":{"rendered":"<p><b>Seit einigen Wochen ist ein neuer VW-Werbespot im Fernsehen zu sehen: Ein Kind im Darth-Vader-Kost\u00fcm m\u00f6chte mit Hilfe der Macht den Alltag bezwingen, aber scheitert kl\u00e4glich \u2013 au\u00dfer beim VW Passat. Die Werbung l\u00e4sst den Zuschauer schmunzeln, doch dahinter steckt ein Automobilkonzern, der tats\u00e4chlich eine dunkle Seite besitzt.<\/b><\/p>\n<div class=\"post-content\">\n<div>\n<p><strong>Seit einigen Wochen ist ein neuer VW-Werbespot im Fernsehen zu sehen: Ein Kind im Darth-Vader-Kost\u00fcm m\u00f6chte mit Hilfe der Macht den Alltag bezwingen, aber scheitert kl\u00e4glich \u2013 au\u00dfer beim VW Passat. Die Werbung l\u00e4sst den Zuschauer schmunzeln, doch dahinter steckt ein Automobilkonzern, der tats\u00e4chlich eine dunkle Seite besitzt.<\/strong><\/p>\n<p><strong><!-- START DYNAMIC CONTENT --><\/p>\n<div class=\"events-box big-box left\">\n<div class=\"frame\">\n        <a class=\"open-img EnlargeImage\" href=\"https:\/\/www.greenpeace.ch\/static\/planet4-switzerland-stateless\/2019\/05\/9ac449da-9ac449da-gp02fio.jpg\" title=\"VW verhindert sch\u00e4rfere Klimaschutzgesetze\"><br \/>\n            <img decoding=\"async\" id=\"ctl00_cphContentArea_epiEntryContent_ctl00_ctl02_Image1\" title=\"VW verhindert sch\u00e4rfere Klimaschutzgesetze\" class=\"Thumbnail\" src=\"https:\/\/www.greenpeace.ch\/static\/planet4-switzerland-stateless\/2019\/05\/9ac449da-9ac449da-gp02fio.jpg\" alt=\"VW verhindert sch\u00e4rfere Klimaschutzgesetze\" style=\"border-width:0px;\"><\/p>\n<p>        <\/a>\n    <\/div>\n<div class=\"events-content\">\n        <span class=\"date\"><\/span><br \/>\n        <strong>VW verhindert sch\u00e4rfere Klimaschutzgesetze<\/strong><\/p>\n<p>\n            \u00a9 Greenpeace\n        <\/p>\n<\/p>\n<\/div>\n<\/div>\n<p> <!-- END DYNAMIC CONTENT --><br \/><\/strong><\/p>\n<p>Mit einer <a title=\"Der Rebellion beitreten\" href=\"http:\/\/www.vwdarkside.com\/de\" target=\"_blank\" rel=\"noopener noreferrer\">Parodie<\/a> auf den VW-Spot <em>The Force<\/em> wirft Greenpeace Gro\u00dfbritannien jetzt ein Licht auf die <em>dunkle<\/em> Seite des Konzerns: der Konzern bek\u00e4mpft sch\u00e4rfere Klimaschutzgesetze. Dabei handelt es sich um eine Weiterf\u00fchrung der <a title=\"VW Originalspot\" href=\"https:\/\/www.youtube.com\/watch?v=R55e-uHQna0\" target=\"_blank\" rel=\"noopener noreferrer\">Original-VW-Werbung<\/a>. In der Hauptrolle: der Autohersteller als der <em>b\u00f6se<\/em> Darth Vader, den die Kinder, allesamt Star-Wars-Charaktere, im Visier haben.<\/p>\n<p><strong>Der Marktf\u00fchrer tr\u00e4gt Verantwortung<\/strong><\/p>\n<p>Hintergrund ist ein von Greenpeace ver\u00f6ffentlichter <a href=\"http:\/\/vwdarkside.com\/de\/pages\/vw-report\" target=\"_blank\" rel=\"noopener noreferrer\">Bericht<\/a>, der zeigt: Als europaweit gr\u00f6\u00dfter Konzern mit dem h\u00f6chsten CO<sub>2<\/sub>-Fu\u00dfabdruck tr\u00e4gt VW eine \u00fcberragende Verantwortung bei der Verbrauchsminderung. Greenpeace fordert VW daher auf, die dazu notwendige und bereits vorhandene Spritspar-Technologie ohne Aufpreis f\u00fcr jeden Kunden verf\u00fcgbar zu machen. Auf der oben genannten Website k\u00f6nnen sich User direkt an dieser <em>Rebellion<\/em> beteiligen.<\/p>\n<p>Aus dem Bericht geht hervor, wie der Autohersteller seit Jahren mit der Entwicklung von Ein-, Zwei- und Drei-Liter-Autos verbl\u00fcfft \u2013 w\u00e4hrend er im Verkauf vor allem auf Spritschlucker setzt. Die vorhandene Technik (BlueMotion) gibt der Autohersteller nur in geringem Umfang und zu erh\u00f6hten Preisen an seine Kundschaft weiter. Des Weiteren ist der Konzern mit Lobbyarbeit gegen den Klimaschutz aktiv.<\/p>\n<p><strong>Schlaglicht auf die dunkle Seite des Volkswagen-Konzerns<\/strong><\/p>\n<p>Der Einfluss von VW ist nicht nur bestimmend f\u00fcr die gesamte europ\u00e4ische Modellpolitik anderer Hersteller, er geht weit dar\u00fcber hinaus: Der Konzern ist zum Beispiel dagegen, dass die europ\u00e4ischen CO<sub>2<\/sub>-Grenzwerte versch\u00e4rft werden und gegen die Festschreibung eines europ\u00e4ischen Klimaziels von 30 Prozent. Der Automobilhersteller argumentiert, dies w\u00fcrde zu einer \u201cDeindustrialisierung Europas\u201d f\u00fchren.<\/p>\n<p>Greenpeace fordert, dass der Marktf\u00fchrer seine besonders r\u00fcckst\u00e4ndige und verbrauchsintensive Version des Golfs ersatzlos vom Markt nimmt und dass der n\u00e4chste Golf (Golf VII) weniger als drei Liter verbraucht. Au\u00dferdem soll sich der Konzern an die Spitze der Bewegung f\u00fcr scharfe Abgasgrenzwerte und mehr Klimaschutz setzen. Wir wollen erreichen, dass Volkswagen sich von seiner <em>dunklen<\/em> Seite emanzipiert und auf die <em>helle<\/em> Seite kommt.\u00a0<\/p>\n<\/div>\n<\/div>\n","protected":false},"excerpt":{"rendered":"<p>Seit einigen Wochen ist ein neuer VW-Werbespot im Fernsehen zu sehen: Ein Kind im Darth-Vader-Kost\u00fcm m\u00f6chte mit Hilfe der Macht den Alltag bezwingen, aber scheitert kl\u00e4glich \u2013 au\u00dfer beim VW&hellip;<\/p>\n","protected":false},"author":23,"featured_media":14878,"comment_status":"closed","ping_status":"open","sticky":false,"template":"","format":"standard","meta":{"_acf_changed":false,"_planet4_optimize_post_is_variant":false,"_planet4_optimize_experiment_name":"","_planet4_optimize_variant_name":"","ep_exclude_from_search":false,"p4_og_title":"","p4_og_description":"","p4_og_image":"","p4_og_image_id":"","p4_seo_canonical_url":"","p4_campaign_name":"","p4_local_project":"","p4_basket_name":"","p4_department":"","footnotes":""},"categories":[1],"tags":[50],"p4-page-type":[75],"gpch-article-type":[],"class_list":["post-14876","post","type-post","status-publish","format-standard","has-post-thumbnail","hentry","category-unkategorisiert","tag-klima","p4-page-type-story"],"acf":[],"_links":{"self":[{"href":"https:\/\/www.greenpeace.ch\/de\/wp-json\/wp\/v2\/posts\/14876","targetHints":{"allow":["GET"]}}],"collection":[{"href":"https:\/\/www.greenpeace.ch\/de\/wp-json\/wp\/v2\/posts"}],"about":[{"href":"https:\/\/www.greenpeace.ch\/de\/wp-json\/wp\/v2\/types\/post"}],"author":[{"embeddable":true,"href":"https:\/\/www.greenpeace.ch\/de\/wp-json\/wp\/v2\/users\/23"}],"replies":[{"embeddable":true,"href":"https:\/\/www.greenpeace.ch\/de\/wp-json\/wp\/v2\/comments?post=14876"}],"version-history":[{"count":0,"href":"https:\/\/www.greenpeace.ch\/de\/wp-json\/wp\/v2\/posts\/14876\/revisions"}],"wp:featuredmedia":[{"embeddable":true,"href":"https:\/\/www.greenpeace.ch\/de\/wp-json\/wp\/v2\/media\/14878"}],"wp:attachment":[{"href":"https:\/\/www.greenpeace.ch\/de\/wp-json\/wp\/v2\/media?parent=14876"}],"wp:term":[{"taxonomy":"category","embeddable":true,"href":"https:\/\/www.greenpeace.ch\/de\/wp-json\/wp\/v2\/categories?post=14876"},{"taxonomy":"post_tag","embeddable":true,"href":"https:\/\/www.greenpeace.ch\/de\/wp-json\/wp\/v2\/tags?post=14876"},{"taxonomy":"p4-page-type","embeddable":true,"href":"https:\/\/www.greenpeace.ch\/de\/wp-json\/wp\/v2\/p4-page-type?post=14876"},{"taxonomy":"gpch-article-type","embeddable":true,"href":"https:\/\/www.greenpeace.ch\/de\/wp-json\/wp\/v2\/gpch-article-type?post=14876"}],"curies":[{"name":"wp","href":"https:\/\/api.w.org\/{rel}","templated":true}]}}