{"id":14880,"date":"2011-06-16T00:00:00","date_gmt":"2011-06-15T22:00:00","guid":{"rendered":"https:\/\/master.greenpeace.ch\/beitrag\/14880\/kumi-naidoo-im-einsatz-fuer-die-arktis-verhaftet\/"},"modified":"2019-05-30T12:45:47","modified_gmt":"2019-05-30T10:45:47","slug":"kumi-naidoo-im-einsatz-fuer-die-arktis-verhaftet","status":"publish","type":"post","link":"https:\/\/www.greenpeace.ch\/de\/story\/14880\/kumi-naidoo-im-einsatz-fuer-die-arktis-verhaftet\/","title":{"rendered":"Kumi Naidoo im Einsatz f\u00fcr die Arktis verhaftet"},"content":{"rendered":"<p><b>Kumi Naidoo, der internationale Gesch\u00e4ftsf\u00fchrer von Greenpeace, hat heute pers\u00f6nlich die \u00d6lplattform Leiv Eiriksson bestiegen. Er fordert von der Betreiberfirma Cairn Energy die Ver\u00f6ffentlichung eines Notfallplans. 20 Greenpeace-Aktivisten, die die Plattform in den vergangenen Tagen ebenfalls erklettert hatten, wurden allesamt festgenommen \u2013 so gerade auch Kumi Naidoo.<\/b><\/p>\n<div>\n<p><!-- START DYNAMIC CONTENT --><\/p>\n<div class=\"events-box small-box left\">\n<div class=\"frame\">\n        <a class=\"open-img EnlargeImage\" href=\"https:\/\/www.greenpeace.ch\/static\/planet4-switzerland-stateless\/2019\/05\/b04f96f4-b04f96f4-kuminaidooleiveiriksson.jpg\" title=\"\u201cCairn hat etwas zu verbergen\u201d Kumi Naidoo \u00a9Greenpeace\/Rezac\"><br \/>\n            <img decoding=\"async\" id=\"ctl00_cphContentArea_Property3_ctl00_ctl02_Image1\" title=\"\u201cCairn hat etwas zu verbergen\u201d Kumi Naidoo \u00a9Greenpeace\/Rezac\" class=\"Thumbnail\" src=\"https:\/\/www.greenpeace.ch\/static\/planet4-switzerland-stateless\/2019\/05\/b04f96f4-b04f96f4-kuminaidooleiveiriksson.jpg\" alt=\"\u201cCairn hat etwas zu verbergen\u201d Kumi Naidoo \u00a9Greenpeace\/Rezac\" style=\"border-width:0px;\"><\/p>\n<p>        <\/a>\n    <\/div>\n<div class=\"events-content hidden-paragraph\">\n        <span class=\"date\"><\/span><br \/>\n        <strong>\u201cCairn hat etwas zu verbergen\u201d Kumi Naidoo \u00a9Greenpeace\/Rezac<\/strong><\/p>\n<\/p>\n<\/div>\n<\/div>\n<p> <!-- END DYNAMIC CONTENT --><\/p>\n<p>Mit einem Schlauchboot fuhr Naidoo im Morgengrauen vom Greenpeace-Schiff Esperanza aus in die Sperrzone, die die \u00d6lfirma Greenpeace auferlegt hatte. Dann kletterte er eine 30 Meter hohe Leiter zur \u00d6lplattform hinauf, wo er Einsicht in den Notfallplan der \u00d6lfirma einfordert. Dieser soll dokumentieren, wie eine Katastrophe im Ausmass von der Depwater Horizon verhindert werden k\u00f6nne. Im Gep\u00e4ck bei diesem gef\u00e4hrlichen Einsatz hat Naidoo 50.000 Unterschriften von Menschen aus aller Welt, die seine Forderung an Cairn unterst\u00fctzen.<\/p>\n<p>Doch zur Unterschriften\u00fcbergabe ist es nie gekommen: Die Betreiber hatten alle T\u00fcren verschlie\u00dfen lassen, um Naidoo an der \u00dcbergabe zu hindern. Vertreter der d\u00e4nischen Marine wurden per Helikopter auf die \u00d6lplattform geflogen und nahmen Naidoo dort fest.<\/p>\n<p>Kurz vor seiner \u00dcberfahrt zur Leiv Eiriksson hatte der 45-j\u00e4hrige Gesch\u00e4ftsf\u00fchrer von Greenpeace International gesagt: \u00abF\u00fcr mich ist dies einer der entscheidender K\u00e4mpfe f\u00fcr unsere Umwelt unserer Zeit. \u00d6lbohrungen in den arktischen Gew\u00e4ssern sind ernsthafte Bedrohungen f\u00fcr unser Klima, sodass Greenpeace keine andere Wahl hatte, als es weiter zu probieren.\u00bb\u00a0Greenpeace-Aktivisten hatten in den letzten Wochen immer wieder die Offenlegung des Plans gefordert: Zwei von ihnen hatten zum Beispiel tagelang in einer \u00dcberlebenskapsel unter der \u00d6lplattform ausgeharrt, um die Arbeiten hinauszuz\u00f6gern. 18 weitere Aktivisten hatten die Bohrinsel erklettert und den Notfallplan beim Plattformleiter eingefordert, w\u00e4hrend sich einige von ihnen in Krankabinen verschanzten. Alle 20 wurden daraufhin in das Gef\u00e4ngnis der gr\u00f6nl\u00e4ndischen Haupstadt Nuuk gebracht. Da die \u00d6lfirma Cairn die Offenlegung bisher strikt verweigert hatte, wagte Kumi Naidoo selbst nun freiwillig einen weiteren Versuch.<\/p>\n<p>\u00abCairn hat etwas zu verbergen\u00bb, erkl\u00e4rt der Greenpeace-Chef. \u00abDie Betreiber wollen den Notfallplan nicht ver\u00f6ffentlichen, weil ein solcher offensichtlich nicht existiert. Vielleicht fragen sich die Menschen jetzt, warum ich mich als B\u00fcrger afrikanischer Abstammung darum sorge, was in der Arktis passiert. Aber es ist wissenschaftlich erwiesen, dass \u00d6lbohrungen in der Arktis die globale Erw\u00e4rmung vorantreiben. Und dies hat schlimme Konsequenzen f\u00fcr die Menschen auf der ganzen Welt.\u00bb<\/p>\n<p><!-- START DYNAMIC CONTENT --><iframe loading=\"lazy\" width=\"560\" height=\"349\" src=\"https:\/\/www.youtube.com\/embed\/psoEt4rzHbs\" frameborder=\"0\" allowfullscreen=\"\"><\/iframe><!-- END DYNAMIC CONTENT --><\/p>\n<h2>1. Die Arktis: <a href=\"http:\/\/www.greenpeace.org\/switzerland\/de\/Kampagnen\/Stromzukunft-Schweiz\/Klima\/arctic-impacts\/\"><\/a><!-- START DYNAMIC CONTENT --><\/p>\n<div class=\"listings items\">\n<h3 title=\"\u00dcbersicht und Aktuelles\">\u00dcbersicht und Aktuelles<\/h3>\n<div class=\"\">\n<ul>\n<li>\n    <a title=\"\u00dcbersicht und Aktuelles\" href=\"\/switzerland\/de\/Themen\/Stromzukunft-Schweiz\/Klima\/arctic-impacts\/\"><br \/>\n            <span><br \/>\n\t            <img decoding=\"async\" title=\"\u00dcbersicht und Aktuelles\" src=\"https:\/\/www.greenpeace.ch\/wp-content\/uploads\/2017\/01\/polarbear-reflection.jpg\" alt=\"\u00dcbersicht und Aktuelles\" style=\"border-width:0px;\"><br \/>\n\t        <\/span><br \/>\n\t    \u00dcbersicht und Aktuelles<\/a>\t<\/p>\n<p class=\"contenttype\">\u00dcbersichtsseite<\/p>\n<div class=\"text\">\n<p>\n    <a title=\"Mehr...\" href=\"\/switzerland\/de\/Themen\/Stromzukunft-Schweiz\/Klima\/arctic-impacts\/\">Mehr&#8230;<\/a><\/p>\n<\/div>\n<\/li>\n<\/ul>\n<\/div>\n<\/div>\n<p> <!-- END DYNAMIC CONTENT --><\/h2>\n<h2>2. Take Action: <a href=\"http:\/\/www.greenpeace.org\/international\/en\/campaigns\/climate-change\/arctic-impacts\/Help-us-protect-the-Arctic\/\"><\/a><!-- START DYNAMIC CONTENT --><\/p>\n<div class=\"listings items\">\n<h3 title=\"Take Action\">Take Action<\/h3>\n<div class=\"\">\n<ul>\n<li>\n    <a title=\"Selber eine E-Mail an Cairn schicken\" href=\"http:\/\/www.greenpeace.org\/international\/en\/campaigns\/climate-change\/arctic-impacts\/Help-us-protect-the-Arctic\/\">Selber eine E-Mail an Cairn schicken<\/a>\t<\/p>\n<p class=\"contenttype\">Link<\/p>\n<div class=\"text\">\n<p>\n    <a title=\"Mehr...\" href=\"http:\/\/www.greenpeace.org\/international\/en\/campaigns\/climate-change\/arctic-impacts\/Help-us-protect-the-Arctic\/\">Mehr&#8230;<\/a><\/p>\n<\/div>\n<\/li>\n<\/ul>\n<\/div>\n<\/div>\n<p> <!-- END DYNAMIC CONTENT --><\/h2>\n<h2>3. Facebook: Eine Nachricht f\u00fcr Kumi hinterlassen<\/h2>\n<p>\u00a0<\/p>\n<p><!-- START DYNAMIC CONTENT -->\n<\/p>\n<div id=\"fb-root\"><\/div>\n<p><script src=\"http:\/\/connect.facebook.net\/en_US\/all.js#xfbml=1\"><\/script><comments href=\"http:\/\/www.greenpeace.org\/international\/en\/news\/Blogs\/makingwaves\/video-kumi-naidoo-leads-from-the-front-in-dar\/blog\/35359\" num_posts=\"50\" width=\"500\"><\/comments> <!-- END DYNAMIC CONTENT -->\n<\/div>\n","protected":false},"excerpt":{"rendered":"<p>Kumi Naidoo, der internationale Gesch\u00e4ftsf\u00fchrer von Greenpeace, hat heute pers\u00f6nlich die \u00d6lplattform Leiv Eiriksson bestiegen. Er fordert von der Betreiberfirma Cairn Energy die Ver\u00f6ffentlichung eines Notfallplans. 20 Greenpeace-Aktivisten, die die&hellip;<\/p>\n","protected":false},"author":23,"featured_media":14882,"comment_status":"closed","ping_status":"open","sticky":false,"template":"","format":"standard","meta":{"_acf_changed":false,"_planet4_optimize_post_is_variant":false,"_planet4_optimize_experiment_name":"","_planet4_optimize_variant_name":"","ep_exclude_from_search":false,"p4_og_title":"","p4_og_description":"","p4_og_image":"","p4_og_image_id":"","p4_seo_canonical_url":"","p4_campaign_name":"","p4_local_project":"","p4_basket_name":"","p4_department":"","footnotes":""},"categories":[1],"tags":[],"p4-page-type":[75],"gpch-article-type":[],"class_list":["post-14880","post","type-post","status-publish","format-standard","has-post-thumbnail","hentry","category-unkategorisiert","p4-page-type-story"],"acf":[],"_links":{"self":[{"href":"https:\/\/www.greenpeace.ch\/de\/wp-json\/wp\/v2\/posts\/14880","targetHints":{"allow":["GET"]}}],"collection":[{"href":"https:\/\/www.greenpeace.ch\/de\/wp-json\/wp\/v2\/posts"}],"about":[{"href":"https:\/\/www.greenpeace.ch\/de\/wp-json\/wp\/v2\/types\/post"}],"author":[{"embeddable":true,"href":"https:\/\/www.greenpeace.ch\/de\/wp-json\/wp\/v2\/users\/23"}],"replies":[{"embeddable":true,"href":"https:\/\/www.greenpeace.ch\/de\/wp-json\/wp\/v2\/comments?post=14880"}],"version-history":[{"count":0,"href":"https:\/\/www.greenpeace.ch\/de\/wp-json\/wp\/v2\/posts\/14880\/revisions"}],"wp:featuredmedia":[{"embeddable":true,"href":"https:\/\/www.greenpeace.ch\/de\/wp-json\/wp\/v2\/media\/14882"}],"wp:attachment":[{"href":"https:\/\/www.greenpeace.ch\/de\/wp-json\/wp\/v2\/media?parent=14880"}],"wp:term":[{"taxonomy":"category","embeddable":true,"href":"https:\/\/www.greenpeace.ch\/de\/wp-json\/wp\/v2\/categories?post=14880"},{"taxonomy":"post_tag","embeddable":true,"href":"https:\/\/www.greenpeace.ch\/de\/wp-json\/wp\/v2\/tags?post=14880"},{"taxonomy":"p4-page-type","embeddable":true,"href":"https:\/\/www.greenpeace.ch\/de\/wp-json\/wp\/v2\/p4-page-type?post=14880"},{"taxonomy":"gpch-article-type","embeddable":true,"href":"https:\/\/www.greenpeace.ch\/de\/wp-json\/wp\/v2\/gpch-article-type?post=14880"}],"curies":[{"name":"wp","href":"https:\/\/api.w.org\/{rel}","templated":true}]}}