{"id":14886,"date":"2011-07-07T00:00:00","date_gmt":"2011-07-06T22:00:00","guid":{"rendered":"https:\/\/master.greenpeace.ch\/beitrag\/14886\/mit-der-axpo-auf-einem-dach\/"},"modified":"2019-05-30T12:46:00","modified_gmt":"2019-05-30T10:46:00","slug":"mit-der-axpo-auf-einem-dach","status":"publish","type":"post","link":"https:\/\/www.greenpeace.ch\/de\/story\/14886\/mit-der-axpo-auf-einem-dach\/","title":{"rendered":"Mit der Axpo auf einem Dach"},"content":{"rendered":"<p><b><\/b><\/p>\n<div class=\"post-content\">\n<div>\n<div class=\"events-box small-box left\">\n<div class=\"frame\">\n        <a class=\"open-img EnlargeImage\" href=\"https:\/\/www.greenpeace.ch\/static\/planet4-switzerland-stateless\/2019\/05\/2b7de5aa-2b7de5aa-kaspar.jpg\" title=\"Kaspar Schuler, Bereichsleiter Energie- und Klimakampagnen\"><br \/>\n            <img decoding=\"async\" id=\"ctl00_cphContentArea_epiEntryContent_ctl00_ctl02_Image1\" title=\"Kaspar Schuler, Bereichsleiter Energie- und Klimakampagnen\" class=\"Thumbnail\" src=\"https:\/\/www.greenpeace.ch\/static\/planet4-switzerland-stateless\/2019\/05\/2b7de5aa-2b7de5aa-kaspar.jpg\" alt=\"Kaspar Schuler, Bereichsleiter Energie- und Klimakampagnen\" style=\"border-width:0px;\"><\/p>\n<p>        <\/a>\n    <\/div>\n<div class=\"events-content\">\n        <span class=\"date\"><\/span><br \/>\n        <strong>Kaspar Schuler, Bereichsleiter Energie- und Klimakampagnen<\/strong><\/p>\n<p>\n            \u00a9 Greenpeace \/ Christian Grund\n        <\/p>\n<\/p>\n<\/div>\n<\/div>\n<p>&#171;Axpo und Greenpeace arbeiten Hand in Hand&#187; &#8211; die Headline des heutigen Medientages in Spreitenbach\u00a0 irritiert. Das t\u00f6nt harmonisch, beinahe romantisch. Doch dahinter stehen Auseinandersetzungen, die es in sich haben &#8211; steht doch Greenpeace f\u00fcr eine Stromzukunft ohne AKW, die Axpo propagiert Atomstrom.<\/p>\n<p>Die Axpo hat zwei H\u00e4nde: Die eine ist in hoch problematische\u00a0 Gesch\u00e4fte mit Brennstofflieferungen aus dem ber\u00fcchtigten Atomkomplex in Majak verwickelt, die andere packt mit an auf dem Weg in eine zukunftsf\u00e4hige Stromversorgung mit erneuerbaren Energien. Bei den erneuerbaren Energien hat die Axpo bisher vor allem f\u00fcr die Wasserkraft den Daumen hoch gehalten, dem Solarstrom hingegen hat sie nur den kleinen Finger gegeben. Dabei geh\u00f6rt dem Solarstrom die Zukunft, zusammen mit anderen Stromproduktionsarten und der Energie-Effizienz. Und dank dem Bundesrat kann nun nicht mehr zugewartet werden.\u00a0 Das solare Zeitalter muss\u00a0 in der Schweiz jetzt an die Hand genommen werden. Mit der Umwelt Arena steht daf\u00fcr im richtigen Zeitpunkt am richtigen Ort eine \u00e4usserst attraktive St\u00e4tte zur Verf\u00fcgung.<\/p>\n<p>Greenpeace ist stolz darauf, den Anstoss zu dieser Zusammenarbeit gegeben zu haben. Was \u00fcber 10\u2019000 Jugendliche im \u201aJugendsolarprojekt\u2019 seit 13 Jahren zusammen mit pionierhaften Bauherrschaften in der ganzen Schweiz handfest gebaut haben, wird in Spreitenbach geadelt. Die Umwelt Arena zeigt aufs Vortrefflichste: Solarkraft ist schlauer und sch\u00f6ner als jede gigantische Staumauer und jedes permanent bedrohliche Atomkraftwerk.\u00a0<\/p>\n<p>Chapeau f\u00fcr die Axpo, die dem Projekt zugesagt hat,\u00a0 obwohl sie zur gleichen Zeit und weiterhin mit uns in der Auseinandersetzung rund um Majak steht. Greenpeace setzt also in zweierlei Hinsicht auf die Axpo: Wir erwarten, dass sie aus den russischen Liefervertr\u00e4gen aussteigt. Und wir setzen auf \u201eAxpo Solar\u201c. Diese Tochtergesellschaft ist zwar noch zu gr\u00fcnden, doch ich bin sicher, sie wird der wichtigste Gesch\u00e4ftszweig der k\u00fcnftigen Axpo. Dieser erlebt in Spreitenbach, dank der Arbeit der Jugendlichen seine Geburtsstunde. Greenpeace dr\u00fcckt ihnen die Daumen: Zeigt\u2019s der Axpo. Zeigt ihr den Weg in die Zukunft.<\/p>\n<p>\u00a0<\/p>\n<\/p>\n<div class=\"csn listings items multy-border\">\n    <input class=\"hidAjaxInput\" type=\"hidden\" value=\"pid=45391&amp;ti=Mehr \u00fcber das Projekt&amp;s=1&amp;te=0&amp;f=1&amp;mi=3&amp;mt=&amp;mu=&amp;ct=11000000001000\"><\/p>\n<h3 title=\"Mehr \u00fcber das Projekt\">Mehr \u00fcber das Projekt<\/h3>\n<div class=\"\">\n<ul>\n<li class=\"flexible-height\">\n    <a title=\"Energieverbrauch von Internetfirmen: Schnellspur mit Gr\u00fcnstreifen\" href=\"\/switzerland\/de\/News_Stories\/Newsblog\/internetfirmen-schnellspur-mit-gruenstreifen\/blog\/58451\/\"><br \/>\n            <span><br \/>\n\t            <img decoding=\"async\" title=\"Energieverbrauch von Internetfirmen: Schnellspur mit Gr\u00fcnstreifen\" src=\"https:\/\/www.greenpeace.ch\/static\/planet4-switzerland-stateless\/2019\/05\/e37f2422-e37f2422-133113_235420.jpg\" alt=\"Energieverbrauch von Internetfirmen: Schnellspur mit Gr\u00fcnstreifen\" style=\"border-width:0px;\"><br \/>\n\t        <\/span><br \/>\n\t    Energieverbrauch von Internetfirmen: Schnellspur mit Gr\u00fcnstreifen<\/a>\t<\/p>\n<p class=\"contenttype\">Newsblog-Eintrag<\/p>\n<\/li>\n<li class=\"flexible-height\">\n    <a title=\"Greenpeace-AktivistInnen machen Axpo-Hauptsitz zur Blackbox\" href=\"\/switzerland\/de\/News_Stories\/Newsblog\/jetzt-live-greenpeace-aktivistinnen-machen-ax\/blog\/57447\/\"><br \/>\n            <span><br \/>\n\t            <img decoding=\"async\" title=\"Greenpeace-AktivistInnen machen Axpo-Hauptsitz zur Blackbox\" src=\"https:\/\/www.greenpeace.ch\/static\/planet4-switzerland-stateless\/2019\/05\/88de023f-88de023f-130214_227978.jpg\" alt=\"Greenpeace-AktivistInnen machen Axpo-Hauptsitz zur Blackbox\" style=\"border-width:0px;\"><br \/>\n\t        <\/span><br \/>\n\t    Greenpeace-AktivistInnen machen Axpo-Hauptsitz zur Blackbox<\/a>\t<\/p>\n<p class=\"contenttype\">Newsblog-Eintrag<\/p>\n<\/li>\n<li class=\"flexible-height\">\n    <a title=\"Jugendsolarwoche in R\u00fcdtlingen-Alchenfl\u00fch\" href=\"\/switzerland\/de\/Themen\/Jugendsolar\/Fotos-und-Videos\/Fotos\/Jugendsolarwoche-in-Ruedtlingen-Alchenflueh\/\"><br \/>\n            <span><br \/>\n\t            <img decoding=\"async\" title=\"Jugendsolarwoche in R\u00fcdtlingen-Alchenfl\u00fch\" src=\"https:\/\/www.greenpeace.ch\/static\/planet4-switzerland-stateless\/2019\/05\/3e950eb5-3e950eb5-img_0222.jpg\" alt=\"Jugendsolarwoche in R\u00fcdtlingen-Alchenfl\u00fch\" style=\"border-width:0px;\"><br \/>\n\t        <\/span><br \/>\n\t    Jugendsolarwoche in R\u00fcdtlingen-Alchenfl\u00fch<\/a>\t<\/p>\n<p class=\"contenttype\">Fotos<\/p>\n<\/li>\n<\/ul>\n<\/div>\n<\/div>\n<\/div>\n<\/div>\n","protected":false},"excerpt":{"rendered":"<p>Kaspar Schuler, Bereichsleiter Energie- und Klimakampagnen \u00a9 Greenpeace \/ Christian Grund &#8220;Axpo und Greenpeace arbeiten Hand in Hand&#8221; &#8211; die Headline des heutigen Medientages in Spreitenbach\u00a0 irritiert. Das t\u00f6nt harmonisch,&hellip;<\/p>\n","protected":false},"author":23,"featured_media":14888,"comment_status":"closed","ping_status":"open","sticky":false,"template":"","format":"standard","meta":{"_acf_changed":false,"_planet4_optimize_post_is_variant":false,"_planet4_optimize_experiment_name":"","_planet4_optimize_variant_name":"","ep_exclude_from_search":false,"p4_og_title":"","p4_og_description":"","p4_og_image":"","p4_og_image_id":"","p4_seo_canonical_url":"","p4_campaign_name":"","p4_local_project":"","p4_basket_name":"","p4_department":"","footnotes":""},"categories":[1],"tags":[50],"p4-page-type":[75],"gpch-article-type":[],"class_list":["post-14886","post","type-post","status-publish","format-standard","has-post-thumbnail","hentry","category-unkategorisiert","tag-klima","p4-page-type-story"],"acf":[],"_links":{"self":[{"href":"https:\/\/www.greenpeace.ch\/de\/wp-json\/wp\/v2\/posts\/14886","targetHints":{"allow":["GET"]}}],"collection":[{"href":"https:\/\/www.greenpeace.ch\/de\/wp-json\/wp\/v2\/posts"}],"about":[{"href":"https:\/\/www.greenpeace.ch\/de\/wp-json\/wp\/v2\/types\/post"}],"author":[{"embeddable":true,"href":"https:\/\/www.greenpeace.ch\/de\/wp-json\/wp\/v2\/users\/23"}],"replies":[{"embeddable":true,"href":"https:\/\/www.greenpeace.ch\/de\/wp-json\/wp\/v2\/comments?post=14886"}],"version-history":[{"count":0,"href":"https:\/\/www.greenpeace.ch\/de\/wp-json\/wp\/v2\/posts\/14886\/revisions"}],"wp:featuredmedia":[{"embeddable":true,"href":"https:\/\/www.greenpeace.ch\/de\/wp-json\/wp\/v2\/media\/14888"}],"wp:attachment":[{"href":"https:\/\/www.greenpeace.ch\/de\/wp-json\/wp\/v2\/media?parent=14886"}],"wp:term":[{"taxonomy":"category","embeddable":true,"href":"https:\/\/www.greenpeace.ch\/de\/wp-json\/wp\/v2\/categories?post=14886"},{"taxonomy":"post_tag","embeddable":true,"href":"https:\/\/www.greenpeace.ch\/de\/wp-json\/wp\/v2\/tags?post=14886"},{"taxonomy":"p4-page-type","embeddable":true,"href":"https:\/\/www.greenpeace.ch\/de\/wp-json\/wp\/v2\/p4-page-type?post=14886"},{"taxonomy":"gpch-article-type","embeddable":true,"href":"https:\/\/www.greenpeace.ch\/de\/wp-json\/wp\/v2\/gpch-article-type?post=14886"}],"curies":[{"name":"wp","href":"https:\/\/api.w.org\/{rel}","templated":true}]}}