{"id":14893,"date":"2011-06-20T00:00:00","date_gmt":"2011-06-19T22:00:00","guid":{"rendered":"https:\/\/master.greenpeace.ch\/beitrag\/14893\/vatertag-im-gefaengnis\/"},"modified":"2019-05-30T12:46:11","modified_gmt":"2019-05-30T10:46:11","slug":"vatertag-im-gefaengnis","status":"publish","type":"post","link":"https:\/\/www.greenpeace.ch\/de\/story\/14893\/vatertag-im-gefaengnis\/","title":{"rendered":"Vatertag im Gef\u00e4ngnis"},"content":{"rendered":"<p><b>Kumi Naidoo &#8211; der internationale Greenpeace-Chef ist seit seiner Festnahme am 17 Juni, wegen Besteigens einer \u00d6lplattform der Firma Cairn Energy in der Arktis, nach wie vor in einem Gef\u00e4ngnis in Gr\u00f6nland inhaftiert. Seine Tochter Naomi schrieb ihm einen offenen Brief zum Vatertag.<\/b><\/p>\n<div class=\"post-content\">\n<div>\n<p>Kumi Naidoo &#8211; der internationale Greenpeace-Chef ist seit seiner Festnahme am 17 Juni, wegen <a href=\"http:\/\/www.greenpeace.org\/switzerland\/de\/Kampagnen\/Stromzukunft-Schweiz\/Klima\/arctic-impacts\/kumi-naidoo-arktis\/\">Besteigens einer \u00d6lplattform der Firma Cairn Energy in der Arktis<\/a>, nach wie vor in einem Gef\u00e4ngnis in Gr\u00f6nland inhaftiert. Seine Tochter Naomi schrieb ihm einen offenen Brief zum Vatertag.<\/p>\n<p><!-- START DYNAMIC CONTENT --><\/p>\n<div class=\"events-box big-box left\">\n<div class=\"frame\">\n        <a class=\"open-img EnlargeImage\" href=\"https:\/\/www.greenpeace.ch\/static\/planet4-switzerland-stateless\/2019\/05\/d4cf515d-d4cf515d-110620fathersday.jpg\" title=\"\"><br \/>\n            <img decoding=\"async\" id=\"ctl00_cphContentArea_epiEntryContent_ctl00_ctl02_Image1\" class=\"Thumbnail\" src=\"https:\/\/www.greenpeace.ch\/static\/planet4-switzerland-stateless\/2019\/05\/d4cf515d-d4cf515d-110620fathersday.jpg\" alt=\"\" style=\"border-width:0px;\"><\/p>\n<p>        <\/a>\n    <\/div>\n<div class=\"events-content no-title\">\n        <span class=\"date\"><\/span><br \/>\n        <strong><\/strong><\/p>\n<p>\n            \u00a9 Greenpeace\n        <\/p>\n<\/p>\n<\/div>\n<\/div>\n<p> <!-- END DYNAMIC CONTENT --><\/p>\n<p>Dear Dad,<\/p>\n<p>As my friends and flatmates go to visit their fathers on father&#8217;s  day, I am both proud and saddened to know that you are being held in  custody in Greenland after standing up against the madness of Arctic oil  drilling. Watching the videos of you braving the freezing water cannons  to scale that massive Arctic oil rig, I can truthfully say that I will  spend this father&#8217;s day being proud to be your daughter.\u2028<\/p>\n<p><!-- START DYNAMIC CONTENT --><\/p>\n<div class=\"events-box small-box right\">\n<div class=\"frame\">\n        <a class=\"open-img EnlargeImage\" href=\"https:\/\/www.greenpeace.ch\/static\/planet4-switzerland-stateless\/2019\/05\/c8956c3e-c8956c3e-110620kumi.jpg\" title=\"\"><br \/>\n            <img decoding=\"async\" id=\"ctl00_cphContentArea_epiEntryContent_ctl00_ctl04_Image1\" class=\"Thumbnail\" src=\"https:\/\/www.greenpeace.ch\/static\/planet4-switzerland-stateless\/2019\/05\/c8956c3e-c8956c3e-110620kumi.jpg\" alt=\"\" style=\"border-width:0px;\"><\/p>\n<p>        <\/a>\n    <\/div>\n<div class=\"events-content no-title\">\n        <span class=\"date\"><\/span><br \/>\n        <strong><\/strong><\/p>\n<p>\n            \u00a9 Greenpeace\n        <\/p>\n<\/p>\n<\/div>\n<\/div>\n<p> <!-- END DYNAMIC CONTENT --><\/p>\n<p>There are many reasons why I am glad you are my father. First, you  made sure that as a child I became aware of issues of social, economic,  gender and environmental justice. It has never been more to clear to me  that the Earth is a fragile place that needs protection, and if it  continues to be exploited in ways such as is currently being done in the  Arctic, it will not be long before there is nothing left. It seems  completely crazy that the melting ice may spur a whole new oil rush  there in the Arctic. It is clear to me, and all the many Greenpeace  supporters across the world who are behind you, that brave and direct  action like yours is the only hope we have that sanity may prevail over  madness.<\/p>\n<p>You are always in my thoughts and the thoughts of the rest of our  family who are contacting me constantly incase of any news or updates.  Most are asking whether you had time to pack the right clothes and dress  up warm, worried that the Arctic is not quite ideal weather conditions  for an African man. Others are worried about how you are coping on  prison food. I have assured them not to worry and that you are hopefully  catching up on your lack of sleep a little whilst there; I guess this  is one positive outcome of you being in jail.<\/p>\n<p>Please look after yourself as best as you can. I hope we can get in  contact soon, or, even better, we won&#8217;t need to because we will be able  to see each other. If you are still speaking to me that is, as I hope  you are not sitting in that cell blaming me &#8230; I know that my  encouraging you to take the Greenpeace job was one of your major  motivations.<\/p>\n<p>Lots of love,<\/p>\n<p>Naomi<br \/>&#8230;&#8230;&#8230;&#8230;&#8230;&#8230;&#8230;&#8230;&#8230;&#8230;&#8230;&#8230;&#8230;&#8230;&#8230;&#8230;&#8230;&#8230;&#8230;&#8230;&#8230;&#8230;&#8230;&#8230;&#8230;&#8230;&#8230;&#8230;&#8230;&#8230;&#8230;&#8230;&#8230;&#8230;&#8230;&#8230;&#8230;&#8230;&#8230;&#8230;&#8230;&#8230;&#8230;&#8230;&#8230;&#8230;&#8230;&#8230;&#8230;&#8230;&#8230;&#8230;.<\/p>\n<p>My Dearest Darling Naomi,<\/p>\n<p><!-- START DYNAMIC CONTENT --><\/p>\n<div class=\"events-box small-box right\">\n<div class=\"frame\">\n        <a class=\"open-img EnlargeImage\" href=\"https:\/\/www.greenpeace.ch\/static\/planet4-switzerland-stateless\/2019\/05\/9528ab38-9528ab38-110620naomi_naidoo.jpg\" title=\"\"><br \/>\n            <img decoding=\"async\" id=\"ctl00_cphContentArea_epiEntryContent_ctl00_ctl06_Image1\" class=\"Thumbnail\" src=\"https:\/\/www.greenpeace.ch\/static\/planet4-switzerland-stateless\/2019\/05\/9528ab38-9528ab38-110620naomi_naidoo.jpg\" alt=\"\" style=\"border-width:0px;\"><\/p>\n<p>        <\/a>\n    <\/div>\n<div class=\"events-content no-title\">\n        <span class=\"date\"><\/span><br \/>\n        <strong><\/strong><\/p>\n<p>\n            \u00a9 Greenpeace\n        <\/p>\n<\/p>\n<\/div>\n<\/div>\n<p><!-- END DYNAMIC CONTENT --><\/p>\n<p>I hope this letter finds you well. I am so sorry not to be with you  or even able to call you on Father&#8217;s day. I just wanted you to know that  I am fine , I miss you stacks, and as always I love you with all my  heart.<\/p>\n<p>The prison staff here in Greenland are kind and are treating us well.  We get three decent meals a day (though I miss spicy food!) and we get  two 30 min walks in the fresh air each day.<\/p>\n<p>While this struggle to prevent the destruction of the Arctic might  appear remote, it is fundamental for all of humanity. It is global  warming that has threatened the livelihoods of millions and the melting  of the Arctic ice cap leads to sea level rise around the world.  Therefore it is important that we get our leaders to stop recklessly  chasing the last drops of oil that exist at the expense of pursuing  better alternatives.<\/p>\n<p>And there is the threat of war and conflict as different nations  fight over who should control the Arctic resources. So this is also  about peace.<\/p>\n<p>I look forward to seeing you soon and don&#8217;t want you to worry about me. Take care babes. Love you lots, Daddy.<\/p>\n<p>&#8230;&#8230;&#8230;&#8230;&#8230;&#8230;&#8230;&#8230;&#8230;&#8230;&#8230;&#8230;&#8230;&#8230;&#8230;&#8230;&#8230;&#8230;&#8230;&#8230;&#8230;&#8230;&#8230;&#8230;&#8230;&#8230;&#8230;&#8230;&#8230;&#8230;&#8230;&#8230;&#8230;&#8230;&#8230;&#8230;&#8230;&#8230;&#8230;&#8230;&#8230;&#8230;&#8230;&#8230;&#8230;&#8230;&#8230;&#8230;&#8230;&#8230;&#8230;&#8230;.<\/p>\n<p><a href=\"http:\/\/www.greenpeace.org\/switzerland\/de\/Kampagnen\/Stromzukunft-Schweiz\/Klima\/arctic-impacts\/kumi-naidoo-arktis\/\">Die Hintergr\u00fcnd zu Kumi&#8217;s Verhaftung<\/a><\/p>\n<\/div>\n<\/div>\n","protected":false},"excerpt":{"rendered":"<p>Kumi Naidoo &#8211; der internationale Greenpeace-Chef ist seit seiner Festnahme am 17 Juni, wegen Besteigens einer \u00d6lplattform der Firma Cairn Energy in der Arktis, nach wie vor in einem Gef\u00e4ngnis&hellip;<\/p>\n","protected":false},"author":23,"featured_media":14895,"comment_status":"closed","ping_status":"open","sticky":false,"template":"","format":"standard","meta":{"_acf_changed":false,"_planet4_optimize_post_is_variant":false,"_planet4_optimize_experiment_name":"","_planet4_optimize_variant_name":"","ep_exclude_from_search":false,"p4_og_title":"","p4_og_description":"","p4_og_image":"","p4_og_image_id":"","p4_seo_canonical_url":"","p4_campaign_name":"","p4_local_project":"","p4_basket_name":"","p4_department":"","footnotes":""},"categories":[1],"tags":[50],"p4-page-type":[75],"gpch-article-type":[],"class_list":["post-14893","post","type-post","status-publish","format-standard","has-post-thumbnail","hentry","category-unkategorisiert","tag-klima","p4-page-type-story"],"acf":[],"_links":{"self":[{"href":"https:\/\/www.greenpeace.ch\/de\/wp-json\/wp\/v2\/posts\/14893","targetHints":{"allow":["GET"]}}],"collection":[{"href":"https:\/\/www.greenpeace.ch\/de\/wp-json\/wp\/v2\/posts"}],"about":[{"href":"https:\/\/www.greenpeace.ch\/de\/wp-json\/wp\/v2\/types\/post"}],"author":[{"embeddable":true,"href":"https:\/\/www.greenpeace.ch\/de\/wp-json\/wp\/v2\/users\/23"}],"replies":[{"embeddable":true,"href":"https:\/\/www.greenpeace.ch\/de\/wp-json\/wp\/v2\/comments?post=14893"}],"version-history":[{"count":0,"href":"https:\/\/www.greenpeace.ch\/de\/wp-json\/wp\/v2\/posts\/14893\/revisions"}],"wp:featuredmedia":[{"embeddable":true,"href":"https:\/\/www.greenpeace.ch\/de\/wp-json\/wp\/v2\/media\/14895"}],"wp:attachment":[{"href":"https:\/\/www.greenpeace.ch\/de\/wp-json\/wp\/v2\/media?parent=14893"}],"wp:term":[{"taxonomy":"category","embeddable":true,"href":"https:\/\/www.greenpeace.ch\/de\/wp-json\/wp\/v2\/categories?post=14893"},{"taxonomy":"post_tag","embeddable":true,"href":"https:\/\/www.greenpeace.ch\/de\/wp-json\/wp\/v2\/tags?post=14893"},{"taxonomy":"p4-page-type","embeddable":true,"href":"https:\/\/www.greenpeace.ch\/de\/wp-json\/wp\/v2\/p4-page-type?post=14893"},{"taxonomy":"gpch-article-type","embeddable":true,"href":"https:\/\/www.greenpeace.ch\/de\/wp-json\/wp\/v2\/gpch-article-type?post=14893"}],"curies":[{"name":"wp","href":"https:\/\/api.w.org\/{rel}","templated":true}]}}