{"id":14914,"date":"2011-06-21T00:00:00","date_gmt":"2011-06-20T22:00:00","guid":{"rendered":"https:\/\/master.greenpeace.ch\/beitrag\/14914\/akw-ade-protestcamp-geraeumt\/"},"modified":"2019-05-30T12:46:38","modified_gmt":"2019-05-30T10:46:38","slug":"akw-ade-protestcamp-geraeumt","status":"publish","type":"post","link":"https:\/\/www.greenpeace.ch\/de\/story\/14914\/akw-ade-protestcamp-geraeumt\/","title":{"rendered":"AKW-ADE-Protestcamp ger\u00e4umt"},"content":{"rendered":"<p><b><\/b><\/p>\n<div class=\"post-content\">\n<div>\n\t<!-- START DYNAMIC CONTENT --><\/p>\n<div class=\"events-box middle-box left\">\n<div class=\"frame\">\n        <a class=\"open-img EnlargeImage\" href=\"https:\/\/www.greenpeace.ch\/static\/planet4-switzerland-stateless\/2019\/05\/da9e9b31-da9e9b31-foj_1145.jpg\" title=\"Friedliches Camp wurde dem Erdboden gleich gemacht.\"><br \/>\n            <img decoding=\"async\" id=\"ctl00_cphContentArea_epiEntryContent_ctl00_ctl02_Image1\" title=\"Friedliches Camp wurde dem Erdboden gleich gemacht.\" class=\"Thumbnail\" src=\"https:\/\/www.greenpeace.ch\/static\/planet4-switzerland-stateless\/2019\/05\/da9e9b31-da9e9b31-foj_1145.jpg\" alt=\"Friedliches Camp wurde dem Erdboden gleich gemacht.\" style=\"border-width:0px;\"><\/p>\n<p>        <\/a>\n    <\/div>\n<div class=\"events-content\">\n        <span class=\"date\"><\/span><br \/>\n        <strong>Friedliches Camp wurde dem Erdboden gleich gemacht.<\/strong><\/p>\n<p>\n            \u00a9 Greenpeace \/ Fojtu\n        <\/p>\n<\/p>\n<\/div>\n<\/div>\n<p><!-- END DYNAMIC CONTENT --><\/p>\n<p>Heute Nacht wurde \u00fcberraschend das AKW-Protestcamp vor dem Hauptsitz des Berner Energiekonzerns BKW ger\u00e4umt. Zuletzt waren es 26 Aktivisten und Aktivistinnen, die sich vor Ort mit Mut und Ausdauer f\u00fcr das Abschalten des maroden Atomreaktors in M\u00fchleberg stark machten. Greenpeace sprach heute mit Theo, einem von ihnen:<\/p>\n<p>\u201eIch bin sehr entt\u00e4uscht von Stadtpr\u00e4sident Alex Tsch\u00e4pp\u00e4t. Wir haben mit ihm immer wieder offene und vertrauensvolle Gespr\u00e4che gef\u00fchrt. Vergangene Woche hatte er uns mitgeteilt, am Mittwoch den 22. Juni \u2013 also morgen \u2013 werde im Gemeinderat \u00fcber das weitere Vorgehen bez\u00fcglich Protestcamp entschieden. Entsprechend konnte ich es kaum glauben, als ich heute fr\u00fch von zwei Polizisten geweckt wurde, die dabei waren, mein Zelt \u00fcber mir zusammen zu brechen. Es ging keine Aufforderung voraus, das Gel\u00e4nde zu verlassen. Wir wurden gleich in Handschellen gelegt und in mehreren Kastenwagen abtransportiert. Kaum war das Material weg, kam die Stadtg\u00e4rtnerei und pfl\u00fcgte das Areal um.<\/p>\n<p>Sogar die SVP hatte in einem Postulat eine Frist von zwei Tagen gefordert, bevor das Camp ger\u00e4umt wird. Nun hat der SP-Mann Tsch\u00e4pp\u00e4t sie von rechts \u00fcberholt. Anscheinend ist es wichtiger, die Blumenbeete der BKW in Ordnung zu bringen, als endlich das gef\u00e4hrliche AKW M\u00fchleberg aus dem Verkehr zu ziehen!\u201c<\/p>\n<p>Umso mehr freute sich Theo \u00fcber die grosse Solidarit\u00e4t, welche das Camp im Protest-Picknick heute Mittag auf dem Berner Viktoriaplatz erfahren hat. Fast 300 Menschen sind gekommen, um ein Signal gegen die unverh\u00e4ltnism\u00e4ssige R\u00e4umung zu setzen: \u201eDas macht mir Mut, dass sich unser 11-w\u00f6chiger Protest-Einsatz vor der BKW gelohnt hat und eine neue Anti-AKW-Bewegung am wachsen ist.\u201c<\/p>\n<\/div>\n<\/div>\n","protected":false},"excerpt":{"rendered":"<p>Friedliches Camp wurde dem Erdboden gleich gemacht. \u00a9 Greenpeace \/ Fojtu Heute Nacht wurde \u00fcberraschend das AKW-Protestcamp vor dem Hauptsitz des Berner Energiekonzerns BKW ger\u00e4umt. Zuletzt waren es 26 Aktivisten&hellip;<\/p>\n","protected":false},"author":23,"featured_media":14917,"comment_status":"closed","ping_status":"open","sticky":false,"template":"","format":"standard","meta":{"_acf_changed":false,"_planet4_optimize_post_is_variant":false,"_planet4_optimize_experiment_name":"","_planet4_optimize_variant_name":"","ep_exclude_from_search":false,"p4_og_title":"","p4_og_description":"","p4_og_image":"","p4_og_image_id":"","p4_seo_canonical_url":"","p4_campaign_name":"","p4_local_project":"","p4_basket_name":"","p4_department":"","footnotes":""},"categories":[1],"tags":[42],"p4-page-type":[75],"gpch-article-type":[],"class_list":["post-14914","post","type-post","status-publish","format-standard","has-post-thumbnail","hentry","category-unkategorisiert","tag-energie","p4-page-type-story"],"acf":[],"_links":{"self":[{"href":"https:\/\/www.greenpeace.ch\/de\/wp-json\/wp\/v2\/posts\/14914","targetHints":{"allow":["GET"]}}],"collection":[{"href":"https:\/\/www.greenpeace.ch\/de\/wp-json\/wp\/v2\/posts"}],"about":[{"href":"https:\/\/www.greenpeace.ch\/de\/wp-json\/wp\/v2\/types\/post"}],"author":[{"embeddable":true,"href":"https:\/\/www.greenpeace.ch\/de\/wp-json\/wp\/v2\/users\/23"}],"replies":[{"embeddable":true,"href":"https:\/\/www.greenpeace.ch\/de\/wp-json\/wp\/v2\/comments?post=14914"}],"version-history":[{"count":0,"href":"https:\/\/www.greenpeace.ch\/de\/wp-json\/wp\/v2\/posts\/14914\/revisions"}],"wp:featuredmedia":[{"embeddable":true,"href":"https:\/\/www.greenpeace.ch\/de\/wp-json\/wp\/v2\/media\/14917"}],"wp:attachment":[{"href":"https:\/\/www.greenpeace.ch\/de\/wp-json\/wp\/v2\/media?parent=14914"}],"wp:term":[{"taxonomy":"category","embeddable":true,"href":"https:\/\/www.greenpeace.ch\/de\/wp-json\/wp\/v2\/categories?post=14914"},{"taxonomy":"post_tag","embeddable":true,"href":"https:\/\/www.greenpeace.ch\/de\/wp-json\/wp\/v2\/tags?post=14914"},{"taxonomy":"p4-page-type","embeddable":true,"href":"https:\/\/www.greenpeace.ch\/de\/wp-json\/wp\/v2\/p4-page-type?post=14914"},{"taxonomy":"gpch-article-type","embeddable":true,"href":"https:\/\/www.greenpeace.ch\/de\/wp-json\/wp\/v2\/gpch-article-type?post=14914"}],"curies":[{"name":"wp","href":"https:\/\/api.w.org\/{rel}","templated":true}]}}