{"id":14923,"date":"2011-06-08T00:00:00","date_gmt":"2011-06-07T22:00:00","guid":{"rendered":"https:\/\/master.greenpeace.ch\/beitrag\/14923\/nationalrat-will-den-altreaktor-muehleberg-nicht-vom-netz-nehmen\/"},"modified":"2019-05-30T12:46:50","modified_gmt":"2019-05-30T10:46:50","slug":"nationalrat-will-den-altreaktor-muehleberg-nicht-vom-netz-nehmen","status":"publish","type":"post","link":"https:\/\/www.greenpeace.ch\/de\/story\/14923\/nationalrat-will-den-altreaktor-muehleberg-nicht-vom-netz-nehmen\/","title":{"rendered":"Nationalrat will den Altreaktor M\u00fchleberg nicht vom Netz nehmen"},"content":{"rendered":"<p><b>Leider brauchte es die furchtbare Atomkatastrophe von Fukushima, damit auch die Schweiz wieder \u00fcber die Tragbarkeit der atomaren Restrisiken diskutiert. Auch der seit langem kritisierte Alt-Reaktor in M\u00fchleberg kam damit endlich in den Fokus der Sicherheitsbeh\u00f6rden. Abkl\u00e4rungen des Eidgen\u00f6ssischen Nuklearsicherheitsinspektorats ENSI ergaben, dass vor allem die alten Reaktoren M\u00fchleberg und Beznau I und II mit gr\u00f6sseren Risiken behaftet sind. Beim AKW M\u00fchleberg sind die Brennelementlagerbecken ausserhalb des Containments nicht gen\u00fcgend gegen Erdbeben und \u00dcberflutung gesch\u00fctzt. Es fehlt eine alternative K\u00fchlmittelversorgung, falls die Wasserentnahme aus der Aare nicht m\u00f6glich ist \u2013 z.B. bei einem Dammbruch beim Wohlensee oberhalb des AKWs. Dazu kommen beim AKW\u00a0 M\u00fchleberg, das mit nun bald 40 Betriebsjahren zu den \u00e4ltesten der Welt geh\u00f6rt, Materialerm\u00fcdungen, Risse im Kernmantel (mit provisorischen Zugankern stabilisiert), Defizite durch das veraltete Reaktordesign und ein Maschinenhaus, das ebenfalls nicht erdbebensicher ist.Trotz dieser Fakten, die allen Nationalr\u00e4tinnen und Nationalr\u00e4ten bekannt sind, wurden die eingereichten Motionen, das veraltete AKW M\u00fchleberg sofort vom Netz zu nehmen, in der heutigen ausserordentlichen Session abgelehnt. Greenpeace verurteilt diesen Entscheid und das weitere Inkaufnehmen der Risiken des Alt-Reaktors und fordert, M\u00fchleberg sofort vom Netz zu nehmen.Als n\u00e4chstes wird das AKW M\u00fchleberg gegen\u00fcber dem ENSI aufzeigen m\u00fcssen, dass es auch im Hochwasserfall den sicheren Betrieb aufrechterhalten kann.<\/b><\/p>\n<div class=\"post-content\">\n<div>\n<p><img decoding=\"async\" style=\"float: left; margin-left: 5px; margin-right: 5px;\" src=\"https:\/\/www.greenpeace.ch\/static\/planet4-switzerland-stateless\/2019\/05\/e6f2c91f-e6f2c91f-23714_45542.jpg\" alt=\"\" width=\"250\">Leider brauchte es die furchtbare Atomkatastrophe von Fukushima, damit auch die Schweiz wieder \u00fcber die Tragbarkeit der atomaren Restrisiken diskutiert. Auch der seit langem kritisierte Alt-Reaktor in M\u00fchleberg kam damit endlich in den Fokus der Sicherheitsbeh\u00f6rden. Abkl\u00e4rungen des Eidgen\u00f6ssischen Nuklearsicherheitsinspektorats ENSI ergaben, dass vor allem die alten Reaktoren M\u00fchleberg und Beznau I und II mit gr\u00f6sseren Risiken behaftet sind. <br \/>Beim AKW M\u00fchleberg sind die Brennelementlagerbecken ausserhalb des Containments nicht gen\u00fcgend gegen Erdbeben und \u00dcberflutung gesch\u00fctzt. Es fehlt eine alternative K\u00fchlmittelversorgung, falls die Wasserentnahme aus der Aare nicht m\u00f6glich ist \u2013 z.B. bei einem Dammbruch beim Wohlensee oberhalb des AKWs. Dazu kommen beim AKW\u00a0 M\u00fchleberg, das mit nun bald 40 Betriebsjahren zu den \u00e4ltesten der Welt geh\u00f6rt, Materialerm\u00fcdungen, Risse im Kernmantel (mit provisorischen Zugankern stabilisiert), Defizite durch das veraltete Reaktordesign und ein Maschinenhaus, das ebenfalls nicht erdbebensicher ist.<\/p>\n<p>Trotz dieser Fakten, die allen Nationalr\u00e4tinnen und Nationalr\u00e4ten bekannt sind, wurden die eingereichten Motionen, das veraltete AKW M\u00fchleberg sofort vom Netz zu nehmen, in der heutigen ausserordentlichen Session abgelehnt. Greenpeace verurteilt diesen Entscheid und das weitere Inkaufnehmen der Risiken des Alt-Reaktors und fordert, M\u00fchleberg sofort vom Netz zu nehmen.<\/p>\n<p>Als n\u00e4chstes wird das AKW M\u00fchleberg gegen\u00fcber dem ENSI aufzeigen m\u00fcssen, dass es auch im Hochwasserfall den sicheren Betrieb aufrechterhalten kann.<\/p>\n<\/p>\n<\/div>\n<\/div>\n","protected":false},"excerpt":{"rendered":"<p>Leider brauchte es die furchtbare Atomkatastrophe von Fukushima, damit auch die Schweiz wieder \u00fcber die Tragbarkeit der atomaren Restrisiken diskutiert. Auch der seit langem kritisierte Alt-Reaktor in M\u00fchleberg kam damit&hellip;<\/p>\n","protected":false},"author":23,"featured_media":14925,"comment_status":"closed","ping_status":"open","sticky":false,"template":"","format":"standard","meta":{"_acf_changed":false,"_planet4_optimize_post_is_variant":false,"_planet4_optimize_experiment_name":"","_planet4_optimize_variant_name":"","ep_exclude_from_search":false,"p4_og_title":"","p4_og_description":"","p4_og_image":"","p4_og_image_id":"","p4_seo_canonical_url":"","p4_campaign_name":"","p4_local_project":"","p4_basket_name":"","p4_department":"","footnotes":""},"categories":[1],"tags":[50],"p4-page-type":[75],"gpch-article-type":[],"class_list":["post-14923","post","type-post","status-publish","format-standard","has-post-thumbnail","hentry","category-unkategorisiert","tag-klima","p4-page-type-story"],"acf":[],"_links":{"self":[{"href":"https:\/\/www.greenpeace.ch\/de\/wp-json\/wp\/v2\/posts\/14923","targetHints":{"allow":["GET"]}}],"collection":[{"href":"https:\/\/www.greenpeace.ch\/de\/wp-json\/wp\/v2\/posts"}],"about":[{"href":"https:\/\/www.greenpeace.ch\/de\/wp-json\/wp\/v2\/types\/post"}],"author":[{"embeddable":true,"href":"https:\/\/www.greenpeace.ch\/de\/wp-json\/wp\/v2\/users\/23"}],"replies":[{"embeddable":true,"href":"https:\/\/www.greenpeace.ch\/de\/wp-json\/wp\/v2\/comments?post=14923"}],"version-history":[{"count":0,"href":"https:\/\/www.greenpeace.ch\/de\/wp-json\/wp\/v2\/posts\/14923\/revisions"}],"wp:featuredmedia":[{"embeddable":true,"href":"https:\/\/www.greenpeace.ch\/de\/wp-json\/wp\/v2\/media\/14925"}],"wp:attachment":[{"href":"https:\/\/www.greenpeace.ch\/de\/wp-json\/wp\/v2\/media?parent=14923"}],"wp:term":[{"taxonomy":"category","embeddable":true,"href":"https:\/\/www.greenpeace.ch\/de\/wp-json\/wp\/v2\/categories?post=14923"},{"taxonomy":"post_tag","embeddable":true,"href":"https:\/\/www.greenpeace.ch\/de\/wp-json\/wp\/v2\/tags?post=14923"},{"taxonomy":"p4-page-type","embeddable":true,"href":"https:\/\/www.greenpeace.ch\/de\/wp-json\/wp\/v2\/p4-page-type?post=14923"},{"taxonomy":"gpch-article-type","embeddable":true,"href":"https:\/\/www.greenpeace.ch\/de\/wp-json\/wp\/v2\/gpch-article-type?post=14923"}],"curies":[{"name":"wp","href":"https:\/\/api.w.org\/{rel}","templated":true}]}}