{"id":14931,"date":"2011-06-09T00:00:00","date_gmt":"2011-06-08T22:00:00","guid":{"rendered":"https:\/\/master.greenpeace.ch\/beitrag\/14931\/nationalrat-zu-erneuerbare-energien-und-effizienz-stromfresser-weg-erneuerbare-auf-dem-vormarsch\/"},"modified":"2019-05-30T12:47:21","modified_gmt":"2019-05-30T10:47:21","slug":"nationalrat-zu-erneuerbare-energien-und-effizienz-stromfresser-weg-erneuerbare-auf-dem-vormarsch","status":"publish","type":"post","link":"https:\/\/www.greenpeace.ch\/de\/story\/14931\/nationalrat-zu-erneuerbare-energien-und-effizienz-stromfresser-weg-erneuerbare-auf-dem-vormarsch\/","title":{"rendered":"Nationalrat zu erneuerbare Energien und Effizienz: Stromfresser weg, Erneuerbare auf dem Vormarsch"},"content":{"rendered":"<p><b><\/b><\/p>\n<div class=\"post-content\">\n<div>\n<p><!-- START DYNAMIC CONTENT --><\/p>\n<div class=\"events-box big-box left\">\n<div class=\"frame\">\n        <a class=\"open-img EnlargeImage\" href=\"\/switzerland\/Global\/switzerland\/photos\/energy\/erneuerbare\/jugendsolar.jpeg\" title=\"Jugendsolar\"><br \/>\n            <img decoding=\"async\" id=\"ctl00_cphContentArea_epiEntryContent_ctl00_ctl02_Image1\" title=\"Jugendsolar\" class=\"Thumbnail\" src=\"https:\/\/www.greenpeace.ch\/wp-content\/uploads\/2017\/01\/jugendsolar.jpg\" alt=\"Jugendsolar\" style=\"border-width:0px;\"><\/p>\n<p>        <\/a>\n    <\/div>\n<div class=\"events-content\">\n        <span class=\"date\"><\/span><br \/>\n        <strong>Jugendsolar<\/strong><\/p>\n<p>\n            \u00a9 Jugendsolar by Greenpeace\n        <\/p>\n<\/p>\n<\/div>\n<\/div>\n<p> <!-- END DYNAMIC CONTENT --><\/p>\n<p>Der Nationalrat hat heute seine Debatte zum Thema erneuerbare Energien in der Sondersession \u201eKernenergie und erneuerbare Energien\u201c fortgesetzt (<a href=\"\/switzerland\/de\/News_Stories\/Newsblog\/atomausstieg-im-nationalrat-grosser-lernschri\/blog\/35192\">vgl. news vom 8. Juni<\/a>). Nachdem er gestern den Atomausstiegs-Beschluss des Bundesrates best\u00e4tigt hat, wurden heute einige wichtige Beschl\u00fcsse zum Einstieg in die sichere, \u00f6kologische und wirtschaftliche Stromzukunft gefasst.<\/p>\n<p>Sehr erfreulich ist, dass der Nationalrat die veralteten und stromverschwendenden Elektroheizungen nun endlich ersetzt m\u00f6chte \u2013 allerdings erst bis 2025, was rascher vollzogen werden sollte. Zudem sollen Sondertarife abgeschafft werden, die bisher Elektroheizungen und Elektroboiler bevorzugt haben. Zugestimmt hat der Nationalrat ebenso einer Best-Ger\u00e4te-Strategie, welche nur die besten Elektroger\u00e4te zul\u00e4sst.<\/p>\n<p>Greenpeace begr\u00fcsst das deutliche JA zur F\u00f6rderung von erneuerbaren Energien. Der bisher behindernde KEV-Deckel (aktuell 0.6 rp\/kWh; 0.9 rp\/kWh ab 2013) soll entfernt werden, damit fortschrittliche Projekte ungehindert umgesetzt werden k\u00f6nnen. Greenpeace hat zusammen mit anderen Umweltverb\u00e4nden berechnet, dass der Zuschlag f\u00fcr die kostendeckende Einspeiseverg\u00fctung dadurch maximal auf rd. 3 Rappen pro Kilowattstunde steigt. <\/p>\n<p>Einige wichtige Massnahmen zum Einstieg in die sichere, erneuerbare Zukunft wurden jedoch abgelehnt. Die Lenkungsabgabe auf Strom ist laut \u00d6konomen das effizienteste und kostenwirksamste Instrument, um Elektrizit\u00e4t einzusparen. Sie hat eine grosse Wirkung und tut niemandem weh, da die Abgabe an Konsumenten zur\u00fcckerstattet wird. Ebenso wurden ein Stromeffizienzfonds und der Forschungsrappen abgelehnt, mit welchem die Stromeffizienz und Erneuerbare gef\u00f6rdert werden k\u00f6nnten.<\/p>\n<p>Ebenso entt\u00e4uschend ist, dass der Nationalrat den Stromversorgern weiterhin freie Hand lassen will, den Stromabsatz in die H\u00f6he zu treiben. Indem Stromversorger in die Pflicht genommen werden und einen Effizienzauftrag erhalten, k\u00f6nnte viel erreicht werden um das Stromeffizienzpotenzial auszusch\u00f6pfen. <\/p>\n<p>Sehr stossend ist, dass das Verbandsbeschwerderecht bei Energieprojekten ausgehebelt werden soll und damit die Gefahr besteht, geltendes Gesetz zu beschneiden. Damit schadet der Nationalrat dem Umwelt- und Naturschutz. Der Ausbau der erneuerbaren Energien muss nicht auf Kosten des Naturschutzes umgesetzt werden. Die Potenziale sind gen\u00fcgend gross, um ausschliesslich naturvertr\u00e4gliche Projekte umzusetzen. Ausserdem geht der Nationalrat von der irrt\u00fcmlichen Annahme aus, es seien in nennenswertem Umfang Energieprojekte durch Verbandsbeschwerden blockiert. Das Gegenteil ist der Fall.<\/p>\n<p>Nun ist der St\u00e4nderat gefordert, sowohl die entscheidenden Massnahmen zu best\u00e4tigen als auch entsprechende Korrekturen anzubringen, um die wichtigen Schritte in die sichere und erneuerbare Stromzukunft zu vollziehen.<\/p>\n<\/div>\n<\/div>\n","protected":false},"excerpt":{"rendered":"<p>Jugendsolar \u00a9 Jugendsolar by Greenpeace Der Nationalrat hat heute seine Debatte zum Thema erneuerbare Energien in der Sondersession \u201eKernenergie und erneuerbare Energien\u201c fortgesetzt (vgl. news vom 8. Juni). Nachdem er&hellip;<\/p>\n","protected":false},"author":23,"featured_media":14933,"comment_status":"closed","ping_status":"open","sticky":false,"template":"","format":"standard","meta":{"_acf_changed":false,"_planet4_optimize_post_is_variant":false,"_planet4_optimize_experiment_name":"","_planet4_optimize_variant_name":"","ep_exclude_from_search":false,"p4_og_title":"","p4_og_description":"","p4_og_image":"","p4_og_image_id":"","p4_seo_canonical_url":"","p4_campaign_name":"","p4_local_project":"","p4_basket_name":"","p4_department":"","footnotes":""},"categories":[1],"tags":[42],"p4-page-type":[75],"gpch-article-type":[],"class_list":["post-14931","post","type-post","status-publish","format-standard","has-post-thumbnail","hentry","category-unkategorisiert","tag-energie","p4-page-type-story"],"acf":[],"_links":{"self":[{"href":"https:\/\/www.greenpeace.ch\/de\/wp-json\/wp\/v2\/posts\/14931","targetHints":{"allow":["GET"]}}],"collection":[{"href":"https:\/\/www.greenpeace.ch\/de\/wp-json\/wp\/v2\/posts"}],"about":[{"href":"https:\/\/www.greenpeace.ch\/de\/wp-json\/wp\/v2\/types\/post"}],"author":[{"embeddable":true,"href":"https:\/\/www.greenpeace.ch\/de\/wp-json\/wp\/v2\/users\/23"}],"replies":[{"embeddable":true,"href":"https:\/\/www.greenpeace.ch\/de\/wp-json\/wp\/v2\/comments?post=14931"}],"version-history":[{"count":0,"href":"https:\/\/www.greenpeace.ch\/de\/wp-json\/wp\/v2\/posts\/14931\/revisions"}],"wp:featuredmedia":[{"embeddable":true,"href":"https:\/\/www.greenpeace.ch\/de\/wp-json\/wp\/v2\/media\/14933"}],"wp:attachment":[{"href":"https:\/\/www.greenpeace.ch\/de\/wp-json\/wp\/v2\/media?parent=14931"}],"wp:term":[{"taxonomy":"category","embeddable":true,"href":"https:\/\/www.greenpeace.ch\/de\/wp-json\/wp\/v2\/categories?post=14931"},{"taxonomy":"post_tag","embeddable":true,"href":"https:\/\/www.greenpeace.ch\/de\/wp-json\/wp\/v2\/tags?post=14931"},{"taxonomy":"p4-page-type","embeddable":true,"href":"https:\/\/www.greenpeace.ch\/de\/wp-json\/wp\/v2\/p4-page-type?post=14931"},{"taxonomy":"gpch-article-type","embeddable":true,"href":"https:\/\/www.greenpeace.ch\/de\/wp-json\/wp\/v2\/gpch-article-type?post=14931"}],"curies":[{"name":"wp","href":"https:\/\/api.w.org\/{rel}","templated":true}]}}