{"id":14944,"date":"2011-05-30T00:00:00","date_gmt":"2011-05-29T22:00:00","guid":{"rendered":"https:\/\/master.greenpeace.ch\/beitrag\/14944\/deutschland-macht-ernst-mit-dem-atomausstieg\/"},"modified":"2019-05-30T12:47:41","modified_gmt":"2019-05-30T10:47:41","slug":"deutschland-macht-ernst-mit-dem-atomausstieg","status":"publish","type":"post","link":"https:\/\/www.greenpeace.ch\/de\/story\/14944\/deutschland-macht-ernst-mit-dem-atomausstieg\/","title":{"rendered":"Deutschland macht ernst mit dem Atomausstieg"},"content":{"rendered":"<p><b>Die globale Debatte zur internationalen Energiepolitik und der Stromversorgung der Zukunft hat einen kr\u00e4ftigen Schub erhalten: Deutschland will bis 2022 aus der Atomkraft aussteigen.<\/b><\/p>\n<div class=\"post-content\">\n<div>\n<p>Die globale Debatte zur internationalen Energiepolitik und der Stromversorgung der Zukunft hat einen kr\u00e4ftigen Schub erhalten: Deutschland will bis 2022 aus der Atomkraft aussteigen.<\/p>\n<p>Die sieben \u00e4ltesten, als Folge der Katastrophe von Fukushima abgeschalteten Atomkraftwerke und das hoch umstrittene Kernkraftwerk Kr\u00fcmmel sollen nicht wieder ans Netz gehen. Die sechs Reaktoren &#171;mittleren Alters&#187; laufen bis 2021. Die drei modernsten Atomkraftwerke sollen noch als Sicherheitspuffer genutzt werden k\u00f6nnen und sp\u00e4testens 2022 abgeschaltet werden. Die Brennelementsteuer bleibt erhalten.<\/p>\n<p>Die Koalition macht mit diesem als &#171;nicht revidierbar&#187; bezeichneten Entscheid den Ausstieg aus dem Ausstieg r\u00fcckg\u00e4ngig, den sie letzten Herbst mit Laufzeitverl\u00e4ngerungen beschlossen hatte.<\/p>\n<p>F\u00fcr Greenpeace Deutschland ist ein Ausstieg bis 2022 nicht der ,schnellstm\u00f6gliche&#8216;, den Bundeskanzlerin Merkel versprochen hatte. Ein solcher w\u00e4re gem\u00e4ss Energieexperte Tobias M\u00fcnchmeyer innerhalb von vier Jahren ohne Abstriche bei der Versorgungssicherheit m\u00f6glich. Greenpeace fordert von Bundeskanzlerin Merkel, bis 2015 aus der Atomkraft auszusteigen, fixe Abschaltdaten ohne Hintert\u00fcrchen f\u00fcr jeden Atommeiler festzulegen und kein Atomkraftwerk als Kaltreserve in Betrieb zu lassen.<\/p>\n<\/div>\n<\/div>\n","protected":false},"excerpt":{"rendered":"<p>Die globale Debatte zur internationalen Energiepolitik und der Stromversorgung der Zukunft hat einen kr\u00e4ftigen Schub erhalten: Deutschland will bis 2022 aus der Atomkraft aussteigen. Die globale Debatte zur internationalen Energiepolitik&hellip;<\/p>\n","protected":false},"author":23,"featured_media":0,"comment_status":"closed","ping_status":"open","sticky":false,"template":"","format":"standard","meta":{"_acf_changed":false,"_planet4_optimize_post_is_variant":false,"_planet4_optimize_experiment_name":"","_planet4_optimize_variant_name":"","ep_exclude_from_search":false,"p4_og_title":"","p4_og_description":"","p4_og_image":"","p4_og_image_id":"","p4_seo_canonical_url":"","p4_campaign_name":"","p4_local_project":"","p4_basket_name":"","p4_department":"","footnotes":""},"categories":[1],"tags":[42],"p4-page-type":[75],"gpch-article-type":[],"class_list":["post-14944","post","type-post","status-publish","format-standard","hentry","category-unkategorisiert","tag-energie","p4-page-type-story"],"acf":[],"_links":{"self":[{"href":"https:\/\/www.greenpeace.ch\/de\/wp-json\/wp\/v2\/posts\/14944","targetHints":{"allow":["GET"]}}],"collection":[{"href":"https:\/\/www.greenpeace.ch\/de\/wp-json\/wp\/v2\/posts"}],"about":[{"href":"https:\/\/www.greenpeace.ch\/de\/wp-json\/wp\/v2\/types\/post"}],"author":[{"embeddable":true,"href":"https:\/\/www.greenpeace.ch\/de\/wp-json\/wp\/v2\/users\/23"}],"replies":[{"embeddable":true,"href":"https:\/\/www.greenpeace.ch\/de\/wp-json\/wp\/v2\/comments?post=14944"}],"version-history":[{"count":0,"href":"https:\/\/www.greenpeace.ch\/de\/wp-json\/wp\/v2\/posts\/14944\/revisions"}],"wp:attachment":[{"href":"https:\/\/www.greenpeace.ch\/de\/wp-json\/wp\/v2\/media?parent=14944"}],"wp:term":[{"taxonomy":"category","embeddable":true,"href":"https:\/\/www.greenpeace.ch\/de\/wp-json\/wp\/v2\/categories?post=14944"},{"taxonomy":"post_tag","embeddable":true,"href":"https:\/\/www.greenpeace.ch\/de\/wp-json\/wp\/v2\/tags?post=14944"},{"taxonomy":"p4-page-type","embeddable":true,"href":"https:\/\/www.greenpeace.ch\/de\/wp-json\/wp\/v2\/p4-page-type?post=14944"},{"taxonomy":"gpch-article-type","embeddable":true,"href":"https:\/\/www.greenpeace.ch\/de\/wp-json\/wp\/v2\/gpch-article-type?post=14944"}],"curies":[{"name":"wp","href":"https:\/\/api.w.org\/{rel}","templated":true}]}}