{"id":14970,"date":"2011-05-19T00:00:00","date_gmt":"2011-05-18T22:00:00","guid":{"rendered":"https:\/\/master.greenpeace.ch\/beitrag\/14970\/gruene-ausstiegsinitiative-gefordert-ist-jetzt-das-parlament\/"},"modified":"2019-05-30T12:48:25","modified_gmt":"2019-05-30T10:48:25","slug":"gruene-ausstiegsinitiative-gefordert-ist-jetzt-das-parlament","status":"publish","type":"post","link":"https:\/\/www.greenpeace.ch\/de\/story\/14970\/gruene-ausstiegsinitiative-gefordert-ist-jetzt-das-parlament\/","title":{"rendered":"Gr\u00fcne Ausstiegsinitiative: Gefordert ist jetzt das Parlament"},"content":{"rendered":"<p><b>Die Gr\u00fcnen haben heute eine Initiative lanciert, die der Schweizer  Bev\u00f6lkerung die M\u00f6glichkeit gibt, sich f\u00fcr einen Atomausstieg  auszusprechen. Zun\u00e4chst liegt es jetzt aber in der Hand des Parlaments,\u00a0 sofort  den Ausstieg zu beschliessen.<\/b><\/p>\n<div class=\"post-content\">\n<div>\n<p><strong><img decoding=\"async\" style=\"float: left; margin-left: 5px; margin-right: 5px;\" src=\"https:\/\/www.greenpeace.ch\/static\/planet4-switzerland-stateless\/2019\/05\/24b2a009-24b2a009-10519_17269.jpg\" alt=\"\" width=\"250\">Die Gr\u00fcnen haben heute eine Initiative lanciert, die der Schweizer  Bev\u00f6lkerung die M\u00f6glichkeit gibt, sich f\u00fcr einen Atomausstieg  auszusprechen. Zun\u00e4chst liegt es jetzt aber in der Hand des Parlaments,\u00a0 sofort  den Ausstieg zu beschliessen.<\/strong><\/p>\n<p><strong><br \/><\/strong>Bis es zu einer Volksabstimmung kommt, dauert es Jahre. Die Entscheidung f\u00fcr den Ausstieg aus der gef\u00e4hrlichen Atomenergie soll jetzt fallen. Seit der Atomkatastrophe in Fukushima zeigen s\u00e4mtliche Umfragen, dass die Mehrheit der Schweizer Bev\u00f6lkerung das atomare Risiko nicht mehr tragen will. Bundesrat und Parlament m\u00fcssen jetzt Verantwortung \u00fcbernehmen, sich zum Atomausstieg bekennen und in der Schweiz das Zeitalter der Erneuerbaren Energien einleiten. Dieser Entscheid muss in der Sondersession im Juni fallen. <\/p>\n<p>Der Verweis auf eine kommende Volksabstimmung darf den Volksvertretern nicht als Hintert\u00fcr dienen, um sich vor einer klaren Entscheidung zu dr\u00fccken, sondern soll die Dringlichkeit des Anliegens unterstreichen.<br \/>Zusammen mit anderen Umweltverb\u00e4nden hat Greenpeace aufgezeigt, <a href=\"http:\/\/www.greenpeace.org\/switzerland\/de\/Kampagnen\/Stromzukunft-Schweiz\/Stromversorgung\/\" target=\"_blank\" rel=\"noopener noreferrer\">wie die Elektrizit\u00e4tsversorgung bis 2025 mit Sonnen- , Wind-, Wasser- und Biomassestrom und mehr Effizienz gesichert werden kann<\/a>. Realistische Szenarien zum Ausstieg aus der Atomenergie gibt es genug. Sie sind um so realistischer, wenn das Parlament die entscheidenden Massnahmen noch in diesem Fr\u00fchsommer beschliesst. <\/p>\n<\/div>\n<\/div>\n","protected":false},"excerpt":{"rendered":"<p>Die Gr\u00fcnen haben heute eine Initiative lanciert, die der Schweizer Bev\u00f6lkerung die M\u00f6glichkeit gibt, sich f\u00fcr einen Atomausstieg auszusprechen. Zun\u00e4chst liegt es jetzt aber in der Hand des Parlaments,\u00a0 sofort&hellip;<\/p>\n","protected":false},"author":23,"featured_media":14972,"comment_status":"closed","ping_status":"open","sticky":false,"template":"","format":"standard","meta":{"_acf_changed":false,"_planet4_optimize_post_is_variant":false,"_planet4_optimize_experiment_name":"","_planet4_optimize_variant_name":"","ep_exclude_from_search":false,"p4_og_title":"","p4_og_description":"","p4_og_image":"","p4_og_image_id":"","p4_seo_canonical_url":"","p4_campaign_name":"","p4_local_project":"","p4_basket_name":"","p4_department":"","footnotes":""},"categories":[1],"tags":[42],"p4-page-type":[75],"gpch-article-type":[],"class_list":["post-14970","post","type-post","status-publish","format-standard","has-post-thumbnail","hentry","category-unkategorisiert","tag-energie","p4-page-type-story"],"acf":[],"_links":{"self":[{"href":"https:\/\/www.greenpeace.ch\/de\/wp-json\/wp\/v2\/posts\/14970","targetHints":{"allow":["GET"]}}],"collection":[{"href":"https:\/\/www.greenpeace.ch\/de\/wp-json\/wp\/v2\/posts"}],"about":[{"href":"https:\/\/www.greenpeace.ch\/de\/wp-json\/wp\/v2\/types\/post"}],"author":[{"embeddable":true,"href":"https:\/\/www.greenpeace.ch\/de\/wp-json\/wp\/v2\/users\/23"}],"replies":[{"embeddable":true,"href":"https:\/\/www.greenpeace.ch\/de\/wp-json\/wp\/v2\/comments?post=14970"}],"version-history":[{"count":0,"href":"https:\/\/www.greenpeace.ch\/de\/wp-json\/wp\/v2\/posts\/14970\/revisions"}],"wp:featuredmedia":[{"embeddable":true,"href":"https:\/\/www.greenpeace.ch\/de\/wp-json\/wp\/v2\/media\/14972"}],"wp:attachment":[{"href":"https:\/\/www.greenpeace.ch\/de\/wp-json\/wp\/v2\/media?parent=14970"}],"wp:term":[{"taxonomy":"category","embeddable":true,"href":"https:\/\/www.greenpeace.ch\/de\/wp-json\/wp\/v2\/categories?post=14970"},{"taxonomy":"post_tag","embeddable":true,"href":"https:\/\/www.greenpeace.ch\/de\/wp-json\/wp\/v2\/tags?post=14970"},{"taxonomy":"p4-page-type","embeddable":true,"href":"https:\/\/www.greenpeace.ch\/de\/wp-json\/wp\/v2\/p4-page-type?post=14970"},{"taxonomy":"gpch-article-type","embeddable":true,"href":"https:\/\/www.greenpeace.ch\/de\/wp-json\/wp\/v2\/gpch-article-type?post=14970"}],"curies":[{"name":"wp","href":"https:\/\/api.w.org\/{rel}","templated":true}]}}