{"id":14996,"date":"2011-04-29T00:00:00","date_gmt":"2011-04-28T22:00:00","guid":{"rendered":"https:\/\/master.greenpeace.ch\/beitrag\/14996\/greenpeace-chef-schreibt-an-japanischen-premier\/"},"modified":"2019-05-30T12:49:03","modified_gmt":"2019-05-30T10:49:03","slug":"greenpeace-chef-schreibt-an-japanischen-premier","status":"publish","type":"post","link":"https:\/\/www.greenpeace.ch\/de\/story\/14996\/greenpeace-chef-schreibt-an-japanischen-premier\/","title":{"rendered":"Greenpeace-Chef schreibt an japanischen Premier"},"content":{"rendered":"<p><b>In einem Brief an den japanischen Premier Kan bittet Greenpeace-Chef Kumi Naidoo, der Rainbow Warrior II Zugang zu den Gew\u00e4ssern vor Fukushima zu gew\u00e4hren. Gestern hatte die japanische Regierung dem Greenpeace-Schiff verboten, dort Messungen durchzuf\u00fchren.<\/b><\/p>\n<div class=\"post-content\">\n<div>\n<p><strong>In einem Brief an den japanischen Premier Kan bittet Greenpeace-Chef Kumi Naidoo, der Rainbow Warrior II Zugang zu den Gew\u00e4ssern vor Fukushima zu gew\u00e4hren. Gestern hatte die japanische Regierung dem Greenpeace-Schiff verboten, dort Messungen durchzuf\u00fchren.<\/strong><\/p>\n<p><img decoding=\"async\" style=\"float: left; border: 0; margin-left: 5px; margin-right: 5px;\" src=\"https:\/\/www.greenpeace.ch\/static\/planet4-switzerland-stateless\/2019\/05\/6753aecd-6753aecd-22086_42089.jpg\" alt=\"Kumi Naidoo\" width=\"200\">Bis gestern war das Greenpeace-Schiff &#171;Rainbow Warrior II&#187; unterwegs in die Gew\u00e4sser von Fukushima. Dort wollte die Crew unabh\u00e4ngige Messungen im radioaktiv verseuchten Meer vornehmen. Allein, die Regierung war dagegen.<\/p>\n<p>Heute schrieb der Direktor von Greenpeace International an den japanischen Premierminister Kan. In seinem Brief bittet Naidoo ihn, auf die Entscheidung zur\u00fcckzukommen. Gleichzeitig weist er auf die Leistungen hin, die Greenpeace mit seinem <a title=\"Fotos zu Greenpeace-Messungen\" href=\"http:\/\/www.greenpeace.org\/switzerland\/de\/Multimedia\/Fotos\/Radioaktivitatmessungen-in-Japan\/\" target=\"_blank\" rel=\"noopener noreferrer\">Messeteam an Land<\/a> rund um die Sperrzone durchgef\u00fchrt hatte: Beh\u00f6rden und \u00d6ffentlichkeit zogen einen grossen Nutzen aus den gewonnen Daten.<\/p>\n<p>&#171;Es ist in diesen Zeiten wichtig&#187;, schreibt Naidoo, &#171;dem japanischen Volk unabh\u00e4ngige und transparente Informationen zu liefern. Greenpeace steht bereit, um seine volle Solidarit\u00e4t anzubieten und die Anstrengungen der japanischen Regierung und Zivilgesellschaft um Gesundheit und Lebensgrundlagen der Menschen zu erg\u00e4nzen.&#187;<\/p>\n<p><!-- START DYNAMIC CONTENT --><\/p>\n<div class=\"listings items multy-border\">\n<h3 title=\"Download\">Download<\/h3>\n<div class=\"\">\n<ul>\n<li class=\"flexible-height\">\n    <a title=\"Brief von Kumi Naidoo an jap. Premierminister\" href=\"https:\/\/www.greenpeace.ch\/wp-content\/uploads\/2017\/01\/110429-Kumi-Naidoo-letter-to-PM-Kan.pdf\">Brief von Kumi Naidoo an jap. Premierminister<\/a>\t<\/p>\n<p class=\"contenttype\">Dokument<\/p>\n<\/li>\n<\/ul>\n<\/div>\n<\/div>\n<p> <!-- END DYNAMIC CONTENT -->\n<\/div>\n<\/p>\n<\/div>\n","protected":false},"excerpt":{"rendered":"<p>In einem Brief an den japanischen Premier Kan bittet Greenpeace-Chef Kumi Naidoo, der Rainbow Warrior II Zugang zu den Gew\u00e4ssern vor Fukushima zu gew\u00e4hren. Gestern hatte die japanische Regierung dem&hellip;<\/p>\n","protected":false},"author":23,"featured_media":14998,"comment_status":"closed","ping_status":"open","sticky":false,"template":"","format":"standard","meta":{"_acf_changed":false,"_planet4_optimize_post_is_variant":false,"_planet4_optimize_experiment_name":"","_planet4_optimize_variant_name":"","ep_exclude_from_search":false,"p4_og_title":"","p4_og_description":"","p4_og_image":"","p4_og_image_id":"","p4_seo_canonical_url":"","p4_campaign_name":"","p4_local_project":"","p4_basket_name":"","p4_department":"","footnotes":""},"categories":[1],"tags":[41],"p4-page-type":[75],"gpch-article-type":[],"class_list":["post-14996","post","type-post","status-publish","format-standard","has-post-thumbnail","hentry","category-unkategorisiert","tag-meer","p4-page-type-story"],"acf":[],"_links":{"self":[{"href":"https:\/\/www.greenpeace.ch\/de\/wp-json\/wp\/v2\/posts\/14996","targetHints":{"allow":["GET"]}}],"collection":[{"href":"https:\/\/www.greenpeace.ch\/de\/wp-json\/wp\/v2\/posts"}],"about":[{"href":"https:\/\/www.greenpeace.ch\/de\/wp-json\/wp\/v2\/types\/post"}],"author":[{"embeddable":true,"href":"https:\/\/www.greenpeace.ch\/de\/wp-json\/wp\/v2\/users\/23"}],"replies":[{"embeddable":true,"href":"https:\/\/www.greenpeace.ch\/de\/wp-json\/wp\/v2\/comments?post=14996"}],"version-history":[{"count":0,"href":"https:\/\/www.greenpeace.ch\/de\/wp-json\/wp\/v2\/posts\/14996\/revisions"}],"wp:featuredmedia":[{"embeddable":true,"href":"https:\/\/www.greenpeace.ch\/de\/wp-json\/wp\/v2\/media\/14998"}],"wp:attachment":[{"href":"https:\/\/www.greenpeace.ch\/de\/wp-json\/wp\/v2\/media?parent=14996"}],"wp:term":[{"taxonomy":"category","embeddable":true,"href":"https:\/\/www.greenpeace.ch\/de\/wp-json\/wp\/v2\/categories?post=14996"},{"taxonomy":"post_tag","embeddable":true,"href":"https:\/\/www.greenpeace.ch\/de\/wp-json\/wp\/v2\/tags?post=14996"},{"taxonomy":"p4-page-type","embeddable":true,"href":"https:\/\/www.greenpeace.ch\/de\/wp-json\/wp\/v2\/p4-page-type?post=14996"},{"taxonomy":"gpch-article-type","embeddable":true,"href":"https:\/\/www.greenpeace.ch\/de\/wp-json\/wp\/v2\/gpch-article-type?post=14996"}],"curies":[{"name":"wp","href":"https:\/\/api.w.org\/{rel}","templated":true}]}}